{"id":14801,"date":"2023-04-02T10:34:28","date_gmt":"2023-04-02T16:34:28","guid":{"rendered":"https:\/\/apan.gob.mx\/portal\/?p=14801"},"modified":"2023-04-13T10:56:37","modified_gmt":"2023-04-13T16:56:37","slug":"los-marcianos-no-llegaron-a-apan-pero-los-terricolas-y-los-pasteles-verdes-cautivaron-el-foro-del-pueblo-de-la-feria-del-maguey-y-la-cebada-apan-2023","status":"publish","type":"post","link":"https:\/\/apan.gob.mx\/portal\/2023\/04\/02\/los-marcianos-no-llegaron-a-apan-pero-los-terricolas-y-los-pasteles-verdes-cautivaron-el-foro-del-pueblo-de-la-feria-del-maguey-y-la-cebada-apan-2023\/","title":{"rendered":"Los marcianos no llegaron a Apan&#8230; pero los Terr\u00edcolas y los Pasteles Verdes cautivaron el foro del pueblo de la Feria del Maguey y la Cebada Apan 2023"},"content":{"rendered":"\n<p>Cientos de familias disfrutaron de una noche rom\u00e1ntica<\/p>\n\n\n\n<p>Esta noche el p\u00fablico apanense y visitantes recordaron los \u00e9xitos de dos agrupaciones que dejaron huella en la historia musical de M\u00e9xico y el <a><\/a>mundo; Los pasteles verdes y los terr\u00edcolas. Bandas que dieron muestra de su talento y legado al mantener a un p\u00fablico entusiasta y emotivo en el foro del pueblo de la tradicional feria de Apan.<\/p>\n\n\n\n<p>La feria del Maguey y la cebada los espera con brazos abiertos.<\/p>\n\n\n\n<p><a href=\"https:\/\/www.facebook.com\/hashtag\/visitapan?__eep__=6&amp;__cft__[0]=AZV0cAwAhWC10lyHGRaqGPdJs22JHOwN_WK_2g-xyJUGTmexOI77OWM2O0NPTebvdU6om0mvERxgCUYBxHCty5TnT0q3XjMJeR6Jfwu0pv6RtdNWPkxAK9AhzXqe9AhE3teIO1VE2lyPt4ua3SuqK25JUIH4cM_polIjOKsBuEMSNcHT0MMHP07b3F7QLMuI03_75djdbBMNy6bEJ_HMy8ia&amp;__tn__=*NK-R\">#VisitApan<\/a> hoy, ma\u00f1ana y todos los d\u00edas<\/p>\n\n\n\n<figure class=\"wp-block-gallery has-nested-images columns-default is-cropped wp-block-gallery-1 is-layout-flex wp-block-gallery-is-layout-flex\">\n<figure class=\"wp-block-image size-large\"><img data-recalc-dims=\"1\" fetchpriority=\"high\" decoding=\"async\" width=\"683\" height=\"1024\" data-id=\"14803\" src=\"https:\/\/i0.wp.com\/apan.gob.mx\/portal\/wp-content\/uploads\/2023\/04\/339408607_1343553516201687_9079253156914080242_n.jpg?resize=683%2C1024&#038;ssl=1\" alt=\"\" class=\"wp-image-14803\" srcset=\"https:\/\/i0.wp.com\/apan.gob.mx\/portal\/wp-content\/uploads\/2023\/04\/339408607_1343553516201687_9079253156914080242_n.jpg?resize=683%2C1024&amp;ssl=1 683w, https:\/\/i0.wp.com\/apan.gob.mx\/portal\/wp-content\/uploads\/2023\/04\/339408607_1343553516201687_9079253156914080242_n.jpg?resize=200%2C300&amp;ssl=1 200w, https:\/\/i0.wp.com\/apan.gob.mx\/portal\/wp-content\/uploads\/2023\/04\/339408607_1343553516201687_9079253156914080242_n.jpg?resize=768%2C1152&amp;ssl=1 768w, https:\/\/i0.wp.com\/apan.gob.mx\/portal\/wp-content\/uploads\/2023\/04\/339408607_1343553516201687_9079253156914080242_n.jpg?resize=1024%2C1536&amp;ssl=1 1024w, https:\/\/i0.wp.com\/apan.gob.mx\/portal\/wp-content\/uploads\/2023\/04\/339408607_1343553516201687_9079253156914080242_n.jpg?w=1365&amp;ssl=1 1365w\" sizes=\"(max-width: 683px) 100vw, 683px\" \/><\/figure>\n\n\n\n<figure class=\"wp-block-image size-large\"><img data-recalc-dims=\"1\" decoding=\"async\" width=\"707\" height=\"1024\" data-id=\"14804\" src=\"https:\/\/i0.wp.com\/apan.gob.mx\/portal\/wp-content\/uploads\/2023\/04\/339307896_197995332947095_8056710964935714255_n.jpg?resize=707%2C1024&#038;ssl=1\" alt=\"\" class=\"wp-image-14804\" srcset=\"https:\/\/i0.wp.com\/apan.gob.mx\/portal\/wp-content\/uploads\/2023\/04\/339307896_197995332947095_8056710964935714255_n.jpg?resize=707%2C1024&amp;ssl=1 707w, https:\/\/i0.wp.com\/apan.gob.mx\/portal\/wp-content\/uploads\/2023\/04\/339307896_197995332947095_8056710964935714255_n.jpg?resize=207%2C300&amp;ssl=1 207w, https:\/\/i0.wp.com\/apan.gob.mx\/portal\/wp-content\/uploads\/2023\/04\/339307896_197995332947095_8056710964935714255_n.jpg?resize=768%2C1112&amp;ssl=1 768w, https:\/\/i0.wp.com\/apan.gob.mx\/portal\/wp-content\/uploads\/2023\/04\/339307896_197995332947095_8056710964935714255_n.jpg?resize=1061%2C1536&amp;ssl=1 1061w, https:\/\/i0.wp.com\/apan.gob.mx\/portal\/wp-content\/uploads\/2023\/04\/339307896_197995332947095_8056710964935714255_n.jpg?w=1414&amp;ssl=1 1414w\" sizes=\"(max-width: 707px) 100vw, 707px\" \/><\/figure>\n<\/figure>\n","protected":false},"excerpt":{"rendered":"<p>Cientos de familias disfrutaron de una noche rom\u00e1ntica Esta noche el p\u00fablico apanense y visitantes recordaron los \u00e9xitos de dos agrupaciones que dejaron huella en la historia musical de M\u00e9xico y el mundo; Los pasteles verdes y los terr\u00edcolas. Bandas que dieron muestra de su talento y legado al mantener a un p\u00fablico entusiasta y [&hellip;]<\/p>\n","protected":false},"author":4,"featured_media":14802,"comment_status":"closed","ping_status":"closed","sticky":false,"template":"","format":"standard","meta":{"_jetpack_memberships_contains_paid_content":false,"footnotes":""},"categories":[1],"tags":[],"class_list":["post-14801","post","type-post","status-publish","format-standard","has-post-thumbnail","hentry","category-uncategorized"],"jetpack_featured_media_url":"https:\/\/i0.wp.com\/apan.gob.mx\/portal\/wp-content\/uploads\/2023\/04\/339333171_1828581740860382_6982046477715430781_n.jpg?fit=2048%2C1365&ssl=1","jetpack_sharing_enabled":true,"_links":{"self":[{"href":"https:\/\/apan.gob.mx\/portal\/wp-json\/wp\/v2\/posts\/14801","targetHints":{"allow":["GET"]}}],"collection":[{"href":"https:\/\/apan.gob.mx\/portal\/wp-json\/wp\/v2\/posts"}],"about":[{"href":"https:\/\/apan.gob.mx\/portal\/wp-json\/wp\/v2\/types\/post"}],"author":[{"embeddable":true,"href":"https:\/\/apan.gob.mx\/portal\/wp-json\/wp\/v2\/users\/4"}],"replies":[{"embeddable":true,"href":"https:\/\/apan.gob.mx\/portal\/wp-json\/wp\/v2\/comments?post=14801"}],"version-history":[{"count":1,"href":"https:\/\/apan.gob.mx\/portal\/wp-json\/wp\/v2\/posts\/14801\/revisions"}],"predecessor-version":[{"id":14805,"href":"https:\/\/apan.gob.mx\/portal\/wp-json\/wp\/v2\/posts\/14801\/revisions\/14805"}],"wp:featuredmedia":[{"embeddable":true,"href":"https:\/\/apan.gob.mx\/portal\/wp-json\/wp\/v2\/media\/14802"}],"wp:attachment":[{"href":"https:\/\/apan.gob.mx\/portal\/wp-json\/wp\/v2\/media?parent=14801"}],"wp:term":[{"taxonomy":"category","embeddable":true,"href":"https:\/\/apan.gob.mx\/portal\/wp-json\/wp\/v2\/categories?post=14801"},{"taxonomy":"post_tag","embeddable":true,"href":"https:\/\/apan.gob.mx\/portal\/wp-json\/wp\/v2\/tags?post=14801"}],"curies":[{"name":"wp","href":"https:\/\/api.w.org\/{rel}","templated":true}]}}