{"id":14806,"date":"2023-04-03T10:43:16","date_gmt":"2023-04-03T16:43:16","guid":{"rendered":"https:\/\/apan.gob.mx\/portal\/?p=14806"},"modified":"2023-04-13T11:02:45","modified_gmt":"2023-04-13T17:02:45","slug":"los-personajes-de-la-exitosa-serie-paw-patrol-llegaron-al-foro-del-pueblo-de-la-feria-de-apan","status":"publish","type":"post","link":"https:\/\/apan.gob.mx\/portal\/2023\/04\/03\/los-personajes-de-la-exitosa-serie-paw-patrol-llegaron-al-foro-del-pueblo-de-la-feria-de-apan\/","title":{"rendered":"Los personajes de la exitosa serie Paw Patrol llegaron al foro del pueblo de la Feria de Apan"},"content":{"rendered":"\n<p>Cientos de peque\u00f1os cantaron y bailaron con la patrulla canina m\u00e1s famosa de la televisi\u00f3n.<\/p>\n\n\n\n<p>El espect\u00e1culo infantil &#8220;<a href=\"https:\/\/www.facebook.com\/hashtag\/pawpatrol?__eep__=6&amp;__cft__[0]=AZVZpLzMdMQNOlxQ_YIaF_JuFvDXLjgZQyQrJFm9j2RJMZ2SsXWq0Ydr6E5W02QuuGs8VND1U9kjhQvjUQWGWcO7U5m3avc8J5MF0mA3d1kFREvu-g2i3AHd7LmB-2bZOqoUlG5thCPAWHCWbDbUJrKXqHySnxuUCZ9yUWTDwObBmmm3x4lQmavbu1X8BdCHVK7E9ryNNFYILuK39vxcAnA1&amp;__tn__=*NK-R\">#PawPatrol<\/a>&#8220;, que se convirti\u00f3 en un \u00e9xito rotundo en los Estados Unidos, Canad\u00e1 y M\u00e9xico, lleg\u00f3 esta noche a la <a href=\"https:\/\/www.facebook.com\/hashtag\/feriadelmagueyylacebadaapan2023?__eep__=6&amp;__cft__[0]=AZVZpLzMdMQNOlxQ_YIaF_JuFvDXLjgZQyQrJFm9j2RJMZ2SsXWq0Ydr6E5W02QuuGs8VND1U9kjhQvjUQWGWcO7U5m3avc8J5MF0mA3d1kFREvu-g2i3AHd7LmB-2bZOqoUlG5thCPAWHCWbDbUJrKXqHySnxuUCZ9yUWTDwObBmmm3x4lQmavbu1X8BdCHVK7E9ryNNFYILuK39vxcAnA1&amp;__tn__=*NK-R\">#FeriaDelMagueyYLaCebadaApan2023<\/a><\/p>\n\n\n\n<p><a><\/a>Skye, Marshall, rocky, zuma, Rubble, Chase y sus amigos salieron de la pantalla chica para presentar un show lleno de diversi\u00f3n, sorpresas, m\u00fasica y colores.<\/p>\n\n\n\n<p>Puesta en escena con mucha acci\u00f3n y grandes aventuras que lleg\u00f3 a Apan gracias a que la Presidenta Municipal Lupita Mu\u00f1oz Romero y Producciones Herca otorgaron un d\u00eda a los peque\u00f1ines Hidalguenses para disfrutar de un show realmente espectacular.<\/p>\n\n\n\n<figure class=\"wp-block-gallery has-nested-images columns-default is-cropped wp-block-gallery-1 is-layout-flex wp-block-gallery-is-layout-flex\">\n<figure class=\"wp-block-image size-large\"><img data-recalc-dims=\"1\" fetchpriority=\"high\" decoding=\"async\" width=\"804\" height=\"1024\" data-id=\"14808\" src=\"https:\/\/i0.wp.com\/apan.gob.mx\/portal\/wp-content\/uploads\/2023\/04\/339145386_9055599737846124_2183401757382692792_n.jpg?resize=804%2C1024&#038;ssl=1\" alt=\"\" class=\"wp-image-14808\" srcset=\"https:\/\/i0.wp.com\/apan.gob.mx\/portal\/wp-content\/uploads\/2023\/04\/339145386_9055599737846124_2183401757382692792_n.jpg?resize=804%2C1024&amp;ssl=1 804w, https:\/\/i0.wp.com\/apan.gob.mx\/portal\/wp-content\/uploads\/2023\/04\/339145386_9055599737846124_2183401757382692792_n.jpg?resize=235%2C300&amp;ssl=1 235w, https:\/\/i0.wp.com\/apan.gob.mx\/portal\/wp-content\/uploads\/2023\/04\/339145386_9055599737846124_2183401757382692792_n.jpg?resize=768%2C979&amp;ssl=1 768w, https:\/\/i0.wp.com\/apan.gob.mx\/portal\/wp-content\/uploads\/2023\/04\/339145386_9055599737846124_2183401757382692792_n.jpg?resize=1205%2C1536&amp;ssl=1 1205w, https:\/\/i0.wp.com\/apan.gob.mx\/portal\/wp-content\/uploads\/2023\/04\/339145386_9055599737846124_2183401757382692792_n.jpg?w=1607&amp;ssl=1 1607w\" sizes=\"(max-width: 804px) 100vw, 804px\" \/><\/figure>\n\n\n\n<figure class=\"wp-block-image size-large\"><img data-recalc-dims=\"1\" decoding=\"async\" width=\"1024\" height=\"683\" data-id=\"14809\" src=\"https:\/\/i0.wp.com\/apan.gob.mx\/portal\/wp-content\/uploads\/2023\/04\/339800025_2173458562843052_6950923603405651416_n.jpg?resize=1024%2C683&#038;ssl=1\" alt=\"\" class=\"wp-image-14809\" srcset=\"https:\/\/i0.wp.com\/apan.gob.mx\/portal\/wp-content\/uploads\/2023\/04\/339800025_2173458562843052_6950923603405651416_n.jpg?resize=1024%2C683&amp;ssl=1 1024w, https:\/\/i0.wp.com\/apan.gob.mx\/portal\/wp-content\/uploads\/2023\/04\/339800025_2173458562843052_6950923603405651416_n.jpg?resize=300%2C200&amp;ssl=1 300w, https:\/\/i0.wp.com\/apan.gob.mx\/portal\/wp-content\/uploads\/2023\/04\/339800025_2173458562843052_6950923603405651416_n.jpg?resize=768%2C512&amp;ssl=1 768w, https:\/\/i0.wp.com\/apan.gob.mx\/portal\/wp-content\/uploads\/2023\/04\/339800025_2173458562843052_6950923603405651416_n.jpg?resize=1536%2C1024&amp;ssl=1 1536w, https:\/\/i0.wp.com\/apan.gob.mx\/portal\/wp-content\/uploads\/2023\/04\/339800025_2173458562843052_6950923603405651416_n.jpg?w=2048&amp;ssl=1 2048w\" sizes=\"(max-width: 1000px) 100vw, 1000px\" \/><\/figure>\n<\/figure>\n","protected":false},"excerpt":{"rendered":"<p>Cientos de peque\u00f1os cantaron y bailaron con la patrulla canina m\u00e1s famosa de la televisi\u00f3n. El espect\u00e1culo infantil &#8220;#PawPatrol&#8220;, que se convirti\u00f3 en un \u00e9xito rotundo en los Estados Unidos, Canad\u00e1 y M\u00e9xico, lleg\u00f3 esta noche a la #FeriaDelMagueyYLaCebadaApan2023 Skye, Marshall, rocky, zuma, Rubble, Chase y sus amigos salieron de la pantalla chica para presentar [&hellip;]<\/p>\n","protected":false},"author":4,"featured_media":14807,"comment_status":"closed","ping_status":"closed","sticky":false,"template":"","format":"standard","meta":{"_jetpack_memberships_contains_paid_content":false,"footnotes":""},"categories":[1],"tags":[],"class_list":["post-14806","post","type-post","status-publish","format-standard","has-post-thumbnail","hentry","category-uncategorized"],"jetpack_featured_media_url":"https:\/\/i0.wp.com\/apan.gob.mx\/portal\/wp-content\/uploads\/2023\/04\/339769932_1509315546263860_2681555128709820992_n.jpg?fit=2048%2C1377&ssl=1","jetpack_sharing_enabled":true,"_links":{"self":[{"href":"https:\/\/apan.gob.mx\/portal\/wp-json\/wp\/v2\/posts\/14806","targetHints":{"allow":["GET"]}}],"collection":[{"href":"https:\/\/apan.gob.mx\/portal\/wp-json\/wp\/v2\/posts"}],"about":[{"href":"https:\/\/apan.gob.mx\/portal\/wp-json\/wp\/v2\/types\/post"}],"author":[{"embeddable":true,"href":"https:\/\/apan.gob.mx\/portal\/wp-json\/wp\/v2\/users\/4"}],"replies":[{"embeddable":true,"href":"https:\/\/apan.gob.mx\/portal\/wp-json\/wp\/v2\/comments?post=14806"}],"version-history":[{"count":1,"href":"https:\/\/apan.gob.mx\/portal\/wp-json\/wp\/v2\/posts\/14806\/revisions"}],"predecessor-version":[{"id":14810,"href":"https:\/\/apan.gob.mx\/portal\/wp-json\/wp\/v2\/posts\/14806\/revisions\/14810"}],"wp:featuredmedia":[{"embeddable":true,"href":"https:\/\/apan.gob.mx\/portal\/wp-json\/wp\/v2\/media\/14807"}],"wp:attachment":[{"href":"https:\/\/apan.gob.mx\/portal\/wp-json\/wp\/v2\/media?parent=14806"}],"wp:term":[{"taxonomy":"category","embeddable":true,"href":"https:\/\/apan.gob.mx\/portal\/wp-json\/wp\/v2\/categories?post=14806"},{"taxonomy":"post_tag","embeddable":true,"href":"https:\/\/apan.gob.mx\/portal\/wp-json\/wp\/v2\/tags?post=14806"}],"curies":[{"name":"wp","href":"https:\/\/api.w.org\/{rel}","templated":true}]}}