{"id":14817,"date":"2023-04-05T11:07:12","date_gmt":"2023-04-05T17:07:12","guid":{"rendered":"https:\/\/apan.gob.mx\/portal\/?p=14817"},"modified":"2023-04-13T11:11:30","modified_gmt":"2023-04-13T17:11:30","slug":"operativo-de-auxilio-turistico-por-vacaciones-en-apan","status":"publish","type":"post","link":"https:\/\/apan.gob.mx\/portal\/2023\/04\/05\/operativo-de-auxilio-turistico-por-vacaciones-en-apan\/","title":{"rendered":"Operativo de Auxilio Tur\u00edstico por vacaciones en Apan"},"content":{"rendered":"\n<p>Accesos carreteros a la cabecera municipal son vigilados por elementos de Protecci\u00f3n Civil y Seguridad P\u00fablica Municipal.<\/p>\n\n\n\n<p>Ante el incremento del flujo vehicular esperado durante el per\u00edodo vacacional de Semana Santa en Apan, la Presidencia Municipal de Apan que encabeza Lupita Mu\u00f1oz Romero a trav\u00e9s de las Direcciones de Protecci\u00f3n Civil y Seguridad P\u00fablica Municipal <a><\/a>implementan estrategias de seguridad y auxilio tur\u00edstico a las y los visitantes que gustan recorrer los Llanos de Apan en estos d\u00edas de asueto.<\/p>\n\n\n\n<p>Operativo que arranc\u00f3 el pasado martes 4 de abril y concluir\u00e1 hasta el pr\u00f3ximo s\u00e1bado 15 de abril, d\u00edas en los que se reforzar\u00e1 la seguridad con elementos de Seguridad P\u00fablica de Almoloya, Emiliano Zapata, Apan, Polic\u00eda Estatal y Guardia Nacional, quienes adem\u00e1s de atender las emergencias vehiculares, brindar\u00e1n atenci\u00f3n informativa y tur\u00edstica a los visitantes.<\/p>\n\n\n\n<p>Sigue las recomendaciones que aqu\u00ed te compartimos para disfrutar de la Semana Santa en Apan con total seguridad.<\/p>\n\n\n\n<p><img decoding=\"async\" height=\"16\" width=\"16\" alt=\"\ud83d\udc49\ud83c\udffb\" src=\"https:\/\/static.xx.fbcdn.net\/images\/emoji.php\/v9\/ta5\/1.5\/16\/1f449_1f3fb.png\">Conozca con antelaci\u00f3n el recorrido. El lugar y la hora de salida, as\u00ed como el lugar y la hora de terminaci\u00f3n.<\/p>\n\n\n\n<p><img decoding=\"async\" height=\"16\" width=\"16\" alt=\"\ud83d\udc49\ud83c\udffb\" src=\"https:\/\/static.xx.fbcdn.net\/images\/emoji.php\/v9\/ta5\/1.5\/16\/1f449_1f3fb.png\"> Acuda con tiempo al lugar elegido para disfrutarlo.<\/p>\n\n\n\n<p><img decoding=\"async\" height=\"16\" width=\"16\" alt=\"\ud83d\udc49\ud83c\udffb\" src=\"https:\/\/static.xx.fbcdn.net\/images\/emoji.php\/v9\/ta5\/1.5\/16\/1f449_1f3fb.png\">Mantenga en todo momento una distancia prudente con las procesiones, recorridos tur\u00edsticos y cabalgatas para evitar cualquier tipo de accidente.<\/p>\n\n\n\n<p><img decoding=\"async\" height=\"16\" width=\"16\" alt=\"\ud83d\udc49\ud83c\udffb\" src=\"https:\/\/static.xx.fbcdn.net\/images\/emoji.php\/v9\/ta5\/1.5\/16\/1f449_1f3fb.png\">Permanece en todo momento en la acera (salvo que lo indiquen los cuerpos de seguridad).<\/p>\n\n\n\n<p><img decoding=\"async\" height=\"16\" width=\"16\" alt=\"\ud83d\udc49\ud83c\udffb\" src=\"https:\/\/static.xx.fbcdn.net\/images\/emoji.php\/v9\/ta5\/1.5\/16\/1f449_1f3fb.png\">No permanecer estacionado en calle por mucho tiempo, alg\u00fan veh\u00edculo de emergencia puede necesitar pasar por la misma.<\/p>\n\n\n\n<p><img decoding=\"async\" height=\"16\" width=\"16\" alt=\"\ud83d\udc49\ud83c\udffb\" src=\"https:\/\/static.xx.fbcdn.net\/images\/emoji.php\/v9\/ta5\/1.5\/16\/1f449_1f3fb.png\">Evitar subirse al mobiliario urbano o a elementos que puedan resultar inestables, como barandillas, muros o marquesinas a fin de evitar ca\u00eddas, accidentes y molestias.<\/p>\n\n\n\n<p><img decoding=\"async\" height=\"16\" width=\"16\" alt=\"\ud83d\udc49\ud83c\udffb\" src=\"https:\/\/static.xx.fbcdn.net\/images\/emoji.php\/v9\/ta5\/1.5\/16\/1f449_1f3fb.png\">En caso de emergencia, o p\u00e9rdida del menor contacte con cualquier agente de la autoridad que se encuentre en el lugar o llame al 911.<\/p>\n\n\n\n<p><img decoding=\"async\" height=\"16\" width=\"16\" alt=\"\ud83d\udc49\ud83c\udffb\" src=\"https:\/\/static.xx.fbcdn.net\/images\/emoji.php\/v9\/ta5\/1.5\/16\/1f449_1f3fb.png\">En caso de producirse una emergencia, se debe mantener la calma, evitar correr y seguir las instrucciones de las autoridades y los servicios operativos.<\/p>\n\n\n\n<p>Por unas vacaciones seguras en Apan<\/p>\n\n\n\n<p>Prevenci\u00f3n es lo que hacemos,<\/p>\n\n\n\n<p><a href=\"https:\/\/www.facebook.com\/hashtag\/seguridadloquelogramos?__eep__=6&amp;__cft__[0]=AZW6tdaPYTsFTtxIuSN0q-mcXjZ73eMdSNQNBL9fvrmXd7Y-P1pa6oTFlM9UJPvo-JTWdYUzNOWlOJP8zmttdcC4lGdtDn2cPzo33uMMxR1-msofg-2leTj7QeMm590q_blXKV2UXN4zfh5mrBh1E6YZLQbMgJXnA2aEdQwPzGNhPbdbgHUwaJLwjVoLsUTp7IZY4HcxVZYtt3DZQ4olfKGb&amp;__tn__=*NK-R\">#SeguridadLoQueLogramos<\/a><\/p>\n","protected":false},"excerpt":{"rendered":"<p>Accesos carreteros a la cabecera municipal son vigilados por elementos de Protecci\u00f3n Civil y Seguridad P\u00fablica Municipal. Ante el incremento del flujo vehicular esperado durante el per\u00edodo vacacional de Semana Santa en Apan, la Presidencia Municipal de Apan que encabeza Lupita Mu\u00f1oz Romero a trav\u00e9s de las Direcciones de Protecci\u00f3n Civil y Seguridad P\u00fablica Municipal [&hellip;]<\/p>\n","protected":false},"author":4,"featured_media":14818,"comment_status":"closed","ping_status":"closed","sticky":false,"template":"","format":"standard","meta":{"_jetpack_memberships_contains_paid_content":false,"footnotes":""},"categories":[1],"tags":[],"class_list":["post-14817","post","type-post","status-publish","format-standard","has-post-thumbnail","hentry","category-uncategorized"],"jetpack_featured_media_url":"https:\/\/i0.wp.com\/apan.gob.mx\/portal\/wp-content\/uploads\/2023\/04\/339776222_1333501647219100_1504138740745518430_n.jpg?fit=2048%2C853&ssl=1","jetpack_sharing_enabled":true,"_links":{"self":[{"href":"https:\/\/apan.gob.mx\/portal\/wp-json\/wp\/v2\/posts\/14817","targetHints":{"allow":["GET"]}}],"collection":[{"href":"https:\/\/apan.gob.mx\/portal\/wp-json\/wp\/v2\/posts"}],"about":[{"href":"https:\/\/apan.gob.mx\/portal\/wp-json\/wp\/v2\/types\/post"}],"author":[{"embeddable":true,"href":"https:\/\/apan.gob.mx\/portal\/wp-json\/wp\/v2\/users\/4"}],"replies":[{"embeddable":true,"href":"https:\/\/apan.gob.mx\/portal\/wp-json\/wp\/v2\/comments?post=14817"}],"version-history":[{"count":1,"href":"https:\/\/apan.gob.mx\/portal\/wp-json\/wp\/v2\/posts\/14817\/revisions"}],"predecessor-version":[{"id":14819,"href":"https:\/\/apan.gob.mx\/portal\/wp-json\/wp\/v2\/posts\/14817\/revisions\/14819"}],"wp:featuredmedia":[{"embeddable":true,"href":"https:\/\/apan.gob.mx\/portal\/wp-json\/wp\/v2\/media\/14818"}],"wp:attachment":[{"href":"https:\/\/apan.gob.mx\/portal\/wp-json\/wp\/v2\/media?parent=14817"}],"wp:term":[{"taxonomy":"category","embeddable":true,"href":"https:\/\/apan.gob.mx\/portal\/wp-json\/wp\/v2\/categories?post=14817"},{"taxonomy":"post_tag","embeddable":true,"href":"https:\/\/apan.gob.mx\/portal\/wp-json\/wp\/v2\/tags?post=14817"}],"curies":[{"name":"wp","href":"https:\/\/api.w.org\/{rel}","templated":true}]}}