{"id":14820,"date":"2023-04-05T23:13:00","date_gmt":"2023-04-06T05:13:00","guid":{"rendered":"https:\/\/apan.gob.mx\/portal\/?p=14820"},"modified":"2023-04-13T11:20:07","modified_gmt":"2023-04-13T17:20:07","slug":"edil-apanense-y-su-cabildo-presentan-a-ariadna-sarait-garcia-rodriguez-reina-de-la-feria-del-maguey-y-la-cebada-apan-2023","status":"publish","type":"post","link":"https:\/\/apan.gob.mx\/portal\/2023\/04\/05\/edil-apanense-y-su-cabildo-presentan-a-ariadna-sarait-garcia-rodriguez-reina-de-la-feria-del-maguey-y-la-cebada-apan-2023\/","title":{"rendered":"Edil apanense y su cabildo presentan a Ariadna Sarait Garc\u00eda Rodr\u00edguez, Reina de la feria del Maguey y la Cebada Apan 2023"},"content":{"rendered":"\n<p>Autoridades Municipales inauguran y recorren el Pabell\u00f3n Artesanal de la tradicional feria de semana santa<\/p>\n\n\n\n<p>La noche de ayer martes en punto de las 8pm, la Presidenta Municipal de <a href=\"https:\/\/www.facebook.com\/hashtag\/apan?__eep__=6&amp;__cft__[0]=AZXYMX-f3FTb1FXZrH-j-Q_m_C5D814CapDD_Eil1lj4VsoWKsazphML8Diaj2gXKTu4PG7qsKAXwArO65fXn6cFOzlgiDUJEHkvcm530kjuqQSekQfVT5R9O3S4P_uIgq7kEMheCAZEt_OcUOJKHdtBpAGB2nhwrp9uzCzFT1dLXF-YSv03_CnX0jZbUyKJPztic7BsU2mawWovyRaRuD6j&amp;__tn__=*NK-R\">#Apan<\/a>, Lupita Mu\u00f1oz Romero, miembros de la H. Asamblea Municipal y <a><\/a>funcionarios p\u00fablicos del actual Gobierno Municipal recorrieron las instalaciones de la feria del Maguey y la Cebada Apan 2023, esto para saludar a cada uno de los expositores, comerciantes, artesanos, visitantes y familias apanenses quienes han disfrutado de una de las ferias m\u00e1s esperadas por las familias Hidalguenses.<\/p>\n\n\n\n<p>Feria que hab\u00eda sido cancelada por poco m\u00e1s de 2 a\u00f1os de pandemia y que ahora regresa con \u00e9xito, logrando traer a agrupaciones de renombre, nacionales e internacionales.<\/p>\n\n\n\n<p>Ariadna Sarait Garcia Rodriguez, joven apanense de 21 a\u00f1os de edad, hoy es digna representante de esta gran fiesta para los Apanenses.<\/p>\n\n\n\n<p>Para concluir con el acto, se llev\u00f3 a acabo el corte del list\u00f3n inaugural al Pabell\u00f3n Artesanal, el cual alberga a poco m\u00e1s de 40 artesanos apanenses, los cuales tienen a la venta postres, bordados, bisuteria, cuadros, licores y un sin fin de productos que encantar\u00e1n al paladar m\u00e1s exigente.<\/p>\n\n\n\n<p>La <a href=\"https:\/\/www.facebook.com\/hashtag\/feriadelmagueyylacebadaapan2023?__eep__=6&amp;__cft__[0]=AZXYMX-f3FTb1FXZrH-j-Q_m_C5D814CapDD_Eil1lj4VsoWKsazphML8Diaj2gXKTu4PG7qsKAXwArO65fXn6cFOzlgiDUJEHkvcm530kjuqQSekQfVT5R9O3S4P_uIgq7kEMheCAZEt_OcUOJKHdtBpAGB2nhwrp9uzCzFT1dLXF-YSv03_CnX0jZbUyKJPztic7BsU2mawWovyRaRuD6j&amp;__tn__=*NK-R\">#FeriaDelMagueyYLaCebadaApan2023<\/a> los espera con los brazos abiertos.<\/p>\n\n\n\n<figure class=\"wp-block-gallery has-nested-images columns-default is-cropped wp-block-gallery-1 is-layout-flex wp-block-gallery-is-layout-flex\">\n<figure class=\"wp-block-image size-large\"><img data-recalc-dims=\"1\" fetchpriority=\"high\" decoding=\"async\" width=\"1024\" height=\"683\" data-id=\"14822\" src=\"https:\/\/i0.wp.com\/apan.gob.mx\/portal\/wp-content\/uploads\/2023\/04\/339635650_745694533701585_157777511057787426_n.jpg?resize=1024%2C683&#038;ssl=1\" alt=\"\" class=\"wp-image-14822\" srcset=\"https:\/\/i0.wp.com\/apan.gob.mx\/portal\/wp-content\/uploads\/2023\/04\/339635650_745694533701585_157777511057787426_n.jpg?resize=1024%2C683&amp;ssl=1 1024w, https:\/\/i0.wp.com\/apan.gob.mx\/portal\/wp-content\/uploads\/2023\/04\/339635650_745694533701585_157777511057787426_n.jpg?resize=300%2C200&amp;ssl=1 300w, https:\/\/i0.wp.com\/apan.gob.mx\/portal\/wp-content\/uploads\/2023\/04\/339635650_745694533701585_157777511057787426_n.jpg?resize=768%2C512&amp;ssl=1 768w, https:\/\/i0.wp.com\/apan.gob.mx\/portal\/wp-content\/uploads\/2023\/04\/339635650_745694533701585_157777511057787426_n.jpg?resize=1536%2C1024&amp;ssl=1 1536w, https:\/\/i0.wp.com\/apan.gob.mx\/portal\/wp-content\/uploads\/2023\/04\/339635650_745694533701585_157777511057787426_n.jpg?w=2048&amp;ssl=1 2048w\" sizes=\"(max-width: 1000px) 100vw, 1000px\" \/><\/figure>\n\n\n\n<figure class=\"wp-block-image size-large\"><img data-recalc-dims=\"1\" decoding=\"async\" width=\"646\" height=\"1024\" data-id=\"14821\" src=\"https:\/\/i0.wp.com\/apan.gob.mx\/portal\/wp-content\/uploads\/2023\/04\/339585383_1295168214737528_2997498154699657012_n.jpg?resize=646%2C1024&#038;ssl=1\" alt=\"\" class=\"wp-image-14821\" srcset=\"https:\/\/i0.wp.com\/apan.gob.mx\/portal\/wp-content\/uploads\/2023\/04\/339585383_1295168214737528_2997498154699657012_n.jpg?resize=646%2C1024&amp;ssl=1 646w, https:\/\/i0.wp.com\/apan.gob.mx\/portal\/wp-content\/uploads\/2023\/04\/339585383_1295168214737528_2997498154699657012_n.jpg?resize=189%2C300&amp;ssl=1 189w, https:\/\/i0.wp.com\/apan.gob.mx\/portal\/wp-content\/uploads\/2023\/04\/339585383_1295168214737528_2997498154699657012_n.jpg?resize=768%2C1217&amp;ssl=1 768w, https:\/\/i0.wp.com\/apan.gob.mx\/portal\/wp-content\/uploads\/2023\/04\/339585383_1295168214737528_2997498154699657012_n.jpg?resize=969%2C1536&amp;ssl=1 969w, https:\/\/i0.wp.com\/apan.gob.mx\/portal\/wp-content\/uploads\/2023\/04\/339585383_1295168214737528_2997498154699657012_n.jpg?w=1292&amp;ssl=1 1292w\" sizes=\"(max-width: 646px) 100vw, 646px\" \/><\/figure>\n<\/figure>\n","protected":false},"excerpt":{"rendered":"<p>Autoridades Municipales inauguran y recorren el Pabell\u00f3n Artesanal de la tradicional feria de semana santa La noche de ayer martes en punto de las 8pm, la Presidenta Municipal de #Apan, Lupita Mu\u00f1oz Romero, miembros de la H. Asamblea Municipal y funcionarios p\u00fablicos del actual Gobierno Municipal recorrieron las instalaciones de la feria del Maguey y [&hellip;]<\/p>\n","protected":false},"author":4,"featured_media":14823,"comment_status":"closed","ping_status":"closed","sticky":false,"template":"","format":"standard","meta":{"_jetpack_memberships_contains_paid_content":false,"footnotes":""},"categories":[1],"tags":[],"class_list":["post-14820","post","type-post","status-publish","format-standard","has-post-thumbnail","hentry","category-uncategorized"],"jetpack_featured_media_url":"https:\/\/i0.wp.com\/apan.gob.mx\/portal\/wp-content\/uploads\/2023\/04\/339284537_551685926845515_3158900388110630701_n.jpg?fit=900%2C600&ssl=1","jetpack_sharing_enabled":true,"_links":{"self":[{"href":"https:\/\/apan.gob.mx\/portal\/wp-json\/wp\/v2\/posts\/14820","targetHints":{"allow":["GET"]}}],"collection":[{"href":"https:\/\/apan.gob.mx\/portal\/wp-json\/wp\/v2\/posts"}],"about":[{"href":"https:\/\/apan.gob.mx\/portal\/wp-json\/wp\/v2\/types\/post"}],"author":[{"embeddable":true,"href":"https:\/\/apan.gob.mx\/portal\/wp-json\/wp\/v2\/users\/4"}],"replies":[{"embeddable":true,"href":"https:\/\/apan.gob.mx\/portal\/wp-json\/wp\/v2\/comments?post=14820"}],"version-history":[{"count":1,"href":"https:\/\/apan.gob.mx\/portal\/wp-json\/wp\/v2\/posts\/14820\/revisions"}],"predecessor-version":[{"id":14824,"href":"https:\/\/apan.gob.mx\/portal\/wp-json\/wp\/v2\/posts\/14820\/revisions\/14824"}],"wp:featuredmedia":[{"embeddable":true,"href":"https:\/\/apan.gob.mx\/portal\/wp-json\/wp\/v2\/media\/14823"}],"wp:attachment":[{"href":"https:\/\/apan.gob.mx\/portal\/wp-json\/wp\/v2\/media?parent=14820"}],"wp:term":[{"taxonomy":"category","embeddable":true,"href":"https:\/\/apan.gob.mx\/portal\/wp-json\/wp\/v2\/categories?post=14820"},{"taxonomy":"post_tag","embeddable":true,"href":"https:\/\/apan.gob.mx\/portal\/wp-json\/wp\/v2\/tags?post=14820"}],"curies":[{"name":"wp","href":"https:\/\/api.w.org\/{rel}","templated":true}]}}