{"id":14825,"date":"2023-04-05T23:57:00","date_gmt":"2023-04-06T05:57:00","guid":{"rendered":"https:\/\/apan.gob.mx\/portal\/?p=14825"},"modified":"2023-04-13T11:59:12","modified_gmt":"2023-04-13T17:59:12","slug":"radames-de-jesus-se-lleva-la-noche-en-la-feria-del-maguey-y-la-cebada-apan-2023","status":"publish","type":"post","link":"https:\/\/apan.gob.mx\/portal\/2023\/04\/05\/radames-de-jesus-se-lleva-la-noche-en-la-feria-del-maguey-y-la-cebada-apan-2023\/","title":{"rendered":"Radames de Jes\u00fas se lleva la noche en la feria del Maguey y la Cebada Apan 2023"},"content":{"rendered":"\n<p>Comediante puso a re\u00edr a carcajadas a cientos de asistentes<\/p>\n\n\n\n<p>Este mi\u00e9rcoles se vivi\u00f3 toda una guerra de chistes en el foro del pueblo de la Feria del Maguey y la Cebada Apan 2023, con la participaci\u00f3n del actor y comediante Radam\u00e9s de Jes\u00fas, quien present\u00f3 un espect\u00e1culo divertido, de doble sentido y pasado de tono.<\/p>\n\n\n\n<p>Show <a><\/a>que dur\u00f3 poco m\u00e1s de 2 horas, esto gracias a la gran respuesta del p\u00fablico asistente<\/p>\n\n\n\n<p>Entre risas y bromas, Radam\u00e9s se despidi\u00f3 de Apan con su ic\u00f3nica frase: &#8220;Si la vida te da la espalda&#8230;&#8230;&#8221;<\/p>\n\n\n\n<p>La diversi\u00f3n contin\u00faa en la <a href=\"https:\/\/www.facebook.com\/hashtag\/feriadelmagueyylacebadaapan2023?__eep__=6&amp;__cft__[0]=AZUn6WnFzpil7KpBbpFduFNUXLATgjwNrG-UlVkgJ_xMDQjM0ocIz9N_nUWrHZfG0xyuN9DMn1igLTBBhCwuTxsbAUVEMCaLW0srmZUduAo4j3x-H3sZ1xqAo5V4UQZboNQpYt8qGUS6TA7vFma_C6JxPwuhvCc1k1SPr4KMOJ1XDINVZMVTGBKSGDPTGSwg41sLyPP0Bjly_fuMtu6ZIn-9&amp;__tn__=*NK-R\">#FeriaDelMagueyYLaCebadaApan2023<\/a><\/p>\n\n\n\n<figure class=\"wp-block-gallery has-nested-images columns-default is-cropped wp-block-gallery-1 is-layout-flex wp-block-gallery-is-layout-flex\">\n<figure class=\"wp-block-image size-large\"><img data-recalc-dims=\"1\" fetchpriority=\"high\" decoding=\"async\" width=\"683\" height=\"1024\" data-id=\"14826\" src=\"https:\/\/i0.wp.com\/apan.gob.mx\/portal\/wp-content\/uploads\/2023\/04\/339623428_597409835751235_6434160262968824492_n.jpg?resize=683%2C1024&#038;ssl=1\" alt=\"\" class=\"wp-image-14826\" srcset=\"https:\/\/i0.wp.com\/apan.gob.mx\/portal\/wp-content\/uploads\/2023\/04\/339623428_597409835751235_6434160262968824492_n.jpg?resize=683%2C1024&amp;ssl=1 683w, https:\/\/i0.wp.com\/apan.gob.mx\/portal\/wp-content\/uploads\/2023\/04\/339623428_597409835751235_6434160262968824492_n.jpg?resize=200%2C300&amp;ssl=1 200w, https:\/\/i0.wp.com\/apan.gob.mx\/portal\/wp-content\/uploads\/2023\/04\/339623428_597409835751235_6434160262968824492_n.jpg?resize=768%2C1152&amp;ssl=1 768w, https:\/\/i0.wp.com\/apan.gob.mx\/portal\/wp-content\/uploads\/2023\/04\/339623428_597409835751235_6434160262968824492_n.jpg?resize=1024%2C1536&amp;ssl=1 1024w, https:\/\/i0.wp.com\/apan.gob.mx\/portal\/wp-content\/uploads\/2023\/04\/339623428_597409835751235_6434160262968824492_n.jpg?w=1365&amp;ssl=1 1365w\" sizes=\"(max-width: 683px) 100vw, 683px\" \/><\/figure>\n\n\n\n<figure class=\"wp-block-image size-large\"><img data-recalc-dims=\"1\" decoding=\"async\" width=\"1024\" height=\"683\" data-id=\"14827\" src=\"https:\/\/i0.wp.com\/apan.gob.mx\/portal\/wp-content\/uploads\/2023\/04\/339776530_601357992041686_7448115159622729952_n.jpg?resize=1024%2C683&#038;ssl=1\" alt=\"\" class=\"wp-image-14827\" srcset=\"https:\/\/i0.wp.com\/apan.gob.mx\/portal\/wp-content\/uploads\/2023\/04\/339776530_601357992041686_7448115159622729952_n.jpg?resize=1024%2C683&amp;ssl=1 1024w, https:\/\/i0.wp.com\/apan.gob.mx\/portal\/wp-content\/uploads\/2023\/04\/339776530_601357992041686_7448115159622729952_n.jpg?resize=300%2C200&amp;ssl=1 300w, https:\/\/i0.wp.com\/apan.gob.mx\/portal\/wp-content\/uploads\/2023\/04\/339776530_601357992041686_7448115159622729952_n.jpg?resize=768%2C512&amp;ssl=1 768w, https:\/\/i0.wp.com\/apan.gob.mx\/portal\/wp-content\/uploads\/2023\/04\/339776530_601357992041686_7448115159622729952_n.jpg?resize=1536%2C1024&amp;ssl=1 1536w, https:\/\/i0.wp.com\/apan.gob.mx\/portal\/wp-content\/uploads\/2023\/04\/339776530_601357992041686_7448115159622729952_n.jpg?w=2048&amp;ssl=1 2048w\" sizes=\"(max-width: 1000px) 100vw, 1000px\" \/><\/figure>\n<\/figure>\n","protected":false},"excerpt":{"rendered":"<p>Comediante puso a re\u00edr a carcajadas a cientos de asistentes Este mi\u00e9rcoles se vivi\u00f3 toda una guerra de chistes en el foro del pueblo de la Feria del Maguey y la Cebada Apan 2023, con la participaci\u00f3n del actor y comediante Radam\u00e9s de Jes\u00fas, quien present\u00f3 un espect\u00e1culo divertido, de doble sentido y pasado de [&hellip;]<\/p>\n","protected":false},"author":4,"featured_media":14828,"comment_status":"closed","ping_status":"closed","sticky":false,"template":"","format":"standard","meta":{"_jetpack_memberships_contains_paid_content":false,"footnotes":""},"categories":[1],"tags":[],"class_list":["post-14825","post","type-post","status-publish","format-standard","has-post-thumbnail","hentry","category-uncategorized"],"jetpack_featured_media_url":"https:\/\/i0.wp.com\/apan.gob.mx\/portal\/wp-content\/uploads\/2023\/04\/339458880_235512828975973_8384178474237085963_n.jpg?fit=2048%2C1365&ssl=1","jetpack_sharing_enabled":true,"_links":{"self":[{"href":"https:\/\/apan.gob.mx\/portal\/wp-json\/wp\/v2\/posts\/14825","targetHints":{"allow":["GET"]}}],"collection":[{"href":"https:\/\/apan.gob.mx\/portal\/wp-json\/wp\/v2\/posts"}],"about":[{"href":"https:\/\/apan.gob.mx\/portal\/wp-json\/wp\/v2\/types\/post"}],"author":[{"embeddable":true,"href":"https:\/\/apan.gob.mx\/portal\/wp-json\/wp\/v2\/users\/4"}],"replies":[{"embeddable":true,"href":"https:\/\/apan.gob.mx\/portal\/wp-json\/wp\/v2\/comments?post=14825"}],"version-history":[{"count":1,"href":"https:\/\/apan.gob.mx\/portal\/wp-json\/wp\/v2\/posts\/14825\/revisions"}],"predecessor-version":[{"id":14829,"href":"https:\/\/apan.gob.mx\/portal\/wp-json\/wp\/v2\/posts\/14825\/revisions\/14829"}],"wp:featuredmedia":[{"embeddable":true,"href":"https:\/\/apan.gob.mx\/portal\/wp-json\/wp\/v2\/media\/14828"}],"wp:attachment":[{"href":"https:\/\/apan.gob.mx\/portal\/wp-json\/wp\/v2\/media?parent=14825"}],"wp:term":[{"taxonomy":"category","embeddable":true,"href":"https:\/\/apan.gob.mx\/portal\/wp-json\/wp\/v2\/categories?post=14825"},{"taxonomy":"post_tag","embeddable":true,"href":"https:\/\/apan.gob.mx\/portal\/wp-json\/wp\/v2\/tags?post=14825"}],"curies":[{"name":"wp","href":"https:\/\/api.w.org\/{rel}","templated":true}]}}