{"id":14835,"date":"2023-04-06T23:26:00","date_gmt":"2023-04-07T05:26:00","guid":{"rendered":"https:\/\/apan.gob.mx\/portal\/?p=14835"},"modified":"2023-04-13T12:29:16","modified_gmt":"2023-04-13T18:29:16","slug":"al-bailongo-cadetes-de-mexico-se-presentan-en-la-feria-de-apan","status":"publish","type":"post","link":"https:\/\/apan.gob.mx\/portal\/2023\/04\/06\/al-bailongo-cadetes-de-mexico-se-presentan-en-la-feria-de-apan\/","title":{"rendered":"\u00a1Al bailongo! Cadetes de M\u00e9xico se presentan en la Feria de Apan"},"content":{"rendered":"\n<p>El palomito, dos coronas a mi madre y no hay novedad, fueron algunas de las canciones del repertorio musical que puso a bailar a cientos de familias en el teatro del pueblo.<\/p>\n\n\n\n<p>Esta noche en el marco de la Feria del Maguey y la Cebada Apan 2023 se present\u00f3 la agrupaci\u00f3n, Cadetes de M\u00e9xico, los cuales compartieron la esencia de la m\u00fasica norte\u00f1a y los cl\u00e1sicos de anta\u00f1o que <a><\/a>recordaron chicos y grandes.<\/p>\n\n\n\n<p>Agrupaci\u00f3n que lleg\u00f3 al <a href=\"https:\/\/www.facebook.com\/hashtag\/altiplanohidalguense?__eep__=6&amp;__cft__[0]=AZVWeJzDvhQNbFaH4BLOtJpPL0pPbR3nugnhmUT_6MDkG6xMQK2mqBUh3oIvNOKhI_TGLftFiCOPqBkE_8d8bbyyeWdNrNAMnZH8InO6yoTmQYNXQW3tPIBhiI0jChRx8KWY10CJbv4ijURFrGkBabjx-eF-Us83xQqBryu5E9BF2vgWZReAx2fMg-6p1wlRrarVrJ54We97i5AY8bD54Rwo&amp;__tn__=*NK-R\">#AltiplanoHidalguense<\/a> gracias al Gobierno Municipal de Lupita Mu\u00f1oz Romero y <a href=\"https:\/\/www.facebook.com\/HercaProducciones?__cft__[0]=AZVWeJzDvhQNbFaH4BLOtJpPL0pPbR3nugnhmUT_6MDkG6xMQK2mqBUh3oIvNOKhI_TGLftFiCOPqBkE_8d8bbyyeWdNrNAMnZH8InO6yoTmQYNXQW3tPIBhiI0jChRx8KWY10CJbv4ijURFrGkBabjx-eF-Us83xQqBryu5E9BF2vgWZReAx2fMg-6p1wlRrarVrJ54We97i5AY8bD54Rwo&amp;__tn__=-]K-R\">Herca Producciones<\/a>, quienes lograron integrar diferentes estilos y g\u00e9neros musicales en un mismo escenario.<\/p>\n\n\n\n<p>Pasadas las 12:00 de la noche, los Cadetes de M\u00e9xico dejaban con un gran sabor de boca al p\u00fablico asistente, quienes no dejaban de ovacionar y corear sus temas favoritos hasta el finalizar de la noche.<\/p>\n\n\n\n<p>Cabe mencionar que la feria de Apan continuar\u00e1 con sus actividades durante la semana y el fin de semana, por lo que si a\u00fan no nos visitas, estas a tiempo de disfrutar de la Feria del Maguey y la Cebada Apan 2023.<\/p>\n\n\n\n<p>\u00a1Te esperamos!<\/p>\n\n\n\n<figure class=\"wp-block-gallery has-nested-images columns-default is-cropped wp-block-gallery-1 is-layout-flex wp-block-gallery-is-layout-flex\">\n<figure class=\"wp-block-image size-large\"><img data-recalc-dims=\"1\" fetchpriority=\"high\" decoding=\"async\" width=\"1024\" height=\"683\" data-id=\"14838\" src=\"https:\/\/i0.wp.com\/apan.gob.mx\/portal\/wp-content\/uploads\/2023\/04\/339984947_6054983817928580_8248589355530232232_n-1.jpg?resize=1024%2C683&#038;ssl=1\" alt=\"\" class=\"wp-image-14838\" srcset=\"https:\/\/i0.wp.com\/apan.gob.mx\/portal\/wp-content\/uploads\/2023\/04\/339984947_6054983817928580_8248589355530232232_n-1.jpg?resize=1024%2C683&amp;ssl=1 1024w, https:\/\/i0.wp.com\/apan.gob.mx\/portal\/wp-content\/uploads\/2023\/04\/339984947_6054983817928580_8248589355530232232_n-1.jpg?resize=300%2C200&amp;ssl=1 300w, https:\/\/i0.wp.com\/apan.gob.mx\/portal\/wp-content\/uploads\/2023\/04\/339984947_6054983817928580_8248589355530232232_n-1.jpg?resize=768%2C512&amp;ssl=1 768w, https:\/\/i0.wp.com\/apan.gob.mx\/portal\/wp-content\/uploads\/2023\/04\/339984947_6054983817928580_8248589355530232232_n-1.jpg?resize=1536%2C1024&amp;ssl=1 1536w, https:\/\/i0.wp.com\/apan.gob.mx\/portal\/wp-content\/uploads\/2023\/04\/339984947_6054983817928580_8248589355530232232_n-1.jpg?w=2048&amp;ssl=1 2048w\" sizes=\"(max-width: 1000px) 100vw, 1000px\" \/><\/figure>\n\n\n\n<figure class=\"wp-block-image size-large\"><img data-recalc-dims=\"1\" decoding=\"async\" width=\"683\" height=\"1024\" data-id=\"14837\" src=\"https:\/\/i0.wp.com\/apan.gob.mx\/portal\/wp-content\/uploads\/2023\/04\/339962258_1272062803383034_9145120042629831329_n-1.jpg?resize=683%2C1024&#038;ssl=1\" alt=\"\" class=\"wp-image-14837\" srcset=\"https:\/\/i0.wp.com\/apan.gob.mx\/portal\/wp-content\/uploads\/2023\/04\/339962258_1272062803383034_9145120042629831329_n-1.jpg?resize=683%2C1024&amp;ssl=1 683w, https:\/\/i0.wp.com\/apan.gob.mx\/portal\/wp-content\/uploads\/2023\/04\/339962258_1272062803383034_9145120042629831329_n-1.jpg?resize=200%2C300&amp;ssl=1 200w, https:\/\/i0.wp.com\/apan.gob.mx\/portal\/wp-content\/uploads\/2023\/04\/339962258_1272062803383034_9145120042629831329_n-1.jpg?resize=768%2C1152&amp;ssl=1 768w, https:\/\/i0.wp.com\/apan.gob.mx\/portal\/wp-content\/uploads\/2023\/04\/339962258_1272062803383034_9145120042629831329_n-1.jpg?resize=1024%2C1536&amp;ssl=1 1024w, https:\/\/i0.wp.com\/apan.gob.mx\/portal\/wp-content\/uploads\/2023\/04\/339962258_1272062803383034_9145120042629831329_n-1.jpg?w=1365&amp;ssl=1 1365w\" sizes=\"(max-width: 683px) 100vw, 683px\" \/><\/figure>\n<\/figure>\n","protected":false},"excerpt":{"rendered":"<p>El palomito, dos coronas a mi madre y no hay novedad, fueron algunas de las canciones del repertorio musical que puso a bailar a cientos de familias en el teatro del pueblo. Esta noche en el marco de la Feria del Maguey y la Cebada Apan 2023 se present\u00f3 la agrupaci\u00f3n, Cadetes de M\u00e9xico, los [&hellip;]<\/p>\n","protected":false},"author":4,"featured_media":14836,"comment_status":"closed","ping_status":"closed","sticky":false,"template":"","format":"standard","meta":{"_jetpack_memberships_contains_paid_content":false,"footnotes":""},"categories":[1],"tags":[],"class_list":["post-14835","post","type-post","status-publish","format-standard","has-post-thumbnail","hentry","category-uncategorized"],"jetpack_featured_media_url":"https:\/\/i0.wp.com\/apan.gob.mx\/portal\/wp-content\/uploads\/2023\/04\/339972508_6194710517288542_43940661402536196_n.jpg?fit=2048%2C1365&ssl=1","jetpack_sharing_enabled":true,"_links":{"self":[{"href":"https:\/\/apan.gob.mx\/portal\/wp-json\/wp\/v2\/posts\/14835","targetHints":{"allow":["GET"]}}],"collection":[{"href":"https:\/\/apan.gob.mx\/portal\/wp-json\/wp\/v2\/posts"}],"about":[{"href":"https:\/\/apan.gob.mx\/portal\/wp-json\/wp\/v2\/types\/post"}],"author":[{"embeddable":true,"href":"https:\/\/apan.gob.mx\/portal\/wp-json\/wp\/v2\/users\/4"}],"replies":[{"embeddable":true,"href":"https:\/\/apan.gob.mx\/portal\/wp-json\/wp\/v2\/comments?post=14835"}],"version-history":[{"count":1,"href":"https:\/\/apan.gob.mx\/portal\/wp-json\/wp\/v2\/posts\/14835\/revisions"}],"predecessor-version":[{"id":14839,"href":"https:\/\/apan.gob.mx\/portal\/wp-json\/wp\/v2\/posts\/14835\/revisions\/14839"}],"wp:featuredmedia":[{"embeddable":true,"href":"https:\/\/apan.gob.mx\/portal\/wp-json\/wp\/v2\/media\/14836"}],"wp:attachment":[{"href":"https:\/\/apan.gob.mx\/portal\/wp-json\/wp\/v2\/media?parent=14835"}],"wp:term":[{"taxonomy":"category","embeddable":true,"href":"https:\/\/apan.gob.mx\/portal\/wp-json\/wp\/v2\/categories?post=14835"},{"taxonomy":"post_tag","embeddable":true,"href":"https:\/\/apan.gob.mx\/portal\/wp-json\/wp\/v2\/tags?post=14835"}],"curies":[{"name":"wp","href":"https:\/\/api.w.org\/{rel}","templated":true}]}}