{"id":14840,"date":"2023-04-07T12:31:01","date_gmt":"2023-04-07T18:31:01","guid":{"rendered":"https:\/\/apan.gob.mx\/portal\/?p=14840"},"modified":"2023-04-13T12:42:02","modified_gmt":"2023-04-13T18:42:02","slug":"el-dia-que-las-catafixias-llegaron-a-apan-asi-fue-la-visita-de-xavier-lopez-chabelo-al-municipio","status":"publish","type":"post","link":"https:\/\/apan.gob.mx\/portal\/2023\/04\/07\/el-dia-que-las-catafixias-llegaron-a-apan-asi-fue-la-visita-de-xavier-lopez-chabelo-al-municipio\/","title":{"rendered":"El d\u00eda que las catafixias llegaron a Apan, as\u00ed fue la visita de Xavier L\u00f3pez &#8220;Chabelo&#8221; al municipio"},"content":{"rendered":"\n<p>Un d\u00eda como hoy pero en la d\u00e9cada de los 80s, el amigo de todos los ni\u00f1os se present\u00f3 en la feria de Apan<\/p>\n\n\n\n<p>La muerte de Xavier L\u00f3pez, actor que dio vida al emblem\u00e1tico &#8220;Chabelo&#8221; y que por 40 a\u00f1os anim\u00f3 las ma\u00f1anas dominicales de las familias mexicanas, tom\u00f3 por sorpresa a sus fans apanenses, al <a><\/a>presentarse un viernes santo en el foro del pueblo de la Feria de Semana Santa, en donde las catafixias, concursos y regalos fueron repartidos por el comediante a la ciudadan\u00eda Hidalguense.<\/p>\n\n\n\n<p>En punto de las 7pm y ante un jard\u00edn municipal abarrotado, el programa &#8220;En familia con chabelo&#8221; salt\u00f3 de la pantalla chica para presentarse en el escenario acondicionado con cortinas y focos de colores listos para recibir al comediante, quien arrib\u00f3 frente a Presidencia Municipal, acompa\u00f1ado de dos de sus edecanes y miles de ni\u00f1as y ni\u00f1os ovacionado al actor.<\/p>\n\n\n\n<p>Al concluir el show, chabelo fue llevado a la casa de la familia Ju\u00e1rez Apud, donde ya lo esperaban con una gran cena, a la uzanza de la \u00e9poca.<\/p>\n\n\n\n<p>Pero&#8230; \u00bfC\u00f3mo fue que lleg\u00f3 a Apan?<\/p>\n\n\n\n<p>Siendo Presidente Municipal el Sr. Ricardo del Razo y por medio del Comit\u00e9 de Festejos Municipales, Presidido por el Prof. Eduardo Ju\u00e1rez Apud quien adem\u00e1s de ser un gran amigo y seguidor de Chabelo, fue due\u00f1o de una de las muebler\u00edas m\u00e1s grandes e importantes del municipio, llamada &#8220;Nueva de Apan&#8221;, lugar de donde salieron salas, comedores, bicicletas, estufas y avalanchas repartidas durante el show de chabelo aquella tarde.<\/p>\n\n\n\n<p>Previo a este gran acontecimiento, el Prof. Eduardo Ju\u00e1rez Apud platic\u00f3 con Xavier L\u00f3pez para hacerle la invitaci\u00f3n a participar en el foro del pueblo de la tradicional feria de Semana Santa en Apan, por lo que chabelo acept\u00f3 gustoso e hizo menci\u00f3n que no cobrar\u00eda ni un s\u00f3lo peso, lo \u00fanico que ped\u00eda al Comit\u00e9 de Festejos Municipales y a Presidencia Municipal era un deducible de impuestos para as\u00ed dar su show en el <a href=\"https:\/\/www.facebook.com\/hashtag\/altiplanohidalguense?__eep__=6&amp;__cft__[0]=AZVrf-q8aMBq4Fo5XcNx3LtXS5Fx3PCVtoBQkKWI1xv183917FD0opHuvmcrasoe0g6mMpUIvoTveR-7EtEO8yTetcQTY76ECOTv5crdyMFxn0chiWQwrAogjNZMRzuP3TGyaEoYfa5uRXpnXhg5qD_ypGaYp5jgxB2rd269q5V01fxDRd_I6BfkIryReG3EZaAZZMJabJ0R6fc_ap5SCxkJ&amp;__tn__=*NK-R\">#AltiplanoHidalguense<\/a>.<\/p>\n\n\n\n<p>Seg\u00fan datos proporcionados por la familia Ju\u00e1rez Apud, Chabelo gustaba de comer los escamoles y gusanos de Maguey de la regi\u00f3n, adem\u00e1s de una gran afici\u00f3n por la tauromaquia y por las haciendas pulqueras de Apan.<\/p>\n\n\n\n<p>Interesante&#8230; \u00bfNo?<\/p>\n\n\n\n<p>Si t\u00fa o alguien que conoces tuvo la oportunidad de presenciar este magn\u00edfico show y cuenta con alguna an\u00e9cdota o fotograf\u00eda del momento, compartenos en los comentarios.<\/p>\n\n\n\n<p>Agradecemos de forma especial al Sr. Eduardo Ju\u00e1rez y familia de Restaurante Fonda del \u00c1ngel por compartirnos fotograf\u00edas y datos interesantes, as\u00ed como a Adip Ju\u00e1rez de <a href=\"https:\/\/www.facebook.com\/ElMilagrosoSanAntonio?__cft__[0]=AZVrf-q8aMBq4Fo5XcNx3LtXS5Fx3PCVtoBQkKWI1xv183917FD0opHuvmcrasoe0g6mMpUIvoTveR-7EtEO8yTetcQTY76ECOTv5crdyMFxn0chiWQwrAogjNZMRzuP3TGyaEoYfa5uRXpnXhg5qD_ypGaYp5jgxB2rd269q5V01fxDRd_I6BfkIryReG3EZaAZZMJabJ0R6fc_ap5SCxkJ&amp;__tn__=-]K-R\">Cafeter\u00eda El Milagroso<\/a> por ser el enlace.<\/p>\n\n\n\n<figure class=\"wp-block-gallery has-nested-images columns-default is-cropped wp-block-gallery-1 is-layout-flex wp-block-gallery-is-layout-flex\">\n<figure class=\"wp-block-image size-large\"><img data-recalc-dims=\"1\" fetchpriority=\"high\" decoding=\"async\" width=\"776\" height=\"618\" data-id=\"14842\" src=\"https:\/\/i0.wp.com\/apan.gob.mx\/portal\/wp-content\/uploads\/2023\/04\/340024948_749275476926354_2921033141225349235_n.jpg?resize=776%2C618&#038;ssl=1\" alt=\"\" class=\"wp-image-14842\" srcset=\"https:\/\/i0.wp.com\/apan.gob.mx\/portal\/wp-content\/uploads\/2023\/04\/340024948_749275476926354_2921033141225349235_n.jpg?w=776&amp;ssl=1 776w, https:\/\/i0.wp.com\/apan.gob.mx\/portal\/wp-content\/uploads\/2023\/04\/340024948_749275476926354_2921033141225349235_n.jpg?resize=300%2C239&amp;ssl=1 300w, https:\/\/i0.wp.com\/apan.gob.mx\/portal\/wp-content\/uploads\/2023\/04\/340024948_749275476926354_2921033141225349235_n.jpg?resize=768%2C612&amp;ssl=1 768w\" sizes=\"(max-width: 776px) 100vw, 776px\" \/><\/figure>\n\n\n\n<figure class=\"wp-block-image size-large\"><img data-recalc-dims=\"1\" decoding=\"async\" width=\"956\" height=\"699\" data-id=\"14843\" src=\"https:\/\/i0.wp.com\/apan.gob.mx\/portal\/wp-content\/uploads\/2023\/04\/340027757_183826744455608_312613018416880835_n.jpg?resize=956%2C699&#038;ssl=1\" alt=\"\" class=\"wp-image-14843\" srcset=\"https:\/\/i0.wp.com\/apan.gob.mx\/portal\/wp-content\/uploads\/2023\/04\/340027757_183826744455608_312613018416880835_n.jpg?w=956&amp;ssl=1 956w, https:\/\/i0.wp.com\/apan.gob.mx\/portal\/wp-content\/uploads\/2023\/04\/340027757_183826744455608_312613018416880835_n.jpg?resize=300%2C219&amp;ssl=1 300w, https:\/\/i0.wp.com\/apan.gob.mx\/portal\/wp-content\/uploads\/2023\/04\/340027757_183826744455608_312613018416880835_n.jpg?resize=768%2C562&amp;ssl=1 768w\" sizes=\"(max-width: 956px) 100vw, 956px\" \/><\/figure>\n<\/figure>\n","protected":false},"excerpt":{"rendered":"<p>Un d\u00eda como hoy pero en la d\u00e9cada de los 80s, el amigo de todos los ni\u00f1os se present\u00f3 en la feria de Apan La muerte de Xavier L\u00f3pez, actor que dio vida al emblem\u00e1tico &#8220;Chabelo&#8221; y que por 40 a\u00f1os anim\u00f3 las ma\u00f1anas dominicales de las familias mexicanas, tom\u00f3 por sorpresa a sus fans [&hellip;]<\/p>\n","protected":false},"author":4,"featured_media":14841,"comment_status":"closed","ping_status":"closed","sticky":false,"template":"","format":"standard","meta":{"_jetpack_memberships_contains_paid_content":false,"footnotes":""},"categories":[1],"tags":[],"class_list":["post-14840","post","type-post","status-publish","format-standard","has-post-thumbnail","hentry","category-uncategorized"],"jetpack_featured_media_url":"https:\/\/i0.wp.com\/apan.gob.mx\/portal\/wp-content\/uploads\/2023\/04\/340014082_1264068361199117_1591634368264512727_n.jpg?fit=701%2C438&ssl=1","jetpack_sharing_enabled":true,"_links":{"self":[{"href":"https:\/\/apan.gob.mx\/portal\/wp-json\/wp\/v2\/posts\/14840","targetHints":{"allow":["GET"]}}],"collection":[{"href":"https:\/\/apan.gob.mx\/portal\/wp-json\/wp\/v2\/posts"}],"about":[{"href":"https:\/\/apan.gob.mx\/portal\/wp-json\/wp\/v2\/types\/post"}],"author":[{"embeddable":true,"href":"https:\/\/apan.gob.mx\/portal\/wp-json\/wp\/v2\/users\/4"}],"replies":[{"embeddable":true,"href":"https:\/\/apan.gob.mx\/portal\/wp-json\/wp\/v2\/comments?post=14840"}],"version-history":[{"count":1,"href":"https:\/\/apan.gob.mx\/portal\/wp-json\/wp\/v2\/posts\/14840\/revisions"}],"predecessor-version":[{"id":14844,"href":"https:\/\/apan.gob.mx\/portal\/wp-json\/wp\/v2\/posts\/14840\/revisions\/14844"}],"wp:featuredmedia":[{"embeddable":true,"href":"https:\/\/apan.gob.mx\/portal\/wp-json\/wp\/v2\/media\/14841"}],"wp:attachment":[{"href":"https:\/\/apan.gob.mx\/portal\/wp-json\/wp\/v2\/media?parent=14840"}],"wp:term":[{"taxonomy":"category","embeddable":true,"href":"https:\/\/apan.gob.mx\/portal\/wp-json\/wp\/v2\/categories?post=14840"},{"taxonomy":"post_tag","embeddable":true,"href":"https:\/\/apan.gob.mx\/portal\/wp-json\/wp\/v2\/tags?post=14840"}],"curies":[{"name":"wp","href":"https:\/\/api.w.org\/{rel}","templated":true}]}}