{"id":14850,"date":"2023-04-07T23:59:00","date_gmt":"2023-04-08T05:59:00","guid":{"rendered":"https:\/\/apan.gob.mx\/portal\/?p=14850"},"modified":"2023-04-13T13:10:53","modified_gmt":"2023-04-13T19:10:53","slug":"ni-el-frio-ni-la-lluvia-impidieron-que-banda-pequenos-musical-brillaran-en-el-escenario-de-la-feria-de-apan","status":"publish","type":"post","link":"https:\/\/apan.gob.mx\/portal\/2023\/04\/07\/ni-el-frio-ni-la-lluvia-impidieron-que-banda-pequenos-musical-brillaran-en-el-escenario-de-la-feria-de-apan\/","title":{"rendered":"Ni el fr\u00edo ni la lluvia impidieron que Banda Peque\u00f1os Musical brillaran en el escenario de la Feria de Apan"},"content":{"rendered":"\n<p>Eventos y grupos de calidad son los que merece el municipio, asegur\u00f3 Lupita Mu\u00f1oz Romero.<\/p>\n\n\n\n<p>La Agrupaci\u00f3n Jalisciense &#8220;Peque\u00f1os Musical&#8221; se present\u00f3 esta noche en el foro del pueblo de la Feria del Maguey y la Cebada Apan 2023, logrando abarrotar en su totalidad el jard\u00edn municipal.<\/p>\n\n\n\n<p>con <a><\/a>m\u00e1s de 30 a\u00f1os de trayectoria musical, llena de reconocimientos tanto en M\u00e9xico como en la Uni\u00f3n Americana, la agrupaci\u00f3n puso a bailar y a cantar a todos sus fan\u00e1ticos presentes con \u00e9xitos que los llevaron a la fama mundial como \u201cLa Cuca\u201d, \u201cY yo que te amo\u201d, \u201cMujer infiel\u201d, entre tantos otros temas que las personas disfrutaron escuchar y cantar en el <a href=\"https:\/\/www.facebook.com\/hashtag\/altiplanohidalguense?__eep__=6&amp;__cft__[0]=AZWq-vQnDOvCuAWEHajkVTxwOcJCRhCKurpm43A1obPL-Fl5ptH6nVmehg2hlYpieV03URsb9oX1xBVy6JG8DXofToCeqmcNjrYU_38hPpL7gB_260a6RXalVC-oWsd_RkBQoFzRAQrsXHK5Xli-V6OIX08Hj-EC6FmD6ytIeGOSj3j13H_xJ65r22Dkq49z0_GFYwA_oLFJbwhL305m_CAR&amp;__tn__=*NK-R\">#AltiplanoHidalguense<\/a>.<\/p>\n\n\n\n<p>Show que cumpli\u00f3 con todas las expectativas del p\u00fablico apanense, creando una atm\u00f3sfera espectacular para todas y todos quienes sin importar el clima esperaron hasta el \u00faltimo momento de la presentaci\u00f3n. De esta forma, se cierra con broche de oro un d\u00eda m\u00e1s de actividades en la <a href=\"https:\/\/www.facebook.com\/hashtag\/feriadelmagueyylacebadaapan2023?__eep__=6&amp;__cft__[0]=AZWq-vQnDOvCuAWEHajkVTxwOcJCRhCKurpm43A1obPL-Fl5ptH6nVmehg2hlYpieV03URsb9oX1xBVy6JG8DXofToCeqmcNjrYU_38hPpL7gB_260a6RXalVC-oWsd_RkBQoFzRAQrsXHK5Xli-V6OIX08Hj-EC6FmD6ytIeGOSj3j13H_xJ65r22Dkq49z0_GFYwA_oLFJbwhL305m_CAR&amp;__tn__=*NK-R\">#FeriaDelMagueyYLaCebadaApan2023<\/a>.<\/p>\n\n\n\n<p>El Ayuntamiento de Apan se enorgullece en invitarte a seguir disfrutando de esta gran fiesta para los apanenses<\/p>\n\n\n\n<figure class=\"wp-block-gallery has-nested-images columns-default is-cropped wp-block-gallery-1 is-layout-flex wp-block-gallery-is-layout-flex\">\n<figure class=\"wp-block-image size-large\"><img data-recalc-dims=\"1\" fetchpriority=\"high\" decoding=\"async\" width=\"683\" height=\"1024\" data-id=\"14853\" src=\"https:\/\/i0.wp.com\/apan.gob.mx\/portal\/wp-content\/uploads\/2023\/04\/340134464_1002807657801162_5175321063632392029_n.jpg?resize=683%2C1024&#038;ssl=1\" alt=\"\" class=\"wp-image-14853\" srcset=\"https:\/\/i0.wp.com\/apan.gob.mx\/portal\/wp-content\/uploads\/2023\/04\/340134464_1002807657801162_5175321063632392029_n.jpg?resize=683%2C1024&amp;ssl=1 683w, https:\/\/i0.wp.com\/apan.gob.mx\/portal\/wp-content\/uploads\/2023\/04\/340134464_1002807657801162_5175321063632392029_n.jpg?resize=200%2C300&amp;ssl=1 200w, https:\/\/i0.wp.com\/apan.gob.mx\/portal\/wp-content\/uploads\/2023\/04\/340134464_1002807657801162_5175321063632392029_n.jpg?resize=768%2C1152&amp;ssl=1 768w, https:\/\/i0.wp.com\/apan.gob.mx\/portal\/wp-content\/uploads\/2023\/04\/340134464_1002807657801162_5175321063632392029_n.jpg?resize=1024%2C1536&amp;ssl=1 1024w, https:\/\/i0.wp.com\/apan.gob.mx\/portal\/wp-content\/uploads\/2023\/04\/340134464_1002807657801162_5175321063632392029_n.jpg?w=1365&amp;ssl=1 1365w\" sizes=\"(max-width: 683px) 100vw, 683px\" \/><\/figure>\n\n\n\n<figure class=\"wp-block-image size-large\"><img data-recalc-dims=\"1\" decoding=\"async\" width=\"683\" height=\"1024\" data-id=\"14852\" src=\"https:\/\/i0.wp.com\/apan.gob.mx\/portal\/wp-content\/uploads\/2023\/04\/340156939_750324576534337_1610816853783959220_n.jpg?resize=683%2C1024&#038;ssl=1\" alt=\"\" class=\"wp-image-14852\" srcset=\"https:\/\/i0.wp.com\/apan.gob.mx\/portal\/wp-content\/uploads\/2023\/04\/340156939_750324576534337_1610816853783959220_n.jpg?resize=683%2C1024&amp;ssl=1 683w, https:\/\/i0.wp.com\/apan.gob.mx\/portal\/wp-content\/uploads\/2023\/04\/340156939_750324576534337_1610816853783959220_n.jpg?resize=200%2C300&amp;ssl=1 200w, https:\/\/i0.wp.com\/apan.gob.mx\/portal\/wp-content\/uploads\/2023\/04\/340156939_750324576534337_1610816853783959220_n.jpg?resize=768%2C1152&amp;ssl=1 768w, https:\/\/i0.wp.com\/apan.gob.mx\/portal\/wp-content\/uploads\/2023\/04\/340156939_750324576534337_1610816853783959220_n.jpg?resize=1024%2C1536&amp;ssl=1 1024w, https:\/\/i0.wp.com\/apan.gob.mx\/portal\/wp-content\/uploads\/2023\/04\/340156939_750324576534337_1610816853783959220_n.jpg?w=1365&amp;ssl=1 1365w\" sizes=\"(max-width: 683px) 100vw, 683px\" \/><\/figure>\n<\/figure>\n","protected":false},"excerpt":{"rendered":"<p>Eventos y grupos de calidad son los que merece el municipio, asegur\u00f3 Lupita Mu\u00f1oz Romero. La Agrupaci\u00f3n Jalisciense &#8220;Peque\u00f1os Musical&#8221; se present\u00f3 esta noche en el foro del pueblo de la Feria del Maguey y la Cebada Apan 2023, logrando abarrotar en su totalidad el jard\u00edn municipal. con m\u00e1s de 30 a\u00f1os de trayectoria musical, [&hellip;]<\/p>\n","protected":false},"author":4,"featured_media":14851,"comment_status":"closed","ping_status":"closed","sticky":false,"template":"","format":"standard","meta":{"_jetpack_memberships_contains_paid_content":false,"footnotes":""},"categories":[1],"tags":[],"class_list":["post-14850","post","type-post","status-publish","format-standard","has-post-thumbnail","hentry","category-uncategorized"],"jetpack_featured_media_url":"https:\/\/i0.wp.com\/apan.gob.mx\/portal\/wp-content\/uploads\/2023\/04\/340247395_584503046951690_1237402614380767150_n.jpg?fit=2048%2C1365&ssl=1","jetpack_sharing_enabled":true,"_links":{"self":[{"href":"https:\/\/apan.gob.mx\/portal\/wp-json\/wp\/v2\/posts\/14850","targetHints":{"allow":["GET"]}}],"collection":[{"href":"https:\/\/apan.gob.mx\/portal\/wp-json\/wp\/v2\/posts"}],"about":[{"href":"https:\/\/apan.gob.mx\/portal\/wp-json\/wp\/v2\/types\/post"}],"author":[{"embeddable":true,"href":"https:\/\/apan.gob.mx\/portal\/wp-json\/wp\/v2\/users\/4"}],"replies":[{"embeddable":true,"href":"https:\/\/apan.gob.mx\/portal\/wp-json\/wp\/v2\/comments?post=14850"}],"version-history":[{"count":1,"href":"https:\/\/apan.gob.mx\/portal\/wp-json\/wp\/v2\/posts\/14850\/revisions"}],"predecessor-version":[{"id":14854,"href":"https:\/\/apan.gob.mx\/portal\/wp-json\/wp\/v2\/posts\/14850\/revisions\/14854"}],"wp:featuredmedia":[{"embeddable":true,"href":"https:\/\/apan.gob.mx\/portal\/wp-json\/wp\/v2\/media\/14851"}],"wp:attachment":[{"href":"https:\/\/apan.gob.mx\/portal\/wp-json\/wp\/v2\/media?parent=14850"}],"wp:term":[{"taxonomy":"category","embeddable":true,"href":"https:\/\/apan.gob.mx\/portal\/wp-json\/wp\/v2\/categories?post=14850"},{"taxonomy":"post_tag","embeddable":true,"href":"https:\/\/apan.gob.mx\/portal\/wp-json\/wp\/v2\/tags?post=14850"}],"curies":[{"name":"wp","href":"https:\/\/api.w.org\/{rel}","templated":true}]}}