{"id":14860,"date":"2023-04-08T23:59:00","date_gmt":"2023-04-09T05:59:00","guid":{"rendered":"https:\/\/apan.gob.mx\/portal\/?p=14860"},"modified":"2023-04-13T13:29:30","modified_gmt":"2023-04-13T19:29:30","slug":"espectacular-asi-se-vivio-el-concierto-gratuito-de-elefante-en-apan","status":"publish","type":"post","link":"https:\/\/apan.gob.mx\/portal\/2023\/04\/08\/espectacular-asi-se-vivio-el-concierto-gratuito-de-elefante-en-apan\/","title":{"rendered":"\u00a1Espectacular! As\u00ed se vivi\u00f3 el concierto gratuito de Elefante en Apan"},"content":{"rendered":"\n<p>Poco m\u00e1s de 10mil personas corearon los \u00e9xitos de esta agrupaci\u00f3n.<\/p>\n\n\n\n<p>Fue al filo de las 10:30pm y despu\u00e9s de una lluvia intensa, Ahis, Iguana, Javier Ortega, Rafa y G. Tracks de &#8220;Elefante&#8221; pisaron el gran escenario del foro del pueblo de la <a href=\"https:\/\/www.facebook.com\/hashtag\/feriadelmagueyylacebadaapan2023?__eep__=6&amp;__cft__[0]=AZW3Umr8cYl6g65CXxjrGjspkAILifWrHT62P86x-YjGM57LpMuEzUASrJZ61NmIDd7bcgKArC0y-ZNYWAdf15lKWjsp5rBw6K817BTcZoWoZDPfbew9zkFG00O0Qo-4c3cQqclQLNoNCCqk9bSSNJSYiOzM8J7meYUgqnwgiSJau6LZAGRY2ZRdapuJkytwHItIISDyBpQEY2MeGytYyins&amp;__tn__=*NK-R\">#FeriaDelMagueyYLaCebadaApan2023<\/a> para deleitar al p\u00fablico asistente con su \u00e9xitos.<\/p>\n\n\n\n<p><a><\/a>&#8220;Mentirosa&#8221;, &#8220;El abandonado&#8221;, &#8220;Sabor a chocolate&#8221;, &#8220;As\u00ed es la vida&#8221;, &#8220;\u00c1ngel&#8221; entre otros \u00e9xitos fueron cantados por poco m\u00e1s de 10 mil personas que se dieron cita en el jard\u00edn municipal, evento gratuito que pudo ser disfrutado por los fans del <a href=\"https:\/\/www.facebook.com\/hashtag\/altiplanohidalguense?__eep__=6&amp;__cft__[0]=AZW3Umr8cYl6g65CXxjrGjspkAILifWrHT62P86x-YjGM57LpMuEzUASrJZ61NmIDd7bcgKArC0y-ZNYWAdf15lKWjsp5rBw6K817BTcZoWoZDPfbew9zkFG00O0Qo-4c3cQqclQLNoNCCqk9bSSNJSYiOzM8J7meYUgqnwgiSJau6LZAGRY2ZRdapuJkytwHItIISDyBpQEY2MeGytYyins&amp;__tn__=*NK-R\">#AltiplanoHidalguense<\/a>.<\/p>\n\n\n\n<p>En entrevista Javi Cantero, vocalista de la agrupaci\u00f3n, agradeci\u00f3 al p\u00fablico Apanense por seguir formando parte de la historia de Elefante, escuchando su m\u00fasica, acudiendo a sus conciertos y mostrando su cari\u00f1o en cada una de sus presentaciones, as\u00ed mismo felicit\u00f3 y agradeci\u00f3 la anfitrion\u00eda de la Alcaldesa Lupita Mu\u00f1oz Romero.<\/p>\n\n\n\n<p>Entre aplausos y ovaciones de los asistentes, la agrupaci\u00f3n mexicana cerr\u00f3 este noveno d\u00eda de actividades de la Feria de Apan<\/p>\n\n\n\n<p>Elefante lleg\u00f3 al municipio gracias al Gobierno Municipal, quien a trav\u00e9s del Lic. Edson Edir L\u00f3pez Herrera de la Direcci\u00f3n de Turismo y <a href=\"https:\/\/www.facebook.com\/HercaProducciones?__cft__[0]=AZW3Umr8cYl6g65CXxjrGjspkAILifWrHT62P86x-YjGM57LpMuEzUASrJZ61NmIDd7bcgKArC0y-ZNYWAdf15lKWjsp5rBw6K817BTcZoWoZDPfbew9zkFG00O0Qo-4c3cQqclQLNoNCCqk9bSSNJSYiOzM8J7meYUgqnwgiSJau6LZAGRY2ZRdapuJkytwHItIISDyBpQEY2MeGytYyins&amp;__tn__=-]K-R\">Herca Producciones<\/a> lograron que Apan tuviera nuevamente una feria realmente espectacular, gratuita y con artistas de talla nacional e internacional.<\/p>\n\n\n\n<p>\u00a1Te esperamos!<\/p>\n\n\n\n<figure class=\"wp-block-gallery has-nested-images columns-default is-cropped wp-block-gallery-1 is-layout-flex wp-block-gallery-is-layout-flex\">\n<figure class=\"wp-block-image size-large\"><img data-recalc-dims=\"1\" fetchpriority=\"high\" decoding=\"async\" width=\"1024\" height=\"683\" data-id=\"14864\" src=\"https:\/\/i0.wp.com\/apan.gob.mx\/portal\/wp-content\/uploads\/2023\/04\/340325460_606660794669625_966960228886916370_n.jpg?resize=1024%2C683&#038;ssl=1\" alt=\"\" class=\"wp-image-14864\" srcset=\"https:\/\/i0.wp.com\/apan.gob.mx\/portal\/wp-content\/uploads\/2023\/04\/340325460_606660794669625_966960228886916370_n.jpg?resize=1024%2C683&amp;ssl=1 1024w, https:\/\/i0.wp.com\/apan.gob.mx\/portal\/wp-content\/uploads\/2023\/04\/340325460_606660794669625_966960228886916370_n.jpg?resize=300%2C200&amp;ssl=1 300w, https:\/\/i0.wp.com\/apan.gob.mx\/portal\/wp-content\/uploads\/2023\/04\/340325460_606660794669625_966960228886916370_n.jpg?resize=768%2C512&amp;ssl=1 768w, https:\/\/i0.wp.com\/apan.gob.mx\/portal\/wp-content\/uploads\/2023\/04\/340325460_606660794669625_966960228886916370_n.jpg?resize=1536%2C1024&amp;ssl=1 1536w, https:\/\/i0.wp.com\/apan.gob.mx\/portal\/wp-content\/uploads\/2023\/04\/340325460_606660794669625_966960228886916370_n.jpg?w=2048&amp;ssl=1 2048w\" sizes=\"(max-width: 1000px) 100vw, 1000px\" \/><\/figure>\n\n\n\n<figure class=\"wp-block-image size-large\"><img data-recalc-dims=\"1\" decoding=\"async\" width=\"683\" height=\"1024\" data-id=\"14863\" src=\"https:\/\/i0.wp.com\/apan.gob.mx\/portal\/wp-content\/uploads\/2023\/04\/340423181_913582603187091_8075651765547066364_n.jpg?resize=683%2C1024&#038;ssl=1\" alt=\"\" class=\"wp-image-14863\" srcset=\"https:\/\/i0.wp.com\/apan.gob.mx\/portal\/wp-content\/uploads\/2023\/04\/340423181_913582603187091_8075651765547066364_n.jpg?resize=683%2C1024&amp;ssl=1 683w, https:\/\/i0.wp.com\/apan.gob.mx\/portal\/wp-content\/uploads\/2023\/04\/340423181_913582603187091_8075651765547066364_n.jpg?resize=200%2C300&amp;ssl=1 200w, https:\/\/i0.wp.com\/apan.gob.mx\/portal\/wp-content\/uploads\/2023\/04\/340423181_913582603187091_8075651765547066364_n.jpg?resize=768%2C1152&amp;ssl=1 768w, https:\/\/i0.wp.com\/apan.gob.mx\/portal\/wp-content\/uploads\/2023\/04\/340423181_913582603187091_8075651765547066364_n.jpg?resize=1024%2C1536&amp;ssl=1 1024w, https:\/\/i0.wp.com\/apan.gob.mx\/portal\/wp-content\/uploads\/2023\/04\/340423181_913582603187091_8075651765547066364_n.jpg?w=1365&amp;ssl=1 1365w\" sizes=\"(max-width: 683px) 100vw, 683px\" \/><\/figure>\n<\/figure>\n","protected":false},"excerpt":{"rendered":"<p>Poco m\u00e1s de 10mil personas corearon los \u00e9xitos de esta agrupaci\u00f3n. Fue al filo de las 10:30pm y despu\u00e9s de una lluvia intensa, Ahis, Iguana, Javier Ortega, Rafa y G. Tracks de &#8220;Elefante&#8221; pisaron el gran escenario del foro del pueblo de la #FeriaDelMagueyYLaCebadaApan2023 para deleitar al p\u00fablico asistente con su \u00e9xitos. &#8220;Mentirosa&#8221;, &#8220;El abandonado&#8221;, [&hellip;]<\/p>\n","protected":false},"author":4,"featured_media":14862,"comment_status":"closed","ping_status":"closed","sticky":false,"template":"","format":"standard","meta":{"_jetpack_memberships_contains_paid_content":false,"footnotes":""},"categories":[1],"tags":[],"class_list":["post-14860","post","type-post","status-publish","format-standard","has-post-thumbnail","hentry","category-uncategorized"],"jetpack_featured_media_url":"https:\/\/i0.wp.com\/apan.gob.mx\/portal\/wp-content\/uploads\/2023\/04\/340379111_6222269634500594_6886304569023324496_n.jpg?fit=2048%2C1365&ssl=1","jetpack_sharing_enabled":true,"_links":{"self":[{"href":"https:\/\/apan.gob.mx\/portal\/wp-json\/wp\/v2\/posts\/14860","targetHints":{"allow":["GET"]}}],"collection":[{"href":"https:\/\/apan.gob.mx\/portal\/wp-json\/wp\/v2\/posts"}],"about":[{"href":"https:\/\/apan.gob.mx\/portal\/wp-json\/wp\/v2\/types\/post"}],"author":[{"embeddable":true,"href":"https:\/\/apan.gob.mx\/portal\/wp-json\/wp\/v2\/users\/4"}],"replies":[{"embeddable":true,"href":"https:\/\/apan.gob.mx\/portal\/wp-json\/wp\/v2\/comments?post=14860"}],"version-history":[{"count":1,"href":"https:\/\/apan.gob.mx\/portal\/wp-json\/wp\/v2\/posts\/14860\/revisions"}],"predecessor-version":[{"id":14865,"href":"https:\/\/apan.gob.mx\/portal\/wp-json\/wp\/v2\/posts\/14860\/revisions\/14865"}],"wp:featuredmedia":[{"embeddable":true,"href":"https:\/\/apan.gob.mx\/portal\/wp-json\/wp\/v2\/media\/14862"}],"wp:attachment":[{"href":"https:\/\/apan.gob.mx\/portal\/wp-json\/wp\/v2\/media?parent=14860"}],"wp:term":[{"taxonomy":"category","embeddable":true,"href":"https:\/\/apan.gob.mx\/portal\/wp-json\/wp\/v2\/categories?post=14860"},{"taxonomy":"post_tag","embeddable":true,"href":"https:\/\/apan.gob.mx\/portal\/wp-json\/wp\/v2\/tags?post=14860"}],"curies":[{"name":"wp","href":"https:\/\/api.w.org\/{rel}","templated":true}]}}