{"id":14866,"date":"2023-04-09T13:31:36","date_gmt":"2023-04-09T19:31:36","guid":{"rendered":"https:\/\/apan.gob.mx\/portal\/?p=14866"},"modified":"2023-04-13T13:35:09","modified_gmt":"2023-04-13T19:35:09","slug":"un-regalo-a-la-imaginacion-con-romerypunto","status":"publish","type":"post","link":"https:\/\/apan.gob.mx\/portal\/2023\/04\/09\/un-regalo-a-la-imaginacion-con-romerypunto\/","title":{"rendered":"Un regalo a la imaginaci\u00f3n con RomerYPunto"},"content":{"rendered":"\n<p>Decenas de apanenses y visitantes disfrutaron de un show de cuenta cuentos al aire libre en la feria de Apan<\/p>\n\n\n\n<p><a href=\"https:\/\/www.facebook.com\/Romerypunto?__cft__[0]=AZVqq-zFSJxflhQ6jaB7cZJMaVWon0ojq4DbMxiOIG1cfv44i1bHzQLoz1M3u6AMNZxotZ-QaABsNzipLC7tu2sCJO_sDTgARgqnoljLFfpF_mS8-Hz8rBMeDJtW3dBtCNjyOXB3UOvQLzC8h1ydMULiMwLi1UriqRnkhH0oCOttTTS0zIZmUb5rSPlIayZd-3JLL4X5qEnB_5CA-oMVs94r&amp;__tn__=-]K-R\">Romerypunto<\/a> , venezolano de nacimiento pero apanense de coraz\u00f3n se present\u00f3 esta ma\u00f1ana en la explanada del Jard\u00edn Municipal de <a href=\"https:\/\/www.facebook.com\/hashtag\/apan?__eep__=6&amp;__cft__[0]=AZVqq-zFSJxflhQ6jaB7cZJMaVWon0ojq4DbMxiOIG1cfv44i1bHzQLoz1M3u6AMNZxotZ-QaABsNzipLC7tu2sCJO_sDTgARgqnoljLFfpF_mS8-Hz8rBMeDJtW3dBtCNjyOXB3UOvQLzC8h1ydMULiMwLi1UriqRnkhH0oCOttTTS0zIZmUb5rSPlIayZd-3JLL4X5qEnB_5CA-oMVs94r&amp;__tn__=*NK-R\">#Apan<\/a>, como parte de las actividades de la Feria del Maguey y la Cebada Apan 2023.<\/p>\n\n\n\n<p><a><\/a>\u00bfListo para dejar volar tu imaginaci\u00f3n con un buen cuento? Si nunca te has emocionado de pies a cabeza con un cuento es porque nunca te lo han contado bien, los cuentacuentos como &#8220;Romer y Punto&#8221; son personas que tienen el super poder para transportarnos con sus historias y traernos a la realidad dragones, princesas, reyes, animales y un sinf\u00edn de cosas que no ser\u00edan posibles sin la imaginaci\u00f3n.<\/p>\n\n\n\n<p>Edici\u00f3n que lleg\u00f3 gracias a la Presidencia Municipal de Apan que encabeza Lupita Mu\u00f1oz Romero a trav\u00e9s del SIPINNA Apan quienes preocupados y ocupados por fomentar los valores, el respeto a los derechos humanos y el sano esparcimiento entre ni\u00f1as, ni\u00f1os, adolescentes y adultos, realizan actividades musicales, culturales y sociales que permitan desarrollar la imaginaci\u00f3n de las y los asistentes.<\/p>\n\n\n\n<p>Entre risas, canciones, aplausos y divertidas historias, Romer y Punto logr\u00f3 que las familias pasaran un extraordinario domingo en el parque de Apan.<\/p>\n\n\n\n<p>Te invitamos a estar pendiente de pr\u00f3ximas publicaciones para que t\u00fa o alguien que conoces disfrute del trabajo de este gran cuenta cuentos.<\/p>\n\n\n\n<figure class=\"wp-block-gallery has-nested-images columns-default is-cropped wp-block-gallery-1 is-layout-flex wp-block-gallery-is-layout-flex\">\n<figure class=\"wp-block-image size-large\"><img data-recalc-dims=\"1\" fetchpriority=\"high\" decoding=\"async\" width=\"1024\" height=\"683\" data-id=\"14868\" src=\"https:\/\/i0.wp.com\/apan.gob.mx\/portal\/wp-content\/uploads\/2023\/04\/340476532_778548363823815_1184256968339653932_n.jpg?resize=1024%2C683&#038;ssl=1\" alt=\"\" class=\"wp-image-14868\" srcset=\"https:\/\/i0.wp.com\/apan.gob.mx\/portal\/wp-content\/uploads\/2023\/04\/340476532_778548363823815_1184256968339653932_n.jpg?resize=1024%2C683&amp;ssl=1 1024w, https:\/\/i0.wp.com\/apan.gob.mx\/portal\/wp-content\/uploads\/2023\/04\/340476532_778548363823815_1184256968339653932_n.jpg?resize=300%2C200&amp;ssl=1 300w, https:\/\/i0.wp.com\/apan.gob.mx\/portal\/wp-content\/uploads\/2023\/04\/340476532_778548363823815_1184256968339653932_n.jpg?resize=768%2C512&amp;ssl=1 768w, https:\/\/i0.wp.com\/apan.gob.mx\/portal\/wp-content\/uploads\/2023\/04\/340476532_778548363823815_1184256968339653932_n.jpg?resize=1536%2C1024&amp;ssl=1 1536w, https:\/\/i0.wp.com\/apan.gob.mx\/portal\/wp-content\/uploads\/2023\/04\/340476532_778548363823815_1184256968339653932_n.jpg?w=2048&amp;ssl=1 2048w\" sizes=\"(max-width: 1000px) 100vw, 1000px\" \/><\/figure>\n<\/figure>\n","protected":false},"excerpt":{"rendered":"<p>Decenas de apanenses y visitantes disfrutaron de un show de cuenta cuentos al aire libre en la feria de Apan Romerypunto , venezolano de nacimiento pero apanense de coraz\u00f3n se present\u00f3 esta ma\u00f1ana en la explanada del Jard\u00edn Municipal de #Apan, como parte de las actividades de la Feria del Maguey y la Cebada Apan [&hellip;]<\/p>\n","protected":false},"author":4,"featured_media":14867,"comment_status":"closed","ping_status":"closed","sticky":false,"template":"","format":"standard","meta":{"_jetpack_memberships_contains_paid_content":false,"footnotes":""},"categories":[1],"tags":[],"class_list":["post-14866","post","type-post","status-publish","format-standard","has-post-thumbnail","hentry","category-uncategorized"],"jetpack_featured_media_url":"https:\/\/i0.wp.com\/apan.gob.mx\/portal\/wp-content\/uploads\/2023\/04\/340467829_550053167288884_7685984468608645803_n.jpg?fit=2048%2C1365&ssl=1","jetpack_sharing_enabled":true,"_links":{"self":[{"href":"https:\/\/apan.gob.mx\/portal\/wp-json\/wp\/v2\/posts\/14866","targetHints":{"allow":["GET"]}}],"collection":[{"href":"https:\/\/apan.gob.mx\/portal\/wp-json\/wp\/v2\/posts"}],"about":[{"href":"https:\/\/apan.gob.mx\/portal\/wp-json\/wp\/v2\/types\/post"}],"author":[{"embeddable":true,"href":"https:\/\/apan.gob.mx\/portal\/wp-json\/wp\/v2\/users\/4"}],"replies":[{"embeddable":true,"href":"https:\/\/apan.gob.mx\/portal\/wp-json\/wp\/v2\/comments?post=14866"}],"version-history":[{"count":1,"href":"https:\/\/apan.gob.mx\/portal\/wp-json\/wp\/v2\/posts\/14866\/revisions"}],"predecessor-version":[{"id":14869,"href":"https:\/\/apan.gob.mx\/portal\/wp-json\/wp\/v2\/posts\/14866\/revisions\/14869"}],"wp:featuredmedia":[{"embeddable":true,"href":"https:\/\/apan.gob.mx\/portal\/wp-json\/wp\/v2\/media\/14867"}],"wp:attachment":[{"href":"https:\/\/apan.gob.mx\/portal\/wp-json\/wp\/v2\/media?parent=14866"}],"wp:term":[{"taxonomy":"category","embeddable":true,"href":"https:\/\/apan.gob.mx\/portal\/wp-json\/wp\/v2\/categories?post=14866"},{"taxonomy":"post_tag","embeddable":true,"href":"https:\/\/apan.gob.mx\/portal\/wp-json\/wp\/v2\/tags?post=14866"}],"curies":[{"name":"wp","href":"https:\/\/api.w.org\/{rel}","templated":true}]}}