{"id":14870,"date":"2023-04-09T13:36:46","date_gmt":"2023-04-09T19:36:46","guid":{"rendered":"https:\/\/apan.gob.mx\/portal\/?p=14870"},"modified":"2023-04-13T13:39:27","modified_gmt":"2023-04-13T19:39:27","slug":"regresa-la-carrera-atletica-5k-camina-trota-o-corre-al-barrio-del-chilaquil","status":"publish","type":"post","link":"https:\/\/apan.gob.mx\/portal\/2023\/04\/09\/regresa-la-carrera-atletica-5k-camina-trota-o-corre-al-barrio-del-chilaquil\/","title":{"rendered":"Regresa la carrera atl\u00e9tica 5k &#8220;Camina, trota o corre&#8221; al barrio del chilaquil"},"content":{"rendered":"\n<p>Poco m\u00e1s de 130 atletas recorren &#8220;campo traviesa&#8221; del cerro de san pedro en Apan<\/p>\n\n\n\n<p>La ma\u00f1ana del s\u00e1bado de gloria en la Antigua Estaci\u00f3n del Ferrocarril en Apan, arrancaron las actividades deportivas de la Feria del Maguey y la Cebada Apan 2023<\/p>\n\n\n\n<p><a><\/a>Infantil, juvenil, libre, m\u00e1ster y veteranos fueron las categor\u00edas de este importante encuentro, el cual reuni\u00f3 a las autoridades municipales encabezadas por Lupita Mu\u00f1oz Romero, la Secretaria General Municipal, los Titulares de Desarrollo Social y Juventud y Deporte, as\u00ed como a los familiares y amigos de los participantes.<\/p>\n\n\n\n<p>Poco m\u00e1s de 130 atletas entre ni\u00f1as, ni\u00f1os, adolescentes y adultos lograron divertirse y pasar un fin de semana deportivo, por lo que a todos se les entreg\u00f3 una medalla representativa, regalos por parte de los patrocinadores y el reconocimiento del p\u00fablico asistente.<\/p>\n\n\n\n<p>Actividad que promueve la participaci\u00f3n ciudadana, el sano esparcimiento, los buenos h\u00e1bitos y el fomento al deporte en Apan. Por otro lado la Alcaldesa Lupita Mu\u00f1oz Romero en su discurso agradeci\u00f3 a los asistentes y asegur\u00f3 que en su administraci\u00f3n continuar\u00e1n realiz\u00e1ndose eventos deportivos con la finalidad de ayudar al desarrollo de las y los deportistas del <a href=\"https:\/\/www.facebook.com\/hashtag\/altiplanohidalguense?__eep__=6&amp;__cft__[0]=AZWHxglh8715_1sVLmhFC0N3WBHgPIaRmc7LDP0HRZvHzOHz0wJOcZXYdjTAkOzOHaKiRT-MiKRS7GTeL4fcUul9abn0_UJ9Jez0Kv4m6-VIML4pfGECdQ1OHHmBKs1vrgSCe8gae8nrx2U5-MhYSYsvfGvODheoUtfH9BKhs4oR_K0ya1vzhnHmPBVpQI6yUPSlREIP2VUTOgQJ7vtWTxIV&amp;__tn__=*NK-R\">#AltiplanoHidalguense<\/a>.<\/p>\n\n\n\n<p>\u00a1Felicidades a tod@s!<\/p>\n\n\n\n<figure class=\"wp-block-gallery has-nested-images columns-default is-cropped wp-block-gallery-1 is-layout-flex wp-block-gallery-is-layout-flex\">\n<figure class=\"wp-block-image size-large\"><img data-recalc-dims=\"1\" fetchpriority=\"high\" decoding=\"async\" width=\"1024\" height=\"683\" data-id=\"14873\" src=\"https:\/\/i0.wp.com\/apan.gob.mx\/portal\/wp-content\/uploads\/2023\/04\/340473222_930354294862028_8226918874085931521_n.jpg?resize=1024%2C683&#038;ssl=1\" alt=\"\" class=\"wp-image-14873\" srcset=\"https:\/\/i0.wp.com\/apan.gob.mx\/portal\/wp-content\/uploads\/2023\/04\/340473222_930354294862028_8226918874085931521_n.jpg?resize=1024%2C683&amp;ssl=1 1024w, https:\/\/i0.wp.com\/apan.gob.mx\/portal\/wp-content\/uploads\/2023\/04\/340473222_930354294862028_8226918874085931521_n.jpg?resize=300%2C200&amp;ssl=1 300w, https:\/\/i0.wp.com\/apan.gob.mx\/portal\/wp-content\/uploads\/2023\/04\/340473222_930354294862028_8226918874085931521_n.jpg?resize=768%2C512&amp;ssl=1 768w, https:\/\/i0.wp.com\/apan.gob.mx\/portal\/wp-content\/uploads\/2023\/04\/340473222_930354294862028_8226918874085931521_n.jpg?resize=1536%2C1024&amp;ssl=1 1536w, https:\/\/i0.wp.com\/apan.gob.mx\/portal\/wp-content\/uploads\/2023\/04\/340473222_930354294862028_8226918874085931521_n.jpg?w=2048&amp;ssl=1 2048w\" sizes=\"(max-width: 1000px) 100vw, 1000px\" \/><\/figure>\n\n\n\n<figure class=\"wp-block-image size-large\"><img data-recalc-dims=\"1\" decoding=\"async\" width=\"1024\" height=\"683\" data-id=\"14872\" src=\"https:\/\/i0.wp.com\/apan.gob.mx\/portal\/wp-content\/uploads\/2023\/04\/340480673_9156485057756968_5739819226463831659_n.jpg?resize=1024%2C683&#038;ssl=1\" alt=\"\" class=\"wp-image-14872\" srcset=\"https:\/\/i0.wp.com\/apan.gob.mx\/portal\/wp-content\/uploads\/2023\/04\/340480673_9156485057756968_5739819226463831659_n.jpg?resize=1024%2C683&amp;ssl=1 1024w, https:\/\/i0.wp.com\/apan.gob.mx\/portal\/wp-content\/uploads\/2023\/04\/340480673_9156485057756968_5739819226463831659_n.jpg?resize=300%2C200&amp;ssl=1 300w, https:\/\/i0.wp.com\/apan.gob.mx\/portal\/wp-content\/uploads\/2023\/04\/340480673_9156485057756968_5739819226463831659_n.jpg?resize=768%2C512&amp;ssl=1 768w, https:\/\/i0.wp.com\/apan.gob.mx\/portal\/wp-content\/uploads\/2023\/04\/340480673_9156485057756968_5739819226463831659_n.jpg?resize=1536%2C1024&amp;ssl=1 1536w, https:\/\/i0.wp.com\/apan.gob.mx\/portal\/wp-content\/uploads\/2023\/04\/340480673_9156485057756968_5739819226463831659_n.jpg?w=2048&amp;ssl=1 2048w\" sizes=\"(max-width: 1000px) 100vw, 1000px\" \/><\/figure>\n<\/figure>\n","protected":false},"excerpt":{"rendered":"<p>Poco m\u00e1s de 130 atletas recorren &#8220;campo traviesa&#8221; del cerro de san pedro en Apan La ma\u00f1ana del s\u00e1bado de gloria en la Antigua Estaci\u00f3n del Ferrocarril en Apan, arrancaron las actividades deportivas de la Feria del Maguey y la Cebada Apan 2023 Infantil, juvenil, libre, m\u00e1ster y veteranos fueron las categor\u00edas de este importante [&hellip;]<\/p>\n","protected":false},"author":4,"featured_media":14871,"comment_status":"closed","ping_status":"closed","sticky":false,"template":"","format":"standard","meta":{"_jetpack_memberships_contains_paid_content":false,"footnotes":""},"categories":[1],"tags":[],"class_list":["post-14870","post","type-post","status-publish","format-standard","has-post-thumbnail","hentry","category-uncategorized"],"jetpack_featured_media_url":"https:\/\/i0.wp.com\/apan.gob.mx\/portal\/wp-content\/uploads\/2023\/04\/337547818_613351710644855_2985453313969033097_n.jpg?fit=2048%2C1365&ssl=1","jetpack_sharing_enabled":true,"_links":{"self":[{"href":"https:\/\/apan.gob.mx\/portal\/wp-json\/wp\/v2\/posts\/14870","targetHints":{"allow":["GET"]}}],"collection":[{"href":"https:\/\/apan.gob.mx\/portal\/wp-json\/wp\/v2\/posts"}],"about":[{"href":"https:\/\/apan.gob.mx\/portal\/wp-json\/wp\/v2\/types\/post"}],"author":[{"embeddable":true,"href":"https:\/\/apan.gob.mx\/portal\/wp-json\/wp\/v2\/users\/4"}],"replies":[{"embeddable":true,"href":"https:\/\/apan.gob.mx\/portal\/wp-json\/wp\/v2\/comments?post=14870"}],"version-history":[{"count":1,"href":"https:\/\/apan.gob.mx\/portal\/wp-json\/wp\/v2\/posts\/14870\/revisions"}],"predecessor-version":[{"id":14874,"href":"https:\/\/apan.gob.mx\/portal\/wp-json\/wp\/v2\/posts\/14870\/revisions\/14874"}],"wp:featuredmedia":[{"embeddable":true,"href":"https:\/\/apan.gob.mx\/portal\/wp-json\/wp\/v2\/media\/14871"}],"wp:attachment":[{"href":"https:\/\/apan.gob.mx\/portal\/wp-json\/wp\/v2\/media?parent=14870"}],"wp:term":[{"taxonomy":"category","embeddable":true,"href":"https:\/\/apan.gob.mx\/portal\/wp-json\/wp\/v2\/categories?post=14870"},{"taxonomy":"post_tag","embeddable":true,"href":"https:\/\/apan.gob.mx\/portal\/wp-json\/wp\/v2\/tags?post=14870"}],"curies":[{"name":"wp","href":"https:\/\/api.w.org\/{rel}","templated":true}]}}