{"id":30981,"date":"2025-11-25T15:40:19","date_gmt":"2025-11-25T21:40:19","guid":{"rendered":"https:\/\/apan.gob.mx\/portal\/?p=30981"},"modified":"2025-11-25T15:41:31","modified_gmt":"2025-11-25T21:41:31","slug":"marcha-silenciosa-conmemorativa-por-el-dia-internacional-de-laeliminacion-de-la-violencia-contra-las-mujeres","status":"publish","type":"post","link":"https:\/\/apan.gob.mx\/portal\/2025\/11\/25\/marcha-silenciosa-conmemorativa-por-el-dia-internacional-de-laeliminacion-de-la-violencia-contra-las-mujeres\/","title":{"rendered":"Marcha silenciosa conmemorativa por el d\u00eda Internacional de la eliminaci\u00f3n de la violencia contra las mujeres."},"content":{"rendered":"\n<p>En el marco del D\u00eda Internacional de la Eliminaci\u00f3n de la Violencia contra la<br>Mujer, este martes 25 de noviembre se llev\u00f3 a cabo una marcha silenciosa<br>encabezada por la presidenta municipal de Apan, Dra. Zorayda Robles,<br>reafirmando su compromiso y sensibilidad ante esta causa que convoca a<br>toda la sociedad.<\/p>\n\n\n\n<p><br>La actividad fue organizada por la Instancia Municipal para el Desarrollo de las<br>Mujeres y SIPINNA Apan, contando con la participaci\u00f3n del personal del gobierno<br>municipal de Apan y la comunidad educativa, quienes se sumaron de manera<br>respetuosa y solidaria al llamado por la no violencia.<\/p>\n\n\n\n<figure class=\"wp-block-image size-large\"><img data-recalc-dims=\"1\" fetchpriority=\"high\" decoding=\"async\" width=\"1024\" height=\"683\" src=\"https:\/\/i0.wp.com\/apan.gob.mx\/portal\/wp-content\/uploads\/2025\/11\/1.8.jpg?resize=1024%2C683&#038;ssl=1\" alt=\"\" class=\"wp-image-30985\" srcset=\"https:\/\/i0.wp.com\/apan.gob.mx\/portal\/wp-content\/uploads\/2025\/11\/1.8.jpg?resize=1024%2C683&amp;ssl=1 1024w, https:\/\/i0.wp.com\/apan.gob.mx\/portal\/wp-content\/uploads\/2025\/11\/1.8.jpg?resize=300%2C200&amp;ssl=1 300w, https:\/\/i0.wp.com\/apan.gob.mx\/portal\/wp-content\/uploads\/2025\/11\/1.8.jpg?resize=768%2C512&amp;ssl=1 768w, https:\/\/i0.wp.com\/apan.gob.mx\/portal\/wp-content\/uploads\/2025\/11\/1.8.jpg?resize=1536%2C1024&amp;ssl=1 1536w, https:\/\/i0.wp.com\/apan.gob.mx\/portal\/wp-content\/uploads\/2025\/11\/1.8.jpg?w=2048&amp;ssl=1 2048w\" sizes=\"(max-width: 1000px) 100vw, 1000px\" \/><\/figure>\n\n\n\n<p><br>Durante el evento, la Dra. Robles dirigi\u00f3 un mensaje enfocado en la empat\u00eda,<br>el respeto y la esperanza, destacando que construir un municipio libre de<br>violencia es una tarea colectiva, diaria y urgente, en la que todas y todos<br>deben participar.<\/p>\n\n\n\n<p><br>Como parte de esta jornada, se realiz\u00f3 una actividad simb\u00f3lica con la quema<br>de mariposas de papel que conten\u00edan palabras, recuerdos y experiencias<br>relacionadas con situaciones de violencia vividas por mujeres de la<br>comunidad. La mariposa, s\u00edmbolo de transformaci\u00f3n y renacimiento,<br>represent\u00f3 un acto de liberaci\u00f3n emocional y la voluntad de avanzar hacia un<br>futuro m\u00e1s justo y seguro.<\/p>\n\n\n\n<figure class=\"wp-block-image size-large\"><img data-recalc-dims=\"1\" decoding=\"async\" width=\"1024\" height=\"709\" src=\"https:\/\/i0.wp.com\/apan.gob.mx\/portal\/wp-content\/uploads\/2025\/11\/1.3.jpg?resize=1024%2C709&#038;ssl=1\" alt=\"\" class=\"wp-image-30986\" srcset=\"https:\/\/i0.wp.com\/apan.gob.mx\/portal\/wp-content\/uploads\/2025\/11\/1.3.jpg?resize=1024%2C709&amp;ssl=1 1024w, https:\/\/i0.wp.com\/apan.gob.mx\/portal\/wp-content\/uploads\/2025\/11\/1.3.jpg?resize=300%2C208&amp;ssl=1 300w, https:\/\/i0.wp.com\/apan.gob.mx\/portal\/wp-content\/uploads\/2025\/11\/1.3.jpg?resize=768%2C531&amp;ssl=1 768w, https:\/\/i0.wp.com\/apan.gob.mx\/portal\/wp-content\/uploads\/2025\/11\/1.3.jpg?resize=1536%2C1063&amp;ssl=1 1536w, https:\/\/i0.wp.com\/apan.gob.mx\/portal\/wp-content\/uploads\/2025\/11\/1.3.jpg?w=2048&amp;ssl=1 2048w\" sizes=\"(max-width: 1000px) 100vw, 1000px\" \/><\/figure>\n\n\n\n<p><br>Este ejercicio colectivo invita a reflexionar, generar conciencia y fortalecer<br>acciones que permitan garantizar que cada mujer en Apan viva con libertad,<br>dignidad y pleno respeto a sus derechos.<\/p>\n\n\n\n<p><br>El Gobierno Municipal refrenda su compromiso de continuar impulsando<br>pol\u00edticas y programas que promuevan la prevenci\u00f3n, atenci\u00f3n y erradicaci\u00f3n<br>de la violencia contra las mujeres, as\u00ed como la construcci\u00f3n de una sociedad<br>m\u00e1s humana, solidaria y consciente.<\/p>\n","protected":false},"excerpt":{"rendered":"<p>En el marco del D\u00eda Internacional de la Eliminaci\u00f3n de la Violencia contra laMujer, este martes 25 de noviembre se llev\u00f3 a cabo una marcha silenciosaencabezada por la presidenta municipal de Apan, Dra. Zorayda Robles,reafirmando su compromiso y sensibilidad ante esta causa que convoca atoda la sociedad. La actividad fue organizada por la Instancia Municipal [&hellip;]<\/p>\n","protected":false},"author":4,"featured_media":30987,"comment_status":"closed","ping_status":"closed","sticky":false,"template":"","format":"standard","meta":{"_jetpack_memberships_contains_paid_content":false,"footnotes":""},"categories":[1],"tags":[36],"class_list":["post-30981","post","type-post","status-publish","format-standard","has-post-thumbnail","hentry","category-uncategorized","tag-marcha-silenciosa-apan"],"jetpack_featured_media_url":"https:\/\/i0.wp.com\/apan.gob.mx\/portal\/wp-content\/uploads\/2025\/11\/1.1.jpg?fit=2048%2C1365&ssl=1","jetpack_sharing_enabled":true,"_links":{"self":[{"href":"https:\/\/apan.gob.mx\/portal\/wp-json\/wp\/v2\/posts\/30981","targetHints":{"allow":["GET"]}}],"collection":[{"href":"https:\/\/apan.gob.mx\/portal\/wp-json\/wp\/v2\/posts"}],"about":[{"href":"https:\/\/apan.gob.mx\/portal\/wp-json\/wp\/v2\/types\/post"}],"author":[{"embeddable":true,"href":"https:\/\/apan.gob.mx\/portal\/wp-json\/wp\/v2\/users\/4"}],"replies":[{"embeddable":true,"href":"https:\/\/apan.gob.mx\/portal\/wp-json\/wp\/v2\/comments?post=30981"}],"version-history":[{"count":2,"href":"https:\/\/apan.gob.mx\/portal\/wp-json\/wp\/v2\/posts\/30981\/revisions"}],"predecessor-version":[{"id":30995,"href":"https:\/\/apan.gob.mx\/portal\/wp-json\/wp\/v2\/posts\/30981\/revisions\/30995"}],"wp:featuredmedia":[{"embeddable":true,"href":"https:\/\/apan.gob.mx\/portal\/wp-json\/wp\/v2\/media\/30987"}],"wp:attachment":[{"href":"https:\/\/apan.gob.mx\/portal\/wp-json\/wp\/v2\/media?parent=30981"}],"wp:term":[{"taxonomy":"category","embeddable":true,"href":"https:\/\/apan.gob.mx\/portal\/wp-json\/wp\/v2\/categories?post=30981"},{"taxonomy":"post_tag","embeddable":true,"href":"https:\/\/apan.gob.mx\/portal\/wp-json\/wp\/v2\/tags?post=30981"}],"curies":[{"name":"wp","href":"https:\/\/api.w.org\/{rel}","templated":true}]}}