{"id":31139,"date":"2025-11-08T13:25:40","date_gmt":"2025-11-08T19:25:40","guid":{"rendered":"https:\/\/apan.gob.mx\/portal\/?p=31139"},"modified":"2025-12-01T13:29:51","modified_gmt":"2025-12-01T19:29:51","slug":"apan-inspiracion-para-el-cine-y-la-musica","status":"publish","type":"post","link":"https:\/\/apan.gob.mx\/portal\/2025\/11\/08\/apan-inspiracion-para-el-cine-y-la-musica\/","title":{"rendered":"Apan, inspiraci\u00f3n para el cine y la m\u00fasica"},"content":{"rendered":"\n<p>El d\u00eda de hoy, Apan se convirti\u00f3 en escenario de arte y creatividad con la grabaci\u00f3n<br>de un videoclip musical, en el que nuestro municipio fue elegido gracias a sus<br>paisajes caracter\u00edsticos y locaciones que destacan por su belleza e identidad.<\/p>\n\n\n\n<figure class=\"wp-block-image size-large\"><img data-recalc-dims=\"1\" fetchpriority=\"high\" decoding=\"async\" width=\"1024\" height=\"768\" src=\"https:\/\/i0.wp.com\/apan.gob.mx\/portal\/wp-content\/uploads\/2025\/12\/1.3-6.jpg?resize=1024%2C768&#038;ssl=1\" alt=\"\" class=\"wp-image-31141\" srcset=\"https:\/\/i0.wp.com\/apan.gob.mx\/portal\/wp-content\/uploads\/2025\/12\/1.3-6.jpg?resize=1024%2C768&amp;ssl=1 1024w, https:\/\/i0.wp.com\/apan.gob.mx\/portal\/wp-content\/uploads\/2025\/12\/1.3-6.jpg?resize=300%2C225&amp;ssl=1 300w, https:\/\/i0.wp.com\/apan.gob.mx\/portal\/wp-content\/uploads\/2025\/12\/1.3-6.jpg?resize=768%2C576&amp;ssl=1 768w, https:\/\/i0.wp.com\/apan.gob.mx\/portal\/wp-content\/uploads\/2025\/12\/1.3-6.jpg?w=1280&amp;ssl=1 1280w\" sizes=\"(max-width: 1000px) 100vw, 1000px\" \/><\/figure>\n\n\n\n<p><br>Este tipo de proyectos representa una oportunidad valiosa para Apan, ya que<br>posiciona al municipio como un destino atractivo para producciones<br>cinematogr\u00e1ficas, musicales y audiovisuales. Cada grabaci\u00f3n impulsa el turismo,<br>fortalece la econom\u00eda local y proyecta la riqueza cultural y natural que nos distingue.<\/p>\n\n\n\n<figure class=\"wp-block-image size-large\"><img data-recalc-dims=\"1\" decoding=\"async\" width=\"1024\" height=\"683\" src=\"https:\/\/i0.wp.com\/apan.gob.mx\/portal\/wp-content\/uploads\/2025\/12\/1.1-14.jpg?resize=1024%2C683&#038;ssl=1\" alt=\"\" class=\"wp-image-31142\" srcset=\"https:\/\/i0.wp.com\/apan.gob.mx\/portal\/wp-content\/uploads\/2025\/12\/1.1-14.jpg?resize=1024%2C683&amp;ssl=1 1024w, https:\/\/i0.wp.com\/apan.gob.mx\/portal\/wp-content\/uploads\/2025\/12\/1.1-14.jpg?resize=300%2C200&amp;ssl=1 300w, https:\/\/i0.wp.com\/apan.gob.mx\/portal\/wp-content\/uploads\/2025\/12\/1.1-14.jpg?resize=768%2C512&amp;ssl=1 768w, https:\/\/i0.wp.com\/apan.gob.mx\/portal\/wp-content\/uploads\/2025\/12\/1.1-14.jpg?resize=1536%2C1024&amp;ssl=1 1536w, https:\/\/i0.wp.com\/apan.gob.mx\/portal\/wp-content\/uploads\/2025\/12\/1.1-14.jpg?w=2048&amp;ssl=1 2048w\" sizes=\"(max-width: 1000px) 100vw, 1000px\" \/><\/figure>\n\n\n\n<p><br>El Gobierno Municipal celebra que Apan contin\u00fae siendo considerado como un<br>espacio ideal para contar historias que trascienden fronteras y llegan a p\u00fablicos de<br>todo el pa\u00eds y del mundo.<\/p>\n","protected":false},"excerpt":{"rendered":"<p>El d\u00eda de hoy, Apan se convirti\u00f3 en escenario de arte y creatividad con la grabaci\u00f3nde un videoclip musical, en el que nuestro municipio fue elegido gracias a suspaisajes caracter\u00edsticos y locaciones que destacan por su belleza e identidad. Este tipo de proyectos representa una oportunidad valiosa para Apan, ya queposiciona al municipio como un [&hellip;]<\/p>\n","protected":false},"author":4,"featured_media":31140,"comment_status":"closed","ping_status":"closed","sticky":false,"template":"","format":"standard","meta":{"_jetpack_memberships_contains_paid_content":false,"footnotes":""},"categories":[1],"tags":[],"class_list":["post-31139","post","type-post","status-publish","format-standard","has-post-thumbnail","hentry","category-uncategorized"],"jetpack_featured_media_url":"https:\/\/i0.wp.com\/apan.gob.mx\/portal\/wp-content\/uploads\/2025\/12\/1.4-6.jpg?fit=2048%2C1365&ssl=1","jetpack_sharing_enabled":true,"_links":{"self":[{"href":"https:\/\/apan.gob.mx\/portal\/wp-json\/wp\/v2\/posts\/31139","targetHints":{"allow":["GET"]}}],"collection":[{"href":"https:\/\/apan.gob.mx\/portal\/wp-json\/wp\/v2\/posts"}],"about":[{"href":"https:\/\/apan.gob.mx\/portal\/wp-json\/wp\/v2\/types\/post"}],"author":[{"embeddable":true,"href":"https:\/\/apan.gob.mx\/portal\/wp-json\/wp\/v2\/users\/4"}],"replies":[{"embeddable":true,"href":"https:\/\/apan.gob.mx\/portal\/wp-json\/wp\/v2\/comments?post=31139"}],"version-history":[{"count":1,"href":"https:\/\/apan.gob.mx\/portal\/wp-json\/wp\/v2\/posts\/31139\/revisions"}],"predecessor-version":[{"id":31143,"href":"https:\/\/apan.gob.mx\/portal\/wp-json\/wp\/v2\/posts\/31139\/revisions\/31143"}],"wp:featuredmedia":[{"embeddable":true,"href":"https:\/\/apan.gob.mx\/portal\/wp-json\/wp\/v2\/media\/31140"}],"wp:attachment":[{"href":"https:\/\/apan.gob.mx\/portal\/wp-json\/wp\/v2\/media?parent=31139"}],"wp:term":[{"taxonomy":"category","embeddable":true,"href":"https:\/\/apan.gob.mx\/portal\/wp-json\/wp\/v2\/categories?post=31139"},{"taxonomy":"post_tag","embeddable":true,"href":"https:\/\/apan.gob.mx\/portal\/wp-json\/wp\/v2\/tags?post=31139"}],"curies":[{"name":"wp","href":"https:\/\/api.w.org\/{rel}","templated":true}]}}