{"id":31154,"date":"2025-11-12T13:37:28","date_gmt":"2025-11-12T19:37:28","guid":{"rendered":"https:\/\/apan.gob.mx\/portal\/?p=31154"},"modified":"2025-12-01T13:41:35","modified_gmt":"2025-12-01T19:41:35","slug":"apan-fue-sede-de-los-foros-regionales-para-la-actualizacion-del-plan-estatal-de-desarrollo-2025-2028","status":"publish","type":"post","link":"https:\/\/apan.gob.mx\/portal\/2025\/11\/12\/apan-fue-sede-de-los-foros-regionales-para-la-actualizacion-del-plan-estatal-de-desarrollo-2025-2028\/","title":{"rendered":"Apan fue sede de los Foros Regionales para la Actualizaci\u00f3n del Plan Estatal de Desarrollo 2025\u20132028"},"content":{"rendered":"\n<p>El TecNM \u2013 Oriente del Estado de Hidalgo, campus Apan, fue sede de los Foros<br>Regionales para la Actualizaci\u00f3n del Plan Estatal de Desarrollo 2025\u20132028, un espacio<br>de di\u00e1logo y trabajo colaborativo donde se reunieron voces ciudadanas, acad\u00e9micas<br>y productivas para aportar ideas que fortalezcan el futuro de Hidalgo.<\/p>\n\n\n\n<p><br>El foro fue encabezado por la Dra. Zorayda Robles Barrera, Presidenta Municipal de<br>Apan, en compa\u00f1\u00eda de Miguel Tello, titular de la Unidad de Planeaci\u00f3n y Prospectiva<br>del Gobierno de Hidalgo.<\/p>\n\n\n\n<figure class=\"wp-block-image size-large\"><img data-recalc-dims=\"1\" fetchpriority=\"high\" decoding=\"async\" width=\"1024\" height=\"683\" src=\"https:\/\/i0.wp.com\/apan.gob.mx\/portal\/wp-content\/uploads\/2025\/12\/1.6-4.jpg?resize=1024%2C683&#038;ssl=1\" alt=\"\" class=\"wp-image-31156\" srcset=\"https:\/\/i0.wp.com\/apan.gob.mx\/portal\/wp-content\/uploads\/2025\/12\/1.6-4.jpg?resize=1024%2C683&amp;ssl=1 1024w, https:\/\/i0.wp.com\/apan.gob.mx\/portal\/wp-content\/uploads\/2025\/12\/1.6-4.jpg?resize=300%2C200&amp;ssl=1 300w, https:\/\/i0.wp.com\/apan.gob.mx\/portal\/wp-content\/uploads\/2025\/12\/1.6-4.jpg?resize=768%2C512&amp;ssl=1 768w, https:\/\/i0.wp.com\/apan.gob.mx\/portal\/wp-content\/uploads\/2025\/12\/1.6-4.jpg?resize=1536%2C1024&amp;ssl=1 1536w, https:\/\/i0.wp.com\/apan.gob.mx\/portal\/wp-content\/uploads\/2025\/12\/1.6-4.jpg?w=2048&amp;ssl=1 2048w\" sizes=\"(max-width: 1000px) 100vw, 1000px\" \/><\/figure>\n\n\n\n<p><br>El Gobierno Municipal agradeci\u00f3 el c\u00e1lido recibimiento y las atenciones brindadas<br>por el Mtro. V\u00edctor Manuel del Villar Delgadillo, Director del ITESA.<\/p>\n\n\n\n<p><br>Durante la jornada, j\u00f3venes, empresarios, acad\u00e9micos y ciudadan\u00eda de Apan,<br>Tepeapulco, Tlanalapa y municipios aleda\u00f1os compartieron propuestas y reflexiones<br>orientadas a la construcci\u00f3n de un Hidalgo m\u00e1s pr\u00f3spero, justo y con mayores<br>oportunidades, en concordancia con la visi\u00f3n del Gobernador Julio Menchaca<br>Salazar.<\/p>\n\n\n\n<figure class=\"wp-block-image size-large\"><img data-recalc-dims=\"1\" decoding=\"async\" width=\"1024\" height=\"683\" src=\"https:\/\/i0.wp.com\/apan.gob.mx\/portal\/wp-content\/uploads\/2025\/12\/1.4-8.jpg?resize=1024%2C683&#038;ssl=1\" alt=\"\" class=\"wp-image-31157\" srcset=\"https:\/\/i0.wp.com\/apan.gob.mx\/portal\/wp-content\/uploads\/2025\/12\/1.4-8.jpg?resize=1024%2C683&amp;ssl=1 1024w, https:\/\/i0.wp.com\/apan.gob.mx\/portal\/wp-content\/uploads\/2025\/12\/1.4-8.jpg?resize=300%2C200&amp;ssl=1 300w, https:\/\/i0.wp.com\/apan.gob.mx\/portal\/wp-content\/uploads\/2025\/12\/1.4-8.jpg?resize=768%2C512&amp;ssl=1 768w, https:\/\/i0.wp.com\/apan.gob.mx\/portal\/wp-content\/uploads\/2025\/12\/1.4-8.jpg?resize=1536%2C1024&amp;ssl=1 1536w, https:\/\/i0.wp.com\/apan.gob.mx\/portal\/wp-content\/uploads\/2025\/12\/1.4-8.jpg?w=2048&amp;ssl=1 2048w\" sizes=\"(max-width: 1000px) 100vw, 1000px\" \/><\/figure>\n\n\n\n<p><br>La participaci\u00f3n activa de la sociedad reafirm\u00f3 el compromiso de continuar<br>fortaleciendo los cimientos de un desarrollo incluyente, sostenible y participativo,<br>que responda a las necesidades reales de la regi\u00f3n.<\/p>\n","protected":false},"excerpt":{"rendered":"<p>El TecNM \u2013 Oriente del Estado de Hidalgo, campus Apan, fue sede de los ForosRegionales para la Actualizaci\u00f3n del Plan Estatal de Desarrollo 2025\u20132028, un espaciode di\u00e1logo y trabajo colaborativo donde se reunieron voces ciudadanas, acad\u00e9micasy productivas para aportar ideas que fortalezcan el futuro de Hidalgo. El foro fue encabezado por la Dra. Zorayda Robles [&hellip;]<\/p>\n","protected":false},"author":4,"featured_media":31155,"comment_status":"closed","ping_status":"closed","sticky":false,"template":"","format":"standard","meta":{"_jetpack_memberships_contains_paid_content":false,"footnotes":""},"categories":[1],"tags":[],"class_list":["post-31154","post","type-post","status-publish","format-standard","has-post-thumbnail","hentry","category-uncategorized"],"jetpack_featured_media_url":"https:\/\/i0.wp.com\/apan.gob.mx\/portal\/wp-content\/uploads\/2025\/12\/1.1-17.jpg?fit=2048%2C1365&ssl=1","jetpack_sharing_enabled":true,"_links":{"self":[{"href":"https:\/\/apan.gob.mx\/portal\/wp-json\/wp\/v2\/posts\/31154","targetHints":{"allow":["GET"]}}],"collection":[{"href":"https:\/\/apan.gob.mx\/portal\/wp-json\/wp\/v2\/posts"}],"about":[{"href":"https:\/\/apan.gob.mx\/portal\/wp-json\/wp\/v2\/types\/post"}],"author":[{"embeddable":true,"href":"https:\/\/apan.gob.mx\/portal\/wp-json\/wp\/v2\/users\/4"}],"replies":[{"embeddable":true,"href":"https:\/\/apan.gob.mx\/portal\/wp-json\/wp\/v2\/comments?post=31154"}],"version-history":[{"count":1,"href":"https:\/\/apan.gob.mx\/portal\/wp-json\/wp\/v2\/posts\/31154\/revisions"}],"predecessor-version":[{"id":31158,"href":"https:\/\/apan.gob.mx\/portal\/wp-json\/wp\/v2\/posts\/31154\/revisions\/31158"}],"wp:featuredmedia":[{"embeddable":true,"href":"https:\/\/apan.gob.mx\/portal\/wp-json\/wp\/v2\/media\/31155"}],"wp:attachment":[{"href":"https:\/\/apan.gob.mx\/portal\/wp-json\/wp\/v2\/media?parent=31154"}],"wp:term":[{"taxonomy":"category","embeddable":true,"href":"https:\/\/apan.gob.mx\/portal\/wp-json\/wp\/v2\/categories?post=31154"},{"taxonomy":"post_tag","embeddable":true,"href":"https:\/\/apan.gob.mx\/portal\/wp-json\/wp\/v2\/tags?post=31154"}],"curies":[{"name":"wp","href":"https:\/\/api.w.org\/{rel}","templated":true}]}}