{"id":31215,"date":"2025-12-01T13:03:23","date_gmt":"2025-12-01T19:03:23","guid":{"rendered":"https:\/\/apan.gob.mx\/portal\/?p=31215"},"modified":"2025-12-08T13:06:24","modified_gmt":"2025-12-08T19:06:24","slug":"continua-el-programa-de-retiro-de-vehiculos-abandonados-2025-en-apan","status":"publish","type":"post","link":"https:\/\/apan.gob.mx\/portal\/2025\/12\/01\/continua-el-programa-de-retiro-de-vehiculos-abandonados-2025-en-apan\/","title":{"rendered":"Contin\u00faa el Programa de Retiro de Veh\u00edculos Abandonados 2025 en Apan"},"content":{"rendered":"\n<p>El Gobierno Municipal de Apan contin\u00faa avanzando en el Programa de Retiro de<\/p>\n\n\n\n<p>Veh\u00edculos Abandonados 2025, mediante un trabajo coordinado entre la Direcci\u00f3n de<\/p>\n\n\n\n<p>Reglamentos, la Juez Conciliador Municipal y la Direcci\u00f3n de Tr\u00e1nsito y Movilidad<\/p>\n\n\n\n<p>Municipal.<\/p>\n\n\n\n<p><\/p>\n\n\n\n<p>Estas acciones se realizan de manera permanente con el objetivo de garantizar calles<\/p>\n\n\n\n<p>m\u00e1s seguras, transitables y ordenadas, retirando unidades que representan riesgos<\/p>\n\n\n\n<p>para peatones y automovilistas, generan focos de contaminaci\u00f3n y deterioran la<\/p>\n\n\n\n<p>imagen urbana.<\/p>\n\n\n\n<p><\/p>\n\n\n\n<p>A trav\u00e9s de recorridos, notificaciones y procedimientos establecidos, se promueve<\/p>\n\n\n\n<p>que las y los propietarios regularicen su situaci\u00f3n, mientras que los veh\u00edculos que<\/p>\n\n\n\n<p>permanecen en abandono son retirados conforme a la normativa vigente.<\/p>\n\n\n\n<p><\/p>\n\n\n\n<p>El Gobierno Municipal refrenda su compromiso de seguir trabajando con<\/p>\n\n\n\n<p>responsabilidad y cercan\u00eda para mejorar la movilidad y el bienestar en cada rinc\u00f3n de<\/p>\n\n\n\n<p>Apan.<\/p>\n\n\n\n<figure class=\"wp-block-image size-full\"><img data-recalc-dims=\"1\" fetchpriority=\"high\" decoding=\"async\" width=\"798\" height=\"822\" src=\"https:\/\/i0.wp.com\/apan.gob.mx\/portal\/wp-content\/uploads\/2025\/12\/1.4-2.jpg?resize=798%2C822&#038;ssl=1\" alt=\"\" class=\"wp-image-31216\" srcset=\"https:\/\/i0.wp.com\/apan.gob.mx\/portal\/wp-content\/uploads\/2025\/12\/1.4-2.jpg?w=798&amp;ssl=1 798w, https:\/\/i0.wp.com\/apan.gob.mx\/portal\/wp-content\/uploads\/2025\/12\/1.4-2.jpg?resize=291%2C300&amp;ssl=1 291w, https:\/\/i0.wp.com\/apan.gob.mx\/portal\/wp-content\/uploads\/2025\/12\/1.4-2.jpg?resize=768%2C791&amp;ssl=1 768w\" sizes=\"(max-width: 798px) 100vw, 798px\" \/><\/figure>\n\n\n\n<figure class=\"wp-block-image size-full\"><img data-recalc-dims=\"1\" decoding=\"async\" width=\"753\" height=\"541\" src=\"https:\/\/i0.wp.com\/apan.gob.mx\/portal\/wp-content\/uploads\/2025\/12\/1.3-1-2.jpg?resize=753%2C541&#038;ssl=1\" alt=\"\" class=\"wp-image-31217\" srcset=\"https:\/\/i0.wp.com\/apan.gob.mx\/portal\/wp-content\/uploads\/2025\/12\/1.3-1-2.jpg?w=753&amp;ssl=1 753w, https:\/\/i0.wp.com\/apan.gob.mx\/portal\/wp-content\/uploads\/2025\/12\/1.3-1-2.jpg?resize=300%2C216&amp;ssl=1 300w\" sizes=\"(max-width: 753px) 100vw, 753px\" \/><\/figure>\n\n\n\n<figure class=\"wp-block-image size-large\"><img data-recalc-dims=\"1\" decoding=\"async\" width=\"768\" height=\"1024\" src=\"https:\/\/i0.wp.com\/apan.gob.mx\/portal\/wp-content\/uploads\/2025\/12\/1.2-1-1.jpg?resize=768%2C1024&#038;ssl=1\" alt=\"\" class=\"wp-image-31218\" srcset=\"https:\/\/i0.wp.com\/apan.gob.mx\/portal\/wp-content\/uploads\/2025\/12\/1.2-1-1.jpg?resize=768%2C1024&amp;ssl=1 768w, https:\/\/i0.wp.com\/apan.gob.mx\/portal\/wp-content\/uploads\/2025\/12\/1.2-1-1.jpg?resize=225%2C300&amp;ssl=1 225w, https:\/\/i0.wp.com\/apan.gob.mx\/portal\/wp-content\/uploads\/2025\/12\/1.2-1-1.jpg?resize=1152%2C1536&amp;ssl=1 1152w, https:\/\/i0.wp.com\/apan.gob.mx\/portal\/wp-content\/uploads\/2025\/12\/1.2-1-1.jpg?w=1200&amp;ssl=1 1200w\" sizes=\"(max-width: 768px) 100vw, 768px\" \/><\/figure>\n","protected":false},"excerpt":{"rendered":"<p>El Gobierno Municipal de Apan contin\u00faa avanzando en el Programa de Retiro de Veh\u00edculos Abandonados 2025, mediante un trabajo coordinado entre la Direcci\u00f3n de Reglamentos, la Juez Conciliador Municipal y la Direcci\u00f3n de Tr\u00e1nsito y Movilidad Municipal. Estas acciones se realizan de manera permanente con el objetivo de garantizar calles m\u00e1s seguras, transitables y ordenadas, [&hellip;]<\/p>\n","protected":false},"author":4,"featured_media":31219,"comment_status":"closed","ping_status":"closed","sticky":false,"template":"","format":"standard","meta":{"_jetpack_memberships_contains_paid_content":false,"footnotes":""},"categories":[1],"tags":[],"class_list":["post-31215","post","type-post","status-publish","format-standard","has-post-thumbnail","hentry","category-uncategorized"],"jetpack_featured_media_url":"https:\/\/i0.wp.com\/apan.gob.mx\/portal\/wp-content\/uploads\/2025\/12\/1.2-1-2.jpg?fit=1200%2C1600&ssl=1","jetpack_sharing_enabled":true,"_links":{"self":[{"href":"https:\/\/apan.gob.mx\/portal\/wp-json\/wp\/v2\/posts\/31215","targetHints":{"allow":["GET"]}}],"collection":[{"href":"https:\/\/apan.gob.mx\/portal\/wp-json\/wp\/v2\/posts"}],"about":[{"href":"https:\/\/apan.gob.mx\/portal\/wp-json\/wp\/v2\/types\/post"}],"author":[{"embeddable":true,"href":"https:\/\/apan.gob.mx\/portal\/wp-json\/wp\/v2\/users\/4"}],"replies":[{"embeddable":true,"href":"https:\/\/apan.gob.mx\/portal\/wp-json\/wp\/v2\/comments?post=31215"}],"version-history":[{"count":1,"href":"https:\/\/apan.gob.mx\/portal\/wp-json\/wp\/v2\/posts\/31215\/revisions"}],"predecessor-version":[{"id":31220,"href":"https:\/\/apan.gob.mx\/portal\/wp-json\/wp\/v2\/posts\/31215\/revisions\/31220"}],"wp:featuredmedia":[{"embeddable":true,"href":"https:\/\/apan.gob.mx\/portal\/wp-json\/wp\/v2\/media\/31219"}],"wp:attachment":[{"href":"https:\/\/apan.gob.mx\/portal\/wp-json\/wp\/v2\/media?parent=31215"}],"wp:term":[{"taxonomy":"category","embeddable":true,"href":"https:\/\/apan.gob.mx\/portal\/wp-json\/wp\/v2\/categories?post=31215"},{"taxonomy":"post_tag","embeddable":true,"href":"https:\/\/apan.gob.mx\/portal\/wp-json\/wp\/v2\/tags?post=31215"}],"curies":[{"name":"wp","href":"https:\/\/api.w.org\/{rel}","templated":true}]}}