{"id":31221,"date":"2025-12-02T13:08:29","date_gmt":"2025-12-02T19:08:29","guid":{"rendered":"https:\/\/apan.gob.mx\/portal\/?p=31221"},"modified":"2025-12-08T13:18:19","modified_gmt":"2025-12-08T19:18:19","slug":"apan-fue-sede-de-la-4a-feria-de-inclusion-de-las-personas-con-discapacidad","status":"publish","type":"post","link":"https:\/\/apan.gob.mx\/portal\/2025\/12\/02\/apan-fue-sede-de-la-4a-feria-de-inclusion-de-las-personas-con-discapacidad\/","title":{"rendered":"Apan fue sede de la 4a Feria de Inclusi\u00f3n de las Personas con discapacidad"},"content":{"rendered":"\n<p>El municipio de Apan llev\u00f3 a cabo con gran \u00e9xito la 4.\u00aa Feria de Inclusi\u00f3n de las Personas con Discapacidad \u201cRompiendo barreras, creando oportunidades\u201d, una jornada que reuni\u00f3 a cientos de participantes y delegaciones de la regi\u00f3n.<\/p>\n\n\n\n<p><\/p>\n\n\n\n<figure class=\"wp-block-image size-large\"><img data-recalc-dims=\"1\" fetchpriority=\"high\" decoding=\"async\" width=\"1024\" height=\"683\" src=\"https:\/\/i0.wp.com\/apan.gob.mx\/portal\/wp-content\/uploads\/2025\/12\/1.3-2-1.jpg?resize=1024%2C683&#038;ssl=1\" alt=\"\" class=\"wp-image-31222\" srcset=\"https:\/\/i0.wp.com\/apan.gob.mx\/portal\/wp-content\/uploads\/2025\/12\/1.3-2-1.jpg?resize=1024%2C683&amp;ssl=1 1024w, https:\/\/i0.wp.com\/apan.gob.mx\/portal\/wp-content\/uploads\/2025\/12\/1.3-2-1.jpg?resize=300%2C200&amp;ssl=1 300w, https:\/\/i0.wp.com\/apan.gob.mx\/portal\/wp-content\/uploads\/2025\/12\/1.3-2-1.jpg?resize=768%2C512&amp;ssl=1 768w, https:\/\/i0.wp.com\/apan.gob.mx\/portal\/wp-content\/uploads\/2025\/12\/1.3-2-1.jpg?resize=1536%2C1024&amp;ssl=1 1536w, https:\/\/i0.wp.com\/apan.gob.mx\/portal\/wp-content\/uploads\/2025\/12\/1.3-2-1.jpg?w=2048&amp;ssl=1 2048w\" sizes=\"(max-width: 1000px) 100vw, 1000px\" \/><\/figure>\n\n\n\n<p>La Dra. Zorayda Robles, Presidenta Municipal de Apan, encabez\u00f3 este<\/p>\n\n\n\n<p>importante encuentro, acompa\u00f1ada de representantes de los municipios de<\/p>\n\n\n\n<p>Tepeapulco, Tlanalapa, Emiliano Zapata, Zempoala y Apan, quienes se<\/p>\n\n\n\n<p>sumaron a la construcci\u00f3n de un espacio m\u00e1s accesible, incluyente y<\/p>\n\n\n\n<p>humano.<\/p>\n\n\n\n<p><\/p>\n\n\n\n<p>Todas las actividades programadas se desarrollaron con gran participaci\u00f3n y<\/p>\n\n\n\n<p>entusiasmo, consolidando esta feria como un referente regional en materia<\/p>\n\n\n\n<p>de inclusi\u00f3n. Entre los momentos m\u00e1s significativos se destac\u00f3 la<\/p>\n\n\n\n<p>inauguraci\u00f3n del elevador incluyente en la Casa de Cultura, un avance<\/p>\n\n\n\n<p>importante para garantizar espacios accesibles para todas las personas.<\/p>\n\n\n\n<p><\/p>\n\n\n\n<p>La jornada inici\u00f3 a las 8:00 horas con el registro de las y los asistentes, seguida<\/p>\n\n\n\n<p>del acto protocolario. A lo largo del d\u00eda se realizaron diversas actividades como<\/p>\n\n\n\n<p>el panel de accesibilidad, un recorrido hist\u00f3rico por el Altiplano, un desfile<\/p>\n\n\n\n<p>inclusivo, presentaciones art\u00edsticas y estaciones de sensibilizaci\u00f3n dirigidas a<\/p>\n\n\n\n<p>comprender los retos de las personas con discapacidad motriz, visual y<\/p>\n\n\n\n<p>auditiva.<\/p>\n\n\n\n<p><\/p>\n\n\n\n<p>Con acciones como estas, Apan reafirma su compromiso de seguir<\/p>\n\n\n\n<p>construyendo un municipio m\u00e1s solidario, consciente y respetuoso de la<\/p>\n\n\n\n<p>diversidad.<\/p>\n\n\n\n<figure class=\"wp-block-image size-large\"><img data-recalc-dims=\"1\" decoding=\"async\" width=\"1024\" height=\"446\" src=\"https:\/\/i0.wp.com\/apan.gob.mx\/portal\/wp-content\/uploads\/2025\/12\/1.5-1-2.jpg?resize=1024%2C446&#038;ssl=1\" alt=\"\" class=\"wp-image-31223\" srcset=\"https:\/\/i0.wp.com\/apan.gob.mx\/portal\/wp-content\/uploads\/2025\/12\/1.5-1-2-scaled.jpg?resize=1024%2C446&amp;ssl=1 1024w, https:\/\/i0.wp.com\/apan.gob.mx\/portal\/wp-content\/uploads\/2025\/12\/1.5-1-2-scaled.jpg?resize=300%2C131&amp;ssl=1 300w, https:\/\/i0.wp.com\/apan.gob.mx\/portal\/wp-content\/uploads\/2025\/12\/1.5-1-2-scaled.jpg?resize=768%2C334&amp;ssl=1 768w, https:\/\/i0.wp.com\/apan.gob.mx\/portal\/wp-content\/uploads\/2025\/12\/1.5-1-2-scaled.jpg?resize=1536%2C669&amp;ssl=1 1536w, https:\/\/i0.wp.com\/apan.gob.mx\/portal\/wp-content\/uploads\/2025\/12\/1.5-1-2-scaled.jpg?resize=2048%2C891&amp;ssl=1 2048w\" sizes=\"(max-width: 1000px) 100vw, 1000px\" \/><figcaption class=\"wp-element-caption\">default<\/figcaption><\/figure>\n\n\n\n<figure class=\"wp-block-image size-large\"><img data-recalc-dims=\"1\" decoding=\"async\" width=\"1024\" height=\"683\" src=\"https:\/\/i0.wp.com\/apan.gob.mx\/portal\/wp-content\/uploads\/2025\/12\/1.6-6.jpg?resize=1024%2C683&#038;ssl=1\" alt=\"\" class=\"wp-image-31224\" srcset=\"https:\/\/i0.wp.com\/apan.gob.mx\/portal\/wp-content\/uploads\/2025\/12\/1.6-6.jpg?resize=1024%2C683&amp;ssl=1 1024w, https:\/\/i0.wp.com\/apan.gob.mx\/portal\/wp-content\/uploads\/2025\/12\/1.6-6.jpg?resize=300%2C200&amp;ssl=1 300w, https:\/\/i0.wp.com\/apan.gob.mx\/portal\/wp-content\/uploads\/2025\/12\/1.6-6.jpg?resize=768%2C512&amp;ssl=1 768w, https:\/\/i0.wp.com\/apan.gob.mx\/portal\/wp-content\/uploads\/2025\/12\/1.6-6.jpg?resize=1536%2C1024&amp;ssl=1 1536w, https:\/\/i0.wp.com\/apan.gob.mx\/portal\/wp-content\/uploads\/2025\/12\/1.6-6.jpg?w=2048&amp;ssl=1 2048w\" sizes=\"(max-width: 1000px) 100vw, 1000px\" \/><\/figure>\n\n\n\n<figure class=\"wp-block-image size-large\"><img data-recalc-dims=\"1\" loading=\"lazy\" decoding=\"async\" width=\"1024\" height=\"683\" src=\"https:\/\/i0.wp.com\/apan.gob.mx\/portal\/wp-content\/uploads\/2025\/12\/1.9.jpg?resize=1024%2C683&#038;ssl=1\" alt=\"\" class=\"wp-image-31226\" srcset=\"https:\/\/i0.wp.com\/apan.gob.mx\/portal\/wp-content\/uploads\/2025\/12\/1.9.jpg?resize=1024%2C683&amp;ssl=1 1024w, https:\/\/i0.wp.com\/apan.gob.mx\/portal\/wp-content\/uploads\/2025\/12\/1.9.jpg?resize=300%2C200&amp;ssl=1 300w, https:\/\/i0.wp.com\/apan.gob.mx\/portal\/wp-content\/uploads\/2025\/12\/1.9.jpg?resize=768%2C512&amp;ssl=1 768w, https:\/\/i0.wp.com\/apan.gob.mx\/portal\/wp-content\/uploads\/2025\/12\/1.9.jpg?resize=1536%2C1024&amp;ssl=1 1536w, https:\/\/i0.wp.com\/apan.gob.mx\/portal\/wp-content\/uploads\/2025\/12\/1.9.jpg?w=2048&amp;ssl=1 2048w\" sizes=\"(max-width: 1000px) 100vw, 1000px\" \/><\/figure>\n\n\n\n<figure class=\"wp-block-image size-large\"><img data-recalc-dims=\"1\" loading=\"lazy\" decoding=\"async\" width=\"683\" height=\"1024\" src=\"https:\/\/i0.wp.com\/apan.gob.mx\/portal\/wp-content\/uploads\/2025\/12\/1.8-2.jpg?resize=683%2C1024&#038;ssl=1\" alt=\"\" class=\"wp-image-31229\" srcset=\"https:\/\/i0.wp.com\/apan.gob.mx\/portal\/wp-content\/uploads\/2025\/12\/1.8-2.jpg?resize=683%2C1024&amp;ssl=1 683w, https:\/\/i0.wp.com\/apan.gob.mx\/portal\/wp-content\/uploads\/2025\/12\/1.8-2.jpg?resize=200%2C300&amp;ssl=1 200w, https:\/\/i0.wp.com\/apan.gob.mx\/portal\/wp-content\/uploads\/2025\/12\/1.8-2.jpg?resize=768%2C1152&amp;ssl=1 768w, https:\/\/i0.wp.com\/apan.gob.mx\/portal\/wp-content\/uploads\/2025\/12\/1.8-2.jpg?resize=1024%2C1536&amp;ssl=1 1024w, https:\/\/i0.wp.com\/apan.gob.mx\/portal\/wp-content\/uploads\/2025\/12\/1.8-2.jpg?w=1365&amp;ssl=1 1365w\" sizes=\"(max-width: 683px) 100vw, 683px\" \/><\/figure>\n","protected":false},"excerpt":{"rendered":"<p>El municipio de Apan llev\u00f3 a cabo con gran \u00e9xito la 4.\u00aa Feria de Inclusi\u00f3n de las Personas con Discapacidad \u201cRompiendo barreras, creando oportunidades\u201d, una jornada que reuni\u00f3 a cientos de participantes y delegaciones de la regi\u00f3n. La Dra. Zorayda Robles, Presidenta Municipal de Apan, encabez\u00f3 este importante encuentro, acompa\u00f1ada de representantes de los municipios [&hellip;]<\/p>\n","protected":false},"author":4,"featured_media":31228,"comment_status":"closed","ping_status":"closed","sticky":false,"template":"","format":"standard","meta":{"_jetpack_memberships_contains_paid_content":false,"footnotes":""},"categories":[1],"tags":[],"class_list":["post-31221","post","type-post","status-publish","format-standard","has-post-thumbnail","hentry","category-uncategorized"],"jetpack_featured_media_url":"https:\/\/i0.wp.com\/apan.gob.mx\/portal\/wp-content\/uploads\/2025\/12\/1.4-1-1.jpg?fit=2048%2C1365&ssl=1","jetpack_sharing_enabled":true,"_links":{"self":[{"href":"https:\/\/apan.gob.mx\/portal\/wp-json\/wp\/v2\/posts\/31221","targetHints":{"allow":["GET"]}}],"collection":[{"href":"https:\/\/apan.gob.mx\/portal\/wp-json\/wp\/v2\/posts"}],"about":[{"href":"https:\/\/apan.gob.mx\/portal\/wp-json\/wp\/v2\/types\/post"}],"author":[{"embeddable":true,"href":"https:\/\/apan.gob.mx\/portal\/wp-json\/wp\/v2\/users\/4"}],"replies":[{"embeddable":true,"href":"https:\/\/apan.gob.mx\/portal\/wp-json\/wp\/v2\/comments?post=31221"}],"version-history":[{"count":2,"href":"https:\/\/apan.gob.mx\/portal\/wp-json\/wp\/v2\/posts\/31221\/revisions"}],"predecessor-version":[{"id":31231,"href":"https:\/\/apan.gob.mx\/portal\/wp-json\/wp\/v2\/posts\/31221\/revisions\/31231"}],"wp:featuredmedia":[{"embeddable":true,"href":"https:\/\/apan.gob.mx\/portal\/wp-json\/wp\/v2\/media\/31228"}],"wp:attachment":[{"href":"https:\/\/apan.gob.mx\/portal\/wp-json\/wp\/v2\/media?parent=31221"}],"wp:term":[{"taxonomy":"category","embeddable":true,"href":"https:\/\/apan.gob.mx\/portal\/wp-json\/wp\/v2\/categories?post=31221"},{"taxonomy":"post_tag","embeddable":true,"href":"https:\/\/apan.gob.mx\/portal\/wp-json\/wp\/v2\/tags?post=31221"}],"curies":[{"name":"wp","href":"https:\/\/api.w.org\/{rel}","templated":true}]}}