{"id":31336,"date":"2025-10-25T10:02:37","date_gmt":"2025-10-25T16:02:37","guid":{"rendered":"https:\/\/apan.gob.mx\/portal\/?p=31336"},"modified":"2025-12-12T10:07:07","modified_gmt":"2025-12-12T16:07:07","slug":"faena-comunitaria-en-el-panteon-municipal","status":"publish","type":"post","link":"https:\/\/apan.gob.mx\/portal\/2025\/10\/25\/faena-comunitaria-en-el-panteon-municipal\/","title":{"rendered":"Faena Comunitaria en el Pante\u00f3n Municipal"},"content":{"rendered":"\n<p>Con trabajo en equipo, compromiso y solidaridad, seguimos dignificando los espacios que pertenecen a todas y todos. En conjunto, llevamos a cabo la segunda faena comunitaria en el pante\u00f3n municipal, fortaleciendo el orden, la limpieza y el cuidado de este espacio tan importante para nuestra comunidad.<\/p>\n\n\n\n<figure class=\"wp-block-image size-large\"><img data-recalc-dims=\"1\" fetchpriority=\"high\" decoding=\"async\" width=\"819\" height=\"1024\" src=\"https:\/\/i0.wp.com\/apan.gob.mx\/portal\/wp-content\/uploads\/2025\/12\/570203692_122180735612523619_302801426957358724_n.jpg?resize=819%2C1024&#038;ssl=1\" alt=\"\" class=\"wp-image-31338\" srcset=\"https:\/\/i0.wp.com\/apan.gob.mx\/portal\/wp-content\/uploads\/2025\/12\/570203692_122180735612523619_302801426957358724_n.jpg?resize=819%2C1024&amp;ssl=1 819w, https:\/\/i0.wp.com\/apan.gob.mx\/portal\/wp-content\/uploads\/2025\/12\/570203692_122180735612523619_302801426957358724_n.jpg?resize=240%2C300&amp;ssl=1 240w, https:\/\/i0.wp.com\/apan.gob.mx\/portal\/wp-content\/uploads\/2025\/12\/570203692_122180735612523619_302801426957358724_n.jpg?resize=768%2C960&amp;ssl=1 768w, https:\/\/i0.wp.com\/apan.gob.mx\/portal\/wp-content\/uploads\/2025\/12\/570203692_122180735612523619_302801426957358724_n.jpg?resize=1229%2C1536&amp;ssl=1 1229w, https:\/\/i0.wp.com\/apan.gob.mx\/portal\/wp-content\/uploads\/2025\/12\/570203692_122180735612523619_302801426957358724_n.jpg?w=1638&amp;ssl=1 1638w\" sizes=\"(max-width: 819px) 100vw, 819px\" \/><\/figure>\n\n\n\n<p>Estas acciones reflejan el esp\u00edritu de colaboraci\u00f3n y el humanismo que impulsa nuestro municipio. Cuando la ciudadan\u00eda se une con un objetivo com\u00fan, demostramos que es posible lograr mejoras significativas y construir un entorno m\u00e1s digno para todas las familias.<\/p>\n","protected":false},"excerpt":{"rendered":"<p>Con trabajo en equipo, compromiso y solidaridad, seguimos dignificando los espacios que pertenecen a todas y todos. En conjunto, llevamos a cabo la segunda faena comunitaria en el pante\u00f3n municipal, fortaleciendo el orden, la limpieza y el cuidado de este espacio tan importante para nuestra comunidad. Estas acciones reflejan el esp\u00edritu de colaboraci\u00f3n y el [&hellip;]<\/p>\n","protected":false},"author":4,"featured_media":31343,"comment_status":"closed","ping_status":"closed","sticky":false,"template":"","format":"standard","meta":{"_jetpack_memberships_contains_paid_content":false,"footnotes":""},"categories":[1],"tags":[],"class_list":["post-31336","post","type-post","status-publish","format-standard","has-post-thumbnail","hentry","category-uncategorized"],"jetpack_featured_media_url":"https:\/\/i0.wp.com\/apan.gob.mx\/portal\/wp-content\/uploads\/2025\/12\/570203692_122180735612523619_302801426957358724_n-1.jpg?fit=1638%2C2048&ssl=1","jetpack_sharing_enabled":true,"_links":{"self":[{"href":"https:\/\/apan.gob.mx\/portal\/wp-json\/wp\/v2\/posts\/31336","targetHints":{"allow":["GET"]}}],"collection":[{"href":"https:\/\/apan.gob.mx\/portal\/wp-json\/wp\/v2\/posts"}],"about":[{"href":"https:\/\/apan.gob.mx\/portal\/wp-json\/wp\/v2\/types\/post"}],"author":[{"embeddable":true,"href":"https:\/\/apan.gob.mx\/portal\/wp-json\/wp\/v2\/users\/4"}],"replies":[{"embeddable":true,"href":"https:\/\/apan.gob.mx\/portal\/wp-json\/wp\/v2\/comments?post=31336"}],"version-history":[{"count":1,"href":"https:\/\/apan.gob.mx\/portal\/wp-json\/wp\/v2\/posts\/31336\/revisions"}],"predecessor-version":[{"id":31352,"href":"https:\/\/apan.gob.mx\/portal\/wp-json\/wp\/v2\/posts\/31336\/revisions\/31352"}],"wp:featuredmedia":[{"embeddable":true,"href":"https:\/\/apan.gob.mx\/portal\/wp-json\/wp\/v2\/media\/31343"}],"wp:attachment":[{"href":"https:\/\/apan.gob.mx\/portal\/wp-json\/wp\/v2\/media?parent=31336"}],"wp:term":[{"taxonomy":"category","embeddable":true,"href":"https:\/\/apan.gob.mx\/portal\/wp-json\/wp\/v2\/categories?post=31336"},{"taxonomy":"post_tag","embeddable":true,"href":"https:\/\/apan.gob.mx\/portal\/wp-json\/wp\/v2\/tags?post=31336"}],"curies":[{"name":"wp","href":"https:\/\/api.w.org\/{rel}","templated":true}]}}