{"id":31372,"date":"2025-10-18T10:13:39","date_gmt":"2025-10-18T16:13:39","guid":{"rendered":"https:\/\/apan.gob.mx\/portal\/?p=31372"},"modified":"2025-12-12T10:16:14","modified_gmt":"2025-12-12T16:16:14","slug":"faenas-comunitarias-en-san-lucas","status":"publish","type":"post","link":"https:\/\/apan.gob.mx\/portal\/2025\/10\/18\/faenas-comunitarias-en-san-lucas\/","title":{"rendered":"Faenas Comunitarias en San Lucas"},"content":{"rendered":"\n<p>En la localidad de San Lucas se llevaron a cabo faenas comunitarias con la valiosa participaci\u00f3n de vecinas y vecinos comprometidos con mejorar su entorno. Su dedicaci\u00f3n y trabajo reflejan el esp\u00edritu solidario que distingue a nuestra comunidad.<\/p>\n\n\n\n<figure class=\"wp-block-image size-large\"><img data-recalc-dims=\"1\" fetchpriority=\"high\" decoding=\"async\" width=\"1024\" height=\"768\" src=\"https:\/\/i0.wp.com\/apan.gob.mx\/portal\/wp-content\/uploads\/2025\/12\/564726293_122179746200523619_6894506730762428090_n.jpg?resize=1024%2C768&#038;ssl=1\" alt=\"\" class=\"wp-image-31375\" srcset=\"https:\/\/i0.wp.com\/apan.gob.mx\/portal\/wp-content\/uploads\/2025\/12\/564726293_122179746200523619_6894506730762428090_n.jpg?resize=1024%2C768&amp;ssl=1 1024w, https:\/\/i0.wp.com\/apan.gob.mx\/portal\/wp-content\/uploads\/2025\/12\/564726293_122179746200523619_6894506730762428090_n.jpg?resize=300%2C225&amp;ssl=1 300w, https:\/\/i0.wp.com\/apan.gob.mx\/portal\/wp-content\/uploads\/2025\/12\/564726293_122179746200523619_6894506730762428090_n.jpg?resize=768%2C576&amp;ssl=1 768w, https:\/\/i0.wp.com\/apan.gob.mx\/portal\/wp-content\/uploads\/2025\/12\/564726293_122179746200523619_6894506730762428090_n.jpg?resize=1536%2C1152&amp;ssl=1 1536w, https:\/\/i0.wp.com\/apan.gob.mx\/portal\/wp-content\/uploads\/2025\/12\/564726293_122179746200523619_6894506730762428090_n.jpg?w=1600&amp;ssl=1 1600w\" sizes=\"(max-width: 1000px) 100vw, 1000px\" \/><\/figure>\n\n\n\n<p>Estas acciones son muestra del esfuerzo conjunto por mantener a Apan limpio, ordenado y en constante desarrollo. Cuando la ciudadan\u00eda se une para cuidar sus espacios, fortalecemos el bienestar com\u00fan y construimos un municipio que avanza con humanismo y responsabilidad compartida.<\/p>\n","protected":false},"excerpt":{"rendered":"<p>En la localidad de San Lucas se llevaron a cabo faenas comunitarias con la valiosa participaci\u00f3n de vecinas y vecinos comprometidos con mejorar su entorno. Su dedicaci\u00f3n y trabajo reflejan el esp\u00edritu solidario que distingue a nuestra comunidad. Estas acciones son muestra del esfuerzo conjunto por mantener a Apan limpio, ordenado y en constante desarrollo. [&hellip;]<\/p>\n","protected":false},"author":4,"featured_media":31376,"comment_status":"closed","ping_status":"closed","sticky":false,"template":"","format":"standard","meta":{"_jetpack_memberships_contains_paid_content":false,"footnotes":""},"categories":[1],"tags":[],"class_list":["post-31372","post","type-post","status-publish","format-standard","has-post-thumbnail","hentry","category-uncategorized"],"jetpack_featured_media_url":"https:\/\/i0.wp.com\/apan.gob.mx\/portal\/wp-content\/uploads\/2025\/12\/566271264_122179731380523619_1907380941938503803_n.jpg?fit=1638%2C2048&ssl=1","jetpack_sharing_enabled":true,"_links":{"self":[{"href":"https:\/\/apan.gob.mx\/portal\/wp-json\/wp\/v2\/posts\/31372","targetHints":{"allow":["GET"]}}],"collection":[{"href":"https:\/\/apan.gob.mx\/portal\/wp-json\/wp\/v2\/posts"}],"about":[{"href":"https:\/\/apan.gob.mx\/portal\/wp-json\/wp\/v2\/types\/post"}],"author":[{"embeddable":true,"href":"https:\/\/apan.gob.mx\/portal\/wp-json\/wp\/v2\/users\/4"}],"replies":[{"embeddable":true,"href":"https:\/\/apan.gob.mx\/portal\/wp-json\/wp\/v2\/comments?post=31372"}],"version-history":[{"count":1,"href":"https:\/\/apan.gob.mx\/portal\/wp-json\/wp\/v2\/posts\/31372\/revisions"}],"predecessor-version":[{"id":31377,"href":"https:\/\/apan.gob.mx\/portal\/wp-json\/wp\/v2\/posts\/31372\/revisions\/31377"}],"wp:featuredmedia":[{"embeddable":true,"href":"https:\/\/apan.gob.mx\/portal\/wp-json\/wp\/v2\/media\/31376"}],"wp:attachment":[{"href":"https:\/\/apan.gob.mx\/portal\/wp-json\/wp\/v2\/media?parent=31372"}],"wp:term":[{"taxonomy":"category","embeddable":true,"href":"https:\/\/apan.gob.mx\/portal\/wp-json\/wp\/v2\/categories?post=31372"},{"taxonomy":"post_tag","embeddable":true,"href":"https:\/\/apan.gob.mx\/portal\/wp-json\/wp\/v2\/tags?post=31372"}],"curies":[{"name":"wp","href":"https:\/\/api.w.org\/{rel}","templated":true}]}}