{"id":31438,"date":"2025-10-31T10:54:27","date_gmt":"2025-10-31T16:54:27","guid":{"rendered":"https:\/\/apan.gob.mx\/portal\/?p=31438"},"modified":"2025-12-12T10:55:53","modified_gmt":"2025-12-12T16:55:53","slug":"tradicion-color-y-memoria-en-el-desfile-de-dia-de-muertos-2025","status":"publish","type":"post","link":"https:\/\/apan.gob.mx\/portal\/2025\/10\/31\/tradicion-color-y-memoria-en-el-desfile-de-dia-de-muertos-2025\/","title":{"rendered":"Tradici\u00f3n, Color y Memoria en el Desfile de D\u00eda de Muertos 2025"},"content":{"rendered":"\n<p>Apan se llen\u00f3 de color, cultura y tradici\u00f3n con el Desfile de D\u00eda de Muertos 2025, un homenaje que celebra nuestras ra\u00edces y honra a quienes permanecen vivos en nuestra memoria.<\/p>\n\n\n\n<figure class=\"wp-block-image size-large\"><img data-recalc-dims=\"1\" fetchpriority=\"high\" decoding=\"async\" width=\"819\" height=\"1024\" src=\"https:\/\/i0.wp.com\/apan.gob.mx\/portal\/wp-content\/uploads\/2025\/12\/573884017_122181592910523619_3330692044681980492_n.jpg?resize=819%2C1024&#038;ssl=1\" alt=\"\" class=\"wp-image-31439\" srcset=\"https:\/\/i0.wp.com\/apan.gob.mx\/portal\/wp-content\/uploads\/2025\/12\/573884017_122181592910523619_3330692044681980492_n.jpg?resize=819%2C1024&amp;ssl=1 819w, https:\/\/i0.wp.com\/apan.gob.mx\/portal\/wp-content\/uploads\/2025\/12\/573884017_122181592910523619_3330692044681980492_n.jpg?resize=240%2C300&amp;ssl=1 240w, https:\/\/i0.wp.com\/apan.gob.mx\/portal\/wp-content\/uploads\/2025\/12\/573884017_122181592910523619_3330692044681980492_n.jpg?resize=768%2C960&amp;ssl=1 768w, https:\/\/i0.wp.com\/apan.gob.mx\/portal\/wp-content\/uploads\/2025\/12\/573884017_122181592910523619_3330692044681980492_n.jpg?resize=1229%2C1536&amp;ssl=1 1229w, https:\/\/i0.wp.com\/apan.gob.mx\/portal\/wp-content\/uploads\/2025\/12\/573884017_122181592910523619_3330692044681980492_n.jpg?w=1638&amp;ssl=1 1638w\" sizes=\"(max-width: 819px) 100vw, 819px\" \/><\/figure>\n\n\n\n<p>Este encuentro comunitario reflej\u00f3 el orgullo y la identidad que nos unen como municipio, preservando una de las tradiciones m\u00e1s significativas de M\u00e9xico y fortaleciendo el v\u00ednculo entre nuestras familias y nuestra historia.<\/p>\n","protected":false},"excerpt":{"rendered":"<p>Apan se llen\u00f3 de color, cultura y tradici\u00f3n con el Desfile de D\u00eda de Muertos 2025, un homenaje que celebra nuestras ra\u00edces y honra a quienes permanecen vivos en nuestra memoria. Este encuentro comunitario reflej\u00f3 el orgullo y la identidad que nos unen como municipio, preservando una de las tradiciones m\u00e1s significativas de M\u00e9xico y [&hellip;]<\/p>\n","protected":false},"author":4,"featured_media":31440,"comment_status":"closed","ping_status":"closed","sticky":false,"template":"","format":"standard","meta":{"_jetpack_memberships_contains_paid_content":false,"footnotes":""},"categories":[1],"tags":[],"class_list":["post-31438","post","type-post","status-publish","format-standard","has-post-thumbnail","hentry","category-uncategorized"],"jetpack_featured_media_url":"https:\/\/i0.wp.com\/apan.gob.mx\/portal\/wp-content\/uploads\/2025\/12\/573884017_122181592910523619_3330692044681980492_n-1.jpg?fit=1638%2C2048&ssl=1","jetpack_sharing_enabled":true,"_links":{"self":[{"href":"https:\/\/apan.gob.mx\/portal\/wp-json\/wp\/v2\/posts\/31438","targetHints":{"allow":["GET"]}}],"collection":[{"href":"https:\/\/apan.gob.mx\/portal\/wp-json\/wp\/v2\/posts"}],"about":[{"href":"https:\/\/apan.gob.mx\/portal\/wp-json\/wp\/v2\/types\/post"}],"author":[{"embeddable":true,"href":"https:\/\/apan.gob.mx\/portal\/wp-json\/wp\/v2\/users\/4"}],"replies":[{"embeddable":true,"href":"https:\/\/apan.gob.mx\/portal\/wp-json\/wp\/v2\/comments?post=31438"}],"version-history":[{"count":1,"href":"https:\/\/apan.gob.mx\/portal\/wp-json\/wp\/v2\/posts\/31438\/revisions"}],"predecessor-version":[{"id":31441,"href":"https:\/\/apan.gob.mx\/portal\/wp-json\/wp\/v2\/posts\/31438\/revisions\/31441"}],"wp:featuredmedia":[{"embeddable":true,"href":"https:\/\/apan.gob.mx\/portal\/wp-json\/wp\/v2\/media\/31440"}],"wp:attachment":[{"href":"https:\/\/apan.gob.mx\/portal\/wp-json\/wp\/v2\/media?parent=31438"}],"wp:term":[{"taxonomy":"category","embeddable":true,"href":"https:\/\/apan.gob.mx\/portal\/wp-json\/wp\/v2\/categories?post=31438"},{"taxonomy":"post_tag","embeddable":true,"href":"https:\/\/apan.gob.mx\/portal\/wp-json\/wp\/v2\/tags?post=31438"}],"curies":[{"name":"wp","href":"https:\/\/api.w.org\/{rel}","templated":true}]}}