{"id":31463,"date":"2025-10-29T11:07:19","date_gmt":"2025-10-29T17:07:19","guid":{"rendered":"https:\/\/apan.gob.mx\/portal\/?p=31463"},"modified":"2025-12-12T11:08:47","modified_gmt":"2025-12-12T17:08:47","slug":"grupo-de-trabajo-para-la-proteccion-y-conservacion-del-acuifero-de-apan","status":"publish","type":"post","link":"https:\/\/apan.gob.mx\/portal\/2025\/10\/29\/grupo-de-trabajo-para-la-proteccion-y-conservacion-del-acuifero-de-apan\/","title":{"rendered":"Grupo de Trabajo para la Protecci\u00f3n y Conservaci\u00f3n del Acu\u00edfero de Apan"},"content":{"rendered":"\n<p>Con la convicci\u00f3n de que el futuro del Altiplano depende de las acciones que emprendamos hoy, se realiz\u00f3 una reuni\u00f3n intermunicipal con la participaci\u00f3n de autoridades, especialistas y representantes de distintos sectores. El objetivo fue analizar, dialogar y establecer estrategias para la protecci\u00f3n y conservaci\u00f3n del acu\u00edfero de Apan.<\/p>\n\n\n\n<figure class=\"wp-block-image size-large\"><img data-recalc-dims=\"1\" fetchpriority=\"high\" decoding=\"async\" width=\"1024\" height=\"768\" src=\"https:\/\/i0.wp.com\/apan.gob.mx\/portal\/wp-content\/uploads\/2025\/12\/571991856_122181303968523619_4479762797469154773_n.jpg?resize=1024%2C768&#038;ssl=1\" alt=\"\" class=\"wp-image-31466\" srcset=\"https:\/\/i0.wp.com\/apan.gob.mx\/portal\/wp-content\/uploads\/2025\/12\/571991856_122181303968523619_4479762797469154773_n.jpg?resize=1024%2C768&amp;ssl=1 1024w, https:\/\/i0.wp.com\/apan.gob.mx\/portal\/wp-content\/uploads\/2025\/12\/571991856_122181303968523619_4479762797469154773_n.jpg?resize=300%2C225&amp;ssl=1 300w, https:\/\/i0.wp.com\/apan.gob.mx\/portal\/wp-content\/uploads\/2025\/12\/571991856_122181303968523619_4479762797469154773_n.jpg?resize=768%2C576&amp;ssl=1 768w, https:\/\/i0.wp.com\/apan.gob.mx\/portal\/wp-content\/uploads\/2025\/12\/571991856_122181303968523619_4479762797469154773_n.jpg?w=1280&amp;ssl=1 1280w\" sizes=\"(max-width: 1000px) 100vw, 1000px\" \/><\/figure>\n\n\n\n<p>La Laguna de Apan, un ecosistema fundamental para nuestra regi\u00f3n, atraviesa un proceso de deterioro que exige atenci\u00f3n inmediata, coordinaci\u00f3n institucional y un compromiso firme con el medio ambiente.<\/p>\n\n\n\n<figure class=\"wp-block-image size-large\"><img data-recalc-dims=\"1\" decoding=\"async\" width=\"1024\" height=\"768\" src=\"https:\/\/i0.wp.com\/apan.gob.mx\/portal\/wp-content\/uploads\/2025\/12\/571769008_122181303986523619_9100082449077991958_n-1.jpg?resize=1024%2C768&#038;ssl=1\" alt=\"\" class=\"wp-image-31467\" srcset=\"https:\/\/i0.wp.com\/apan.gob.mx\/portal\/wp-content\/uploads\/2025\/12\/571769008_122181303986523619_9100082449077991958_n-1.jpg?resize=1024%2C768&amp;ssl=1 1024w, https:\/\/i0.wp.com\/apan.gob.mx\/portal\/wp-content\/uploads\/2025\/12\/571769008_122181303986523619_9100082449077991958_n-1.jpg?resize=300%2C225&amp;ssl=1 300w, https:\/\/i0.wp.com\/apan.gob.mx\/portal\/wp-content\/uploads\/2025\/12\/571769008_122181303986523619_9100082449077991958_n-1.jpg?resize=768%2C576&amp;ssl=1 768w, https:\/\/i0.wp.com\/apan.gob.mx\/portal\/wp-content\/uploads\/2025\/12\/571769008_122181303986523619_9100082449077991958_n-1.jpg?w=1280&amp;ssl=1 1280w\" sizes=\"(max-width: 1000px) 100vw, 1000px\" \/><\/figure>\n\n\n\n<p>El Gobierno Municipal reafirma que solo mediante la ciencia, la innovaci\u00f3n y el esfuerzo colectivo ser\u00e1 posible avanzar hacia soluciones efectivas que garanticen la recuperaci\u00f3n y preservaci\u00f3n de nuestros recursos naturales.<\/p>\n","protected":false},"excerpt":{"rendered":"<p>Con la convicci\u00f3n de que el futuro del Altiplano depende de las acciones que emprendamos hoy, se realiz\u00f3 una reuni\u00f3n intermunicipal con la participaci\u00f3n de autoridades, especialistas y representantes de distintos sectores. El objetivo fue analizar, dialogar y establecer estrategias para la protecci\u00f3n y conservaci\u00f3n del acu\u00edfero de Apan. La Laguna de Apan, un ecosistema [&hellip;]<\/p>\n","protected":false},"author":4,"featured_media":31468,"comment_status":"closed","ping_status":"closed","sticky":false,"template":"","format":"standard","meta":{"_jetpack_memberships_contains_paid_content":false,"footnotes":""},"categories":[1],"tags":[],"class_list":["post-31463","post","type-post","status-publish","format-standard","has-post-thumbnail","hentry","category-uncategorized"],"jetpack_featured_media_url":"https:\/\/i0.wp.com\/apan.gob.mx\/portal\/wp-content\/uploads\/2025\/12\/571294906_122181303980523619_6247254990656271869_n.jpg?fit=1280%2C960&ssl=1","jetpack_sharing_enabled":true,"_links":{"self":[{"href":"https:\/\/apan.gob.mx\/portal\/wp-json\/wp\/v2\/posts\/31463","targetHints":{"allow":["GET"]}}],"collection":[{"href":"https:\/\/apan.gob.mx\/portal\/wp-json\/wp\/v2\/posts"}],"about":[{"href":"https:\/\/apan.gob.mx\/portal\/wp-json\/wp\/v2\/types\/post"}],"author":[{"embeddable":true,"href":"https:\/\/apan.gob.mx\/portal\/wp-json\/wp\/v2\/users\/4"}],"replies":[{"embeddable":true,"href":"https:\/\/apan.gob.mx\/portal\/wp-json\/wp\/v2\/comments?post=31463"}],"version-history":[{"count":1,"href":"https:\/\/apan.gob.mx\/portal\/wp-json\/wp\/v2\/posts\/31463\/revisions"}],"predecessor-version":[{"id":31469,"href":"https:\/\/apan.gob.mx\/portal\/wp-json\/wp\/v2\/posts\/31463\/revisions\/31469"}],"wp:featuredmedia":[{"embeddable":true,"href":"https:\/\/apan.gob.mx\/portal\/wp-json\/wp\/v2\/media\/31468"}],"wp:attachment":[{"href":"https:\/\/apan.gob.mx\/portal\/wp-json\/wp\/v2\/media?parent=31463"}],"wp:term":[{"taxonomy":"category","embeddable":true,"href":"https:\/\/apan.gob.mx\/portal\/wp-json\/wp\/v2\/categories?post=31463"},{"taxonomy":"post_tag","embeddable":true,"href":"https:\/\/apan.gob.mx\/portal\/wp-json\/wp\/v2\/tags?post=31463"}],"curies":[{"name":"wp","href":"https:\/\/api.w.org\/{rel}","templated":true}]}}