{"id":31473,"date":"2025-09-04T11:10:15","date_gmt":"2025-09-04T17:10:15","guid":{"rendered":"https:\/\/apan.gob.mx\/portal\/?p=31473"},"modified":"2025-12-12T11:24:23","modified_gmt":"2025-12-12T17:24:23","slug":"campana-de-vacunacion-antirrabica-durante-todo-el-mes-de-septiembre-2025","status":"publish","type":"post","link":"https:\/\/apan.gob.mx\/portal\/2025\/09\/04\/campana-de-vacunacion-antirrabica-durante-todo-el-mes-de-septiembre-2025\/","title":{"rendered":"Campa\u00f1a de Vacunaci\u00f3n Antirr\u00e1bica durante todo el mes de Septiembre 2025"},"content":{"rendered":"\n<p>El Gobierno Municipal de Apan, a trav\u00e9s de la Direcci\u00f3n de Sanidad, realiz\u00f3 una jornada de la Campa\u00f1a de Vacunaci\u00f3n Antirr\u00e1bica Canina y Felina.<\/p>\n\n\n\n<p>La actividad forma parte de las acciones permanentes para prevenir la rabia, una enfermedad mortal que afecta tanto a animales como a personas, y reafirma el compromiso del municipio con el bienestar animal y la salud p\u00fablica.<\/p>\n\n\n\n<figure class=\"wp-block-image size-large\"><img data-recalc-dims=\"1\" fetchpriority=\"high\" decoding=\"async\" width=\"1024\" height=\"683\" src=\"https:\/\/i0.wp.com\/apan.gob.mx\/portal\/wp-content\/uploads\/2025\/12\/542757204_122173125476523619_1597150916281600190_n.jpg?resize=1024%2C683&#038;ssl=1\" alt=\"\" class=\"wp-image-31482\" srcset=\"https:\/\/i0.wp.com\/apan.gob.mx\/portal\/wp-content\/uploads\/2025\/12\/542757204_122173125476523619_1597150916281600190_n.jpg?resize=1024%2C683&amp;ssl=1 1024w, https:\/\/i0.wp.com\/apan.gob.mx\/portal\/wp-content\/uploads\/2025\/12\/542757204_122173125476523619_1597150916281600190_n.jpg?resize=300%2C200&amp;ssl=1 300w, https:\/\/i0.wp.com\/apan.gob.mx\/portal\/wp-content\/uploads\/2025\/12\/542757204_122173125476523619_1597150916281600190_n.jpg?resize=768%2C512&amp;ssl=1 768w, https:\/\/i0.wp.com\/apan.gob.mx\/portal\/wp-content\/uploads\/2025\/12\/542757204_122173125476523619_1597150916281600190_n.jpg?resize=1536%2C1024&amp;ssl=1 1536w, https:\/\/i0.wp.com\/apan.gob.mx\/portal\/wp-content\/uploads\/2025\/12\/542757204_122173125476523619_1597150916281600190_n.jpg?w=2048&amp;ssl=1 2048w\" sizes=\"(max-width: 1000px) 100vw, 1000px\" \/><\/figure>\n\n\n\n<p><strong>Informaci\u00f3n destacada:<\/strong><\/p>\n\n\n\n<ul class=\"wp-block-list\">\n<li>La aplicaci\u00f3n de la vacuna es gratuita.<\/li>\n\n\n\n<li>Se atiende a perros y gatos a partir de los seis meses de edad.<\/li>\n\n\n\n<li>Las vacunas no se entregan al p\u00fablico, ya que su aplicaci\u00f3n corresponde exclusivamente a personal capacitado para asegurar su eficacia y seguridad.<\/li>\n<\/ul>\n\n\n\n<p><strong>\u00bfPor qu\u00e9 no se entregan las vacunas a los usuarios?<\/strong><br>La vacuna antirr\u00e1bica requiere:<\/p>\n\n\n\n<ul class=\"wp-block-list\">\n<li>Aplicaci\u00f3n en condiciones espec\u00edficas, como la v\u00eda intramuscular.<\/li>\n\n\n\n<li>Conservaci\u00f3n bajo cadenas de fr\u00edo adecuadas.<\/li>\n\n\n\n<li>Registro y control del esquema de vacunaci\u00f3n.<\/li>\n\n\n\n<li>Entrega de un comprobante oficial que garantice la protecci\u00f3n de cada mascota y, con ello, de la comunidad.<\/li>\n<\/ul>\n\n\n\n<p>Vacunar a las mascotas es un acto de responsabilidad, prevenci\u00f3n y cuidado. Estas acciones fortalecen la salud y la seguridad de las familias y de los animales de compa\u00f1\u00eda en Apan.<\/p>\n\n\n\n<div class=\"wp-block-columns is-not-stacked-on-mobile is-layout-flex wp-container-core-columns-is-layout-28f84493 wp-block-columns-is-layout-flex\">\n<div class=\"wp-block-column is-layout-flow wp-block-column-is-layout-flow\" style=\"flex-basis:50%\">\n<figure class=\"wp-block-image size-large\"><img data-recalc-dims=\"1\" decoding=\"async\" width=\"1024\" height=\"611\" src=\"https:\/\/i0.wp.com\/apan.gob.mx\/portal\/wp-content\/uploads\/2025\/12\/543185960_122173125314523619_3842576209247675300_n.jpg?resize=1024%2C611&#038;ssl=1\" alt=\"\" class=\"wp-image-31483\" srcset=\"https:\/\/i0.wp.com\/apan.gob.mx\/portal\/wp-content\/uploads\/2025\/12\/543185960_122173125314523619_3842576209247675300_n.jpg?resize=1024%2C611&amp;ssl=1 1024w, https:\/\/i0.wp.com\/apan.gob.mx\/portal\/wp-content\/uploads\/2025\/12\/543185960_122173125314523619_3842576209247675300_n.jpg?resize=300%2C179&amp;ssl=1 300w, https:\/\/i0.wp.com\/apan.gob.mx\/portal\/wp-content\/uploads\/2025\/12\/543185960_122173125314523619_3842576209247675300_n.jpg?resize=768%2C458&amp;ssl=1 768w, https:\/\/i0.wp.com\/apan.gob.mx\/portal\/wp-content\/uploads\/2025\/12\/543185960_122173125314523619_3842576209247675300_n.jpg?resize=1536%2C916&amp;ssl=1 1536w, https:\/\/i0.wp.com\/apan.gob.mx\/portal\/wp-content\/uploads\/2025\/12\/543185960_122173125314523619_3842576209247675300_n.jpg?w=2048&amp;ssl=1 2048w\" sizes=\"(max-width: 1000px) 100vw, 1000px\" \/><\/figure>\n<\/div>\n\n\n\n<div class=\"wp-block-column is-layout-flow wp-block-column-is-layout-flow\" style=\"flex-basis:50%\">\n<figure class=\"wp-block-image size-large is-resized\"><img data-recalc-dims=\"1\" decoding=\"async\" src=\"https:\/\/i0.wp.com\/apan.gob.mx\/portal\/wp-content\/uploads\/2025\/12\/536276850_122173125392523619_4022857662652038682_n.jpg?resize=346%2C230&#038;ssl=1\" alt=\"\" class=\"wp-image-31484\" width=\"346\" height=\"230\" srcset=\"https:\/\/i0.wp.com\/apan.gob.mx\/portal\/wp-content\/uploads\/2025\/12\/536276850_122173125392523619_4022857662652038682_n.jpg?resize=1024%2C683&amp;ssl=1 1024w, https:\/\/i0.wp.com\/apan.gob.mx\/portal\/wp-content\/uploads\/2025\/12\/536276850_122173125392523619_4022857662652038682_n.jpg?resize=300%2C200&amp;ssl=1 300w, https:\/\/i0.wp.com\/apan.gob.mx\/portal\/wp-content\/uploads\/2025\/12\/536276850_122173125392523619_4022857662652038682_n.jpg?resize=768%2C512&amp;ssl=1 768w, https:\/\/i0.wp.com\/apan.gob.mx\/portal\/wp-content\/uploads\/2025\/12\/536276850_122173125392523619_4022857662652038682_n.jpg?resize=1536%2C1024&amp;ssl=1 1536w, https:\/\/i0.wp.com\/apan.gob.mx\/portal\/wp-content\/uploads\/2025\/12\/536276850_122173125392523619_4022857662652038682_n.jpg?w=2048&amp;ssl=1 2048w\" sizes=\"(max-width: 346px) 100vw, 346px\" \/><\/figure>\n<\/div>\n<\/div>\n","protected":false},"excerpt":{"rendered":"<p>El Gobierno Municipal de Apan, a trav\u00e9s de la Direcci\u00f3n de Sanidad, realiz\u00f3 una jornada de la Campa\u00f1a de Vacunaci\u00f3n Antirr\u00e1bica Canina y Felina. La actividad forma parte de las acciones permanentes para prevenir la rabia, una enfermedad mortal que afecta tanto a animales como a personas, y reafirma el compromiso del municipio con el [&hellip;]<\/p>\n","protected":false},"author":4,"featured_media":31481,"comment_status":"closed","ping_status":"closed","sticky":false,"template":"","format":"standard","meta":{"_jetpack_memberships_contains_paid_content":false,"footnotes":""},"categories":[1],"tags":[],"class_list":["post-31473","post","type-post","status-publish","format-standard","has-post-thumbnail","hentry","category-uncategorized"],"jetpack_featured_media_url":"https:\/\/i0.wp.com\/apan.gob.mx\/portal\/wp-content\/uploads\/2025\/12\/540765562_122173125482523619_4336493868221750473_n-1.jpg?fit=2048%2C1365&ssl=1","jetpack_sharing_enabled":true,"_links":{"self":[{"href":"https:\/\/apan.gob.mx\/portal\/wp-json\/wp\/v2\/posts\/31473","targetHints":{"allow":["GET"]}}],"collection":[{"href":"https:\/\/apan.gob.mx\/portal\/wp-json\/wp\/v2\/posts"}],"about":[{"href":"https:\/\/apan.gob.mx\/portal\/wp-json\/wp\/v2\/types\/post"}],"author":[{"embeddable":true,"href":"https:\/\/apan.gob.mx\/portal\/wp-json\/wp\/v2\/users\/4"}],"replies":[{"embeddable":true,"href":"https:\/\/apan.gob.mx\/portal\/wp-json\/wp\/v2\/comments?post=31473"}],"version-history":[{"count":1,"href":"https:\/\/apan.gob.mx\/portal\/wp-json\/wp\/v2\/posts\/31473\/revisions"}],"predecessor-version":[{"id":31485,"href":"https:\/\/apan.gob.mx\/portal\/wp-json\/wp\/v2\/posts\/31473\/revisions\/31485"}],"wp:featuredmedia":[{"embeddable":true,"href":"https:\/\/apan.gob.mx\/portal\/wp-json\/wp\/v2\/media\/31481"}],"wp:attachment":[{"href":"https:\/\/apan.gob.mx\/portal\/wp-json\/wp\/v2\/media?parent=31473"}],"wp:term":[{"taxonomy":"category","embeddable":true,"href":"https:\/\/apan.gob.mx\/portal\/wp-json\/wp\/v2\/categories?post=31473"},{"taxonomy":"post_tag","embeddable":true,"href":"https:\/\/apan.gob.mx\/portal\/wp-json\/wp\/v2\/tags?post=31473"}],"curies":[{"name":"wp","href":"https:\/\/api.w.org\/{rel}","templated":true}]}}