{"id":31489,"date":"2025-10-26T11:28:19","date_gmt":"2025-10-26T17:28:19","guid":{"rendered":"https:\/\/apan.gob.mx\/portal\/?p=31489"},"modified":"2025-12-12T11:30:20","modified_gmt":"2025-12-12T17:30:20","slug":"bellavista-se-ilumina-con-esperanza-y-dignidad","status":"publish","type":"post","link":"https:\/\/apan.gob.mx\/portal\/2025\/10\/26\/bellavista-se-ilumina-con-esperanza-y-dignidad\/","title":{"rendered":"Bellavista se Ilumina con Esperanza y Dignidad"},"content":{"rendered":"\n<p>Despu\u00e9s de m\u00e1s de siete d\u00e9cadas de espera, las familias de Bellavista finalmente cuentan con condiciones dignas para vivir. Gracias a las gestiones de la presidenta municipal, Dra. Zorayda Robles, se entregaron cuartos habitaci\u00f3n a personas adultas mayores y se realizaron las obras necesarias para llevar energ\u00eda el\u00e9ctrica a hogares que durante m\u00e1s de 70 a\u00f1os permanecieron en la oscuridad.<\/p>\n\n\n\n<figure class=\"wp-block-image size-large\"><img data-recalc-dims=\"1\" fetchpriority=\"high\" decoding=\"async\" width=\"1024\" height=\"768\" src=\"https:\/\/i0.wp.com\/apan.gob.mx\/portal\/wp-content\/uploads\/2025\/12\/571422907_122180886452523619_2401399275409066238_n.jpg?resize=1024%2C768&#038;ssl=1\" alt=\"\" class=\"wp-image-31491\" srcset=\"https:\/\/i0.wp.com\/apan.gob.mx\/portal\/wp-content\/uploads\/2025\/12\/571422907_122180886452523619_2401399275409066238_n.jpg?resize=1024%2C768&amp;ssl=1 1024w, https:\/\/i0.wp.com\/apan.gob.mx\/portal\/wp-content\/uploads\/2025\/12\/571422907_122180886452523619_2401399275409066238_n.jpg?resize=300%2C225&amp;ssl=1 300w, https:\/\/i0.wp.com\/apan.gob.mx\/portal\/wp-content\/uploads\/2025\/12\/571422907_122180886452523619_2401399275409066238_n.jpg?resize=768%2C576&amp;ssl=1 768w, https:\/\/i0.wp.com\/apan.gob.mx\/portal\/wp-content\/uploads\/2025\/12\/571422907_122180886452523619_2401399275409066238_n.jpg?resize=1536%2C1152&amp;ssl=1 1536w, https:\/\/i0.wp.com\/apan.gob.mx\/portal\/wp-content\/uploads\/2025\/12\/571422907_122180886452523619_2401399275409066238_n.jpg?w=2048&amp;ssl=1 2048w\" sizes=\"(max-width: 1000px) 100vw, 1000px\" \/><\/figure>\n\n\n\n<p>Este avance representa m\u00e1s que infraestructura: es un acto de justicia social y un compromiso real con quienes hab\u00edan sido olvidados por generaciones.<\/p>\n\n\n\n<p>Con estas acciones, el Gobierno Municipal reafirma la voluntad de transformar la vida de las familias que m\u00e1s lo necesitan, llevando esperanza, dignidad y desarrollo a cada comunidad.<\/p>\n\n\n\n<figure class=\"wp-block-image size-large\"><img data-recalc-dims=\"1\" decoding=\"async\" width=\"1024\" height=\"683\" src=\"https:\/\/i0.wp.com\/apan.gob.mx\/portal\/wp-content\/uploads\/2025\/12\/571453829_122180886788523619_5007807345592688833_n.jpg?resize=1024%2C683&#038;ssl=1\" alt=\"\" class=\"wp-image-31492\" srcset=\"https:\/\/i0.wp.com\/apan.gob.mx\/portal\/wp-content\/uploads\/2025\/12\/571453829_122180886788523619_5007807345592688833_n.jpg?resize=1024%2C683&amp;ssl=1 1024w, https:\/\/i0.wp.com\/apan.gob.mx\/portal\/wp-content\/uploads\/2025\/12\/571453829_122180886788523619_5007807345592688833_n.jpg?resize=300%2C200&amp;ssl=1 300w, https:\/\/i0.wp.com\/apan.gob.mx\/portal\/wp-content\/uploads\/2025\/12\/571453829_122180886788523619_5007807345592688833_n.jpg?resize=768%2C512&amp;ssl=1 768w, https:\/\/i0.wp.com\/apan.gob.mx\/portal\/wp-content\/uploads\/2025\/12\/571453829_122180886788523619_5007807345592688833_n.jpg?resize=1536%2C1024&amp;ssl=1 1536w, https:\/\/i0.wp.com\/apan.gob.mx\/portal\/wp-content\/uploads\/2025\/12\/571453829_122180886788523619_5007807345592688833_n.jpg?w=2048&amp;ssl=1 2048w\" sizes=\"(max-width: 1000px) 100vw, 1000px\" \/><\/figure>\n\n\n\n<p>Transformar con humanismo es hacer historia donde antes hubo olvido.<\/p>\n","protected":false},"excerpt":{"rendered":"<p>Despu\u00e9s de m\u00e1s de siete d\u00e9cadas de espera, las familias de Bellavista finalmente cuentan con condiciones dignas para vivir. Gracias a las gestiones de la presidenta municipal, Dra. Zorayda Robles, se entregaron cuartos habitaci\u00f3n a personas adultas mayores y se realizaron las obras necesarias para llevar energ\u00eda el\u00e9ctrica a hogares que durante m\u00e1s de 70 [&hellip;]<\/p>\n","protected":false},"author":4,"featured_media":31490,"comment_status":"closed","ping_status":"closed","sticky":false,"template":"","format":"standard","meta":{"_jetpack_memberships_contains_paid_content":false,"footnotes":""},"categories":[1],"tags":[],"class_list":["post-31489","post","type-post","status-publish","format-standard","has-post-thumbnail","hentry","category-uncategorized"],"jetpack_featured_media_url":"https:\/\/i0.wp.com\/apan.gob.mx\/portal\/wp-content\/uploads\/2025\/12\/573603250_122180886794523619_3653658035216883465_n.jpg?fit=2048%2C1447&ssl=1","jetpack_sharing_enabled":true,"_links":{"self":[{"href":"https:\/\/apan.gob.mx\/portal\/wp-json\/wp\/v2\/posts\/31489","targetHints":{"allow":["GET"]}}],"collection":[{"href":"https:\/\/apan.gob.mx\/portal\/wp-json\/wp\/v2\/posts"}],"about":[{"href":"https:\/\/apan.gob.mx\/portal\/wp-json\/wp\/v2\/types\/post"}],"author":[{"embeddable":true,"href":"https:\/\/apan.gob.mx\/portal\/wp-json\/wp\/v2\/users\/4"}],"replies":[{"embeddable":true,"href":"https:\/\/apan.gob.mx\/portal\/wp-json\/wp\/v2\/comments?post=31489"}],"version-history":[{"count":1,"href":"https:\/\/apan.gob.mx\/portal\/wp-json\/wp\/v2\/posts\/31489\/revisions"}],"predecessor-version":[{"id":31493,"href":"https:\/\/apan.gob.mx\/portal\/wp-json\/wp\/v2\/posts\/31489\/revisions\/31493"}],"wp:featuredmedia":[{"embeddable":true,"href":"https:\/\/apan.gob.mx\/portal\/wp-json\/wp\/v2\/media\/31490"}],"wp:attachment":[{"href":"https:\/\/apan.gob.mx\/portal\/wp-json\/wp\/v2\/media?parent=31489"}],"wp:term":[{"taxonomy":"category","embeddable":true,"href":"https:\/\/apan.gob.mx\/portal\/wp-json\/wp\/v2\/categories?post=31489"},{"taxonomy":"post_tag","embeddable":true,"href":"https:\/\/apan.gob.mx\/portal\/wp-json\/wp\/v2\/tags?post=31489"}],"curies":[{"name":"wp","href":"https:\/\/api.w.org\/{rel}","templated":true}]}}