{"id":31495,"date":"2025-10-24T11:33:08","date_gmt":"2025-10-24T17:33:08","guid":{"rendered":"https:\/\/apan.gob.mx\/portal\/?p=31495"},"modified":"2025-12-12T11:34:44","modified_gmt":"2025-12-12T17:34:44","slug":"apan-participa-en-el-inicio-del-programa-emprendimiento-cientifico","status":"publish","type":"post","link":"https:\/\/apan.gob.mx\/portal\/2025\/10\/24\/apan-participa-en-el-inicio-del-programa-emprendimiento-cientifico\/","title":{"rendered":"Apan Participa en el Inicio del Programa \u201cEmprendimiento Cient\u00edfico\u201d"},"content":{"rendered":"\n<p>El Gobierno Municipal de Apan particip\u00f3 en el inicio del programa \u201cEmprendimiento Cient\u00edfico\u201d, organizado por el Consejo de Ciencia, Tecnolog\u00eda e Innovaci\u00f3n de Hidalgo (CITNOVA), encabezado por su Director General, Francisco Pati\u00f1o Cardona.<\/p>\n\n\n\n<figure class=\"wp-block-image size-large\"><img data-recalc-dims=\"1\" fetchpriority=\"high\" decoding=\"async\" width=\"1024\" height=\"683\" src=\"https:\/\/i0.wp.com\/apan.gob.mx\/portal\/wp-content\/uploads\/2025\/12\/571041983_122180655344523619_7530419253261236002_n.jpg?resize=1024%2C683&#038;ssl=1\" alt=\"\" class=\"wp-image-31497\" srcset=\"https:\/\/i0.wp.com\/apan.gob.mx\/portal\/wp-content\/uploads\/2025\/12\/571041983_122180655344523619_7530419253261236002_n.jpg?resize=1024%2C683&amp;ssl=1 1024w, https:\/\/i0.wp.com\/apan.gob.mx\/portal\/wp-content\/uploads\/2025\/12\/571041983_122180655344523619_7530419253261236002_n.jpg?resize=300%2C200&amp;ssl=1 300w, https:\/\/i0.wp.com\/apan.gob.mx\/portal\/wp-content\/uploads\/2025\/12\/571041983_122180655344523619_7530419253261236002_n.jpg?resize=768%2C512&amp;ssl=1 768w, https:\/\/i0.wp.com\/apan.gob.mx\/portal\/wp-content\/uploads\/2025\/12\/571041983_122180655344523619_7530419253261236002_n.jpg?resize=1536%2C1024&amp;ssl=1 1536w, https:\/\/i0.wp.com\/apan.gob.mx\/portal\/wp-content\/uploads\/2025\/12\/571041983_122180655344523619_7530419253261236002_n.jpg?w=2048&amp;ssl=1 2048w\" sizes=\"(max-width: 1000px) 100vw, 1000px\" \/><\/figure>\n\n\n\n<p>Durante la jornada se llevaron a cabo mesas de trabajo en los ejes social, econ\u00f3mico, ambiental y territorial, promoviendo la colaboraci\u00f3n entre investigadoras, investigadores y autoridades municipales para generar soluciones innovadoras que impulsen el desarrollo local.<\/p>\n\n\n\n<p>La presidenta municipal, Dra. Zorayda Robles, junto con personal de la Direcci\u00f3n de Desarrollo Econ\u00f3mico, asisti\u00f3 en representaci\u00f3n del municipio, refrendando el compromiso de Apan con el fortalecimiento de la ciencia, la tecnolog\u00eda y la innovaci\u00f3n.<\/p>\n\n\n\n<figure class=\"wp-block-image size-large\"><img data-recalc-dims=\"1\" decoding=\"async\" width=\"1024\" height=\"768\" src=\"https:\/\/i0.wp.com\/apan.gob.mx\/portal\/wp-content\/uploads\/2025\/12\/571149319_122180655440523619_7537637411072099427_n.jpg?resize=1024%2C768&#038;ssl=1\" alt=\"\" class=\"wp-image-31498\" srcset=\"https:\/\/i0.wp.com\/apan.gob.mx\/portal\/wp-content\/uploads\/2025\/12\/571149319_122180655440523619_7537637411072099427_n.jpg?resize=1024%2C768&amp;ssl=1 1024w, https:\/\/i0.wp.com\/apan.gob.mx\/portal\/wp-content\/uploads\/2025\/12\/571149319_122180655440523619_7537637411072099427_n.jpg?resize=300%2C225&amp;ssl=1 300w, https:\/\/i0.wp.com\/apan.gob.mx\/portal\/wp-content\/uploads\/2025\/12\/571149319_122180655440523619_7537637411072099427_n.jpg?resize=768%2C576&amp;ssl=1 768w, https:\/\/i0.wp.com\/apan.gob.mx\/portal\/wp-content\/uploads\/2025\/12\/571149319_122180655440523619_7537637411072099427_n.jpg?w=1280&amp;ssl=1 1280w\" sizes=\"(max-width: 1000px) 100vw, 1000px\" \/><\/figure>\n\n\n\n<p>Estas acciones se alinean con la visi\u00f3n del gobernador Julio Menchaca, de consolidar la vinculaci\u00f3n entre la academia y los gobiernos locales para avanzar hacia un desarrollo sostenible y con bienestar para todas y todos los hidalguenses.<\/p>\n\n\n\n<hr class=\"wp-block-separator has-alpha-channel-opacity\" \/>\n","protected":false},"excerpt":{"rendered":"<p>El Gobierno Municipal de Apan particip\u00f3 en el inicio del programa \u201cEmprendimiento Cient\u00edfico\u201d, organizado por el Consejo de Ciencia, Tecnolog\u00eda e Innovaci\u00f3n de Hidalgo (CITNOVA), encabezado por su Director General, Francisco Pati\u00f1o Cardona. Durante la jornada se llevaron a cabo mesas de trabajo en los ejes social, econ\u00f3mico, ambiental y territorial, promoviendo la colaboraci\u00f3n entre [&hellip;]<\/p>\n","protected":false},"author":4,"featured_media":31496,"comment_status":"closed","ping_status":"closed","sticky":false,"template":"","format":"standard","meta":{"_jetpack_memberships_contains_paid_content":false,"footnotes":""},"categories":[1],"tags":[],"class_list":["post-31495","post","type-post","status-publish","format-standard","has-post-thumbnail","hentry","category-uncategorized"],"jetpack_featured_media_url":"https:\/\/i0.wp.com\/apan.gob.mx\/portal\/wp-content\/uploads\/2025\/12\/571192462_122180655338523619_1221020315284464049_n-scaled.jpg?fit=2560%2C1048&ssl=1","jetpack_sharing_enabled":true,"_links":{"self":[{"href":"https:\/\/apan.gob.mx\/portal\/wp-json\/wp\/v2\/posts\/31495","targetHints":{"allow":["GET"]}}],"collection":[{"href":"https:\/\/apan.gob.mx\/portal\/wp-json\/wp\/v2\/posts"}],"about":[{"href":"https:\/\/apan.gob.mx\/portal\/wp-json\/wp\/v2\/types\/post"}],"author":[{"embeddable":true,"href":"https:\/\/apan.gob.mx\/portal\/wp-json\/wp\/v2\/users\/4"}],"replies":[{"embeddable":true,"href":"https:\/\/apan.gob.mx\/portal\/wp-json\/wp\/v2\/comments?post=31495"}],"version-history":[{"count":1,"href":"https:\/\/apan.gob.mx\/portal\/wp-json\/wp\/v2\/posts\/31495\/revisions"}],"predecessor-version":[{"id":31499,"href":"https:\/\/apan.gob.mx\/portal\/wp-json\/wp\/v2\/posts\/31495\/revisions\/31499"}],"wp:featuredmedia":[{"embeddable":true,"href":"https:\/\/apan.gob.mx\/portal\/wp-json\/wp\/v2\/media\/31496"}],"wp:attachment":[{"href":"https:\/\/apan.gob.mx\/portal\/wp-json\/wp\/v2\/media?parent=31495"}],"wp:term":[{"taxonomy":"category","embeddable":true,"href":"https:\/\/apan.gob.mx\/portal\/wp-json\/wp\/v2\/categories?post=31495"},{"taxonomy":"post_tag","embeddable":true,"href":"https:\/\/apan.gob.mx\/portal\/wp-json\/wp\/v2\/tags?post=31495"}],"curies":[{"name":"wp","href":"https:\/\/api.w.org\/{rel}","templated":true}]}}