{"id":31503,"date":"2025-10-24T11:36:37","date_gmt":"2025-10-24T17:36:37","guid":{"rendered":"https:\/\/apan.gob.mx\/portal\/?p=31503"},"modified":"2025-12-12T11:41:19","modified_gmt":"2025-12-12T17:41:19","slug":"apan-conmemora-el-dia-de-las-naciones-unidas","status":"publish","type":"post","link":"https:\/\/apan.gob.mx\/portal\/2025\/10\/24\/apan-conmemora-el-dia-de-las-naciones-unidas\/","title":{"rendered":"Apan Conmemora el D\u00eda de las Naciones Unidas"},"content":{"rendered":"\n<p>El Gobierno Municipal de Apan conmemor\u00f3 el D\u00eda de las Naciones Unidas, una fecha que nos recuerda que la paz, el desarrollo y la justicia solo pueden alcanzarse cuando las naciones y las comunidades trabajan unidas, sin dejar a nadie atr\u00e1s.<\/p>\n\n\n\n<p>El homenaje estuvo a cargo del Colegio Plancarte y cont\u00f3 con la participaci\u00f3n de diversas instituciones educativas: K\u00ednder Carrusel, Secundaria General Jes\u00fas Romero Flores, Preparatoria Lic. Benito Ju\u00e1rez, Primaria Manuel Sabino Crespo y Colegio Leonard Euler. Su entusiasmo y compromiso reflejan la importancia de promover valores universales desde las aulas.<\/p>\n\n\n\n<figure class=\"wp-block-image size-large\"><img data-recalc-dims=\"1\" fetchpriority=\"high\" decoding=\"async\" width=\"1024\" height=\"683\" src=\"https:\/\/i0.wp.com\/apan.gob.mx\/portal\/wp-content\/uploads\/2025\/12\/569945544_122180605922523619_1812126286424150398_n.jpg?resize=1024%2C683&#038;ssl=1\" alt=\"\" class=\"wp-image-31510\" srcset=\"https:\/\/i0.wp.com\/apan.gob.mx\/portal\/wp-content\/uploads\/2025\/12\/569945544_122180605922523619_1812126286424150398_n.jpg?resize=1024%2C683&amp;ssl=1 1024w, https:\/\/i0.wp.com\/apan.gob.mx\/portal\/wp-content\/uploads\/2025\/12\/569945544_122180605922523619_1812126286424150398_n.jpg?resize=300%2C200&amp;ssl=1 300w, https:\/\/i0.wp.com\/apan.gob.mx\/portal\/wp-content\/uploads\/2025\/12\/569945544_122180605922523619_1812126286424150398_n.jpg?resize=768%2C512&amp;ssl=1 768w, https:\/\/i0.wp.com\/apan.gob.mx\/portal\/wp-content\/uploads\/2025\/12\/569945544_122180605922523619_1812126286424150398_n.jpg?resize=1536%2C1024&amp;ssl=1 1536w, https:\/\/i0.wp.com\/apan.gob.mx\/portal\/wp-content\/uploads\/2025\/12\/569945544_122180605922523619_1812126286424150398_n.jpg?w=2048&amp;ssl=1 2048w\" sizes=\"(max-width: 1000px) 100vw, 1000px\" \/><\/figure>\n\n\n\n<p>Sigamos construyendo un municipio m\u00e1s humano y solidario, donde la cooperaci\u00f3n, la igualdad y la fraternidad gu\u00eden nuestro camino.<\/p>\n\n\n\n<p>En Apan, seguimos trabajando para <strong>transformar con humanismo<\/strong>.<\/p>\n","protected":false},"excerpt":{"rendered":"<p>El Gobierno Municipal de Apan conmemor\u00f3 el D\u00eda de las Naciones Unidas, una fecha que nos recuerda que la paz, el desarrollo y la justicia solo pueden alcanzarse cuando las naciones y las comunidades trabajan unidas, sin dejar a nadie atr\u00e1s. El homenaje estuvo a cargo del Colegio Plancarte y cont\u00f3 con la participaci\u00f3n de [&hellip;]<\/p>\n","protected":false},"author":4,"featured_media":31509,"comment_status":"closed","ping_status":"closed","sticky":false,"template":"","format":"standard","meta":{"_jetpack_memberships_contains_paid_content":false,"footnotes":""},"categories":[1],"tags":[],"class_list":["post-31503","post","type-post","status-publish","format-standard","has-post-thumbnail","hentry","category-uncategorized"],"jetpack_featured_media_url":"https:\/\/i0.wp.com\/apan.gob.mx\/portal\/wp-content\/uploads\/2025\/12\/571191823_122180606102523619_8763522140902908669_n.jpg?fit=2048%2C1365&ssl=1","jetpack_sharing_enabled":true,"_links":{"self":[{"href":"https:\/\/apan.gob.mx\/portal\/wp-json\/wp\/v2\/posts\/31503","targetHints":{"allow":["GET"]}}],"collection":[{"href":"https:\/\/apan.gob.mx\/portal\/wp-json\/wp\/v2\/posts"}],"about":[{"href":"https:\/\/apan.gob.mx\/portal\/wp-json\/wp\/v2\/types\/post"}],"author":[{"embeddable":true,"href":"https:\/\/apan.gob.mx\/portal\/wp-json\/wp\/v2\/users\/4"}],"replies":[{"embeddable":true,"href":"https:\/\/apan.gob.mx\/portal\/wp-json\/wp\/v2\/comments?post=31503"}],"version-history":[{"count":1,"href":"https:\/\/apan.gob.mx\/portal\/wp-json\/wp\/v2\/posts\/31503\/revisions"}],"predecessor-version":[{"id":31511,"href":"https:\/\/apan.gob.mx\/portal\/wp-json\/wp\/v2\/posts\/31503\/revisions\/31511"}],"wp:featuredmedia":[{"embeddable":true,"href":"https:\/\/apan.gob.mx\/portal\/wp-json\/wp\/v2\/media\/31509"}],"wp:attachment":[{"href":"https:\/\/apan.gob.mx\/portal\/wp-json\/wp\/v2\/media?parent=31503"}],"wp:term":[{"taxonomy":"category","embeddable":true,"href":"https:\/\/apan.gob.mx\/portal\/wp-json\/wp\/v2\/categories?post=31503"},{"taxonomy":"post_tag","embeddable":true,"href":"https:\/\/apan.gob.mx\/portal\/wp-json\/wp\/v2\/tags?post=31503"}],"curies":[{"name":"wp","href":"https:\/\/api.w.org\/{rel}","templated":true}]}}