{"id":31516,"date":"2025-10-20T11:49:48","date_gmt":"2025-10-20T17:49:48","guid":{"rendered":"https:\/\/apan.gob.mx\/portal\/?p=31516"},"modified":"2025-12-12T11:51:14","modified_gmt":"2025-12-12T17:51:14","slug":"jornada-por-la-paz-y-la-seguridad-en-apan","status":"publish","type":"post","link":"https:\/\/apan.gob.mx\/portal\/2025\/10\/20\/jornada-por-la-paz-y-la-seguridad-en-apan\/","title":{"rendered":"Jornada por la Paz y la Seguridad en Apan"},"content":{"rendered":"\n<p>En la Escuela Secundaria General Cultura y Patria de la comunidad de Chimalpa Tlalayote se llev\u00f3 a cabo la \u201cJornada por la Paz y la Seguridad\u201d, con el prop\u00f3sito de acercar a ni\u00f1as, ni\u00f1os y j\u00f3venes a la labor que realizan las distintas \u00e1reas de Seguridad P\u00fablica del Estado de Hidalgo.<\/p>\n\n\n\n<p>Durante la actividad, las y los estudiantes participaron en din\u00e1micas con la Polic\u00eda Violeta, C5i 911, Unidad Canina K9, Polic\u00eda Cibern\u00e9tica, y las \u00e1reas de Prevenci\u00f3n Social y Cultura Vial, fortaleciendo valores de respeto, responsabilidad y convivencia pac\u00edfica.<\/p>\n\n\n\n<figure class=\"wp-block-image size-large\"><img data-recalc-dims=\"1\" fetchpriority=\"high\" decoding=\"async\" width=\"1024\" height=\"768\" src=\"https:\/\/i0.wp.com\/apan.gob.mx\/portal\/wp-content\/uploads\/2025\/12\/567654615_122180078534523619_6008200416049923628_n.jpg?resize=1024%2C768&#038;ssl=1\" alt=\"\" class=\"wp-image-31520\" srcset=\"https:\/\/i0.wp.com\/apan.gob.mx\/portal\/wp-content\/uploads\/2025\/12\/567654615_122180078534523619_6008200416049923628_n.jpg?resize=1024%2C768&amp;ssl=1 1024w, https:\/\/i0.wp.com\/apan.gob.mx\/portal\/wp-content\/uploads\/2025\/12\/567654615_122180078534523619_6008200416049923628_n.jpg?resize=300%2C225&amp;ssl=1 300w, https:\/\/i0.wp.com\/apan.gob.mx\/portal\/wp-content\/uploads\/2025\/12\/567654615_122180078534523619_6008200416049923628_n.jpg?resize=768%2C576&amp;ssl=1 768w, https:\/\/i0.wp.com\/apan.gob.mx\/portal\/wp-content\/uploads\/2025\/12\/567654615_122180078534523619_6008200416049923628_n.jpg?resize=1536%2C1152&amp;ssl=1 1536w, https:\/\/i0.wp.com\/apan.gob.mx\/portal\/wp-content\/uploads\/2025\/12\/567654615_122180078534523619_6008200416049923628_n.jpg?w=1600&amp;ssl=1 1600w\" sizes=\"(max-width: 1000px) 100vw, 1000px\" \/><\/figure>\n\n\n\n<p>El Gobierno Municipal de Apan, en coordinaci\u00f3n con la Subsecretar\u00eda de Operaci\u00f3n Policial y la Delegaci\u00f3n Regional Apan, reafirma su compromiso de impulsar acciones que promuevan una cultura de paz y seguridad en todas nuestras comunidades.<\/p>\n","protected":false},"excerpt":{"rendered":"<p>En la Escuela Secundaria General Cultura y Patria de la comunidad de Chimalpa Tlalayote se llev\u00f3 a cabo la \u201cJornada por la Paz y la Seguridad\u201d, con el prop\u00f3sito de acercar a ni\u00f1as, ni\u00f1os y j\u00f3venes a la labor que realizan las distintas \u00e1reas de Seguridad P\u00fablica del Estado de Hidalgo. Durante la actividad, las [&hellip;]<\/p>\n","protected":false},"author":4,"featured_media":31519,"comment_status":"closed","ping_status":"closed","sticky":false,"template":"","format":"standard","meta":{"_jetpack_memberships_contains_paid_content":false,"footnotes":""},"categories":[1],"tags":[],"class_list":["post-31516","post","type-post","status-publish","format-standard","has-post-thumbnail","hentry","category-uncategorized"],"jetpack_featured_media_url":"https:\/\/i0.wp.com\/apan.gob.mx\/portal\/wp-content\/uploads\/2025\/12\/566212556_122180078474523619_8357074738357465194_n.jpg?fit=1600%2C1200&ssl=1","jetpack_sharing_enabled":true,"_links":{"self":[{"href":"https:\/\/apan.gob.mx\/portal\/wp-json\/wp\/v2\/posts\/31516","targetHints":{"allow":["GET"]}}],"collection":[{"href":"https:\/\/apan.gob.mx\/portal\/wp-json\/wp\/v2\/posts"}],"about":[{"href":"https:\/\/apan.gob.mx\/portal\/wp-json\/wp\/v2\/types\/post"}],"author":[{"embeddable":true,"href":"https:\/\/apan.gob.mx\/portal\/wp-json\/wp\/v2\/users\/4"}],"replies":[{"embeddable":true,"href":"https:\/\/apan.gob.mx\/portal\/wp-json\/wp\/v2\/comments?post=31516"}],"version-history":[{"count":1,"href":"https:\/\/apan.gob.mx\/portal\/wp-json\/wp\/v2\/posts\/31516\/revisions"}],"predecessor-version":[{"id":31521,"href":"https:\/\/apan.gob.mx\/portal\/wp-json\/wp\/v2\/posts\/31516\/revisions\/31521"}],"wp:featuredmedia":[{"embeddable":true,"href":"https:\/\/apan.gob.mx\/portal\/wp-json\/wp\/v2\/media\/31519"}],"wp:attachment":[{"href":"https:\/\/apan.gob.mx\/portal\/wp-json\/wp\/v2\/media?parent=31516"}],"wp:term":[{"taxonomy":"category","embeddable":true,"href":"https:\/\/apan.gob.mx\/portal\/wp-json\/wp\/v2\/categories?post=31516"},{"taxonomy":"post_tag","embeddable":true,"href":"https:\/\/apan.gob.mx\/portal\/wp-json\/wp\/v2\/tags?post=31516"}],"curies":[{"name":"wp","href":"https:\/\/api.w.org\/{rel}","templated":true}]}}