{"id":31522,"date":"2025-10-19T11:52:28","date_gmt":"2025-10-19T17:52:28","guid":{"rendered":"https:\/\/apan.gob.mx\/portal\/?p=31522"},"modified":"2025-12-12T11:53:59","modified_gmt":"2025-12-12T17:53:59","slug":"carrera-rosa-apan-se-suma-a-la-prevencion-del-cancer-de-mama","status":"publish","type":"post","link":"https:\/\/apan.gob.mx\/portal\/2025\/10\/19\/carrera-rosa-apan-se-suma-a-la-prevencion-del-cancer-de-mama\/","title":{"rendered":"Carrera Rosa: Apan se Suma a la Prevenci\u00f3n del C\u00e1ncer de Mama"},"content":{"rendered":"\n<p>En el marco del D\u00eda Internacional de la Lucha contra el C\u00e1ncer de Mama, se realiz\u00f3 en nuestro municipio la \u201cCarrera Rosa\u201d, una actividad destinada a concientizar sobre la importancia de la prevenci\u00f3n y la detecci\u00f3n temprana de esta enfermedad.<\/p>\n\n\n\n<p>El c\u00e1ncer de mama contin\u00faa siendo una de las principales causas de muerte en mujeres a nivel mundial; sin embargo, la detecci\u00f3n oportuna puede aumentar significativamente las probabilidades de \u00e9xito en el tratamiento.<\/p>\n\n\n\n<figure class=\"wp-block-image size-large\"><img data-recalc-dims=\"1\" fetchpriority=\"high\" decoding=\"async\" width=\"1024\" height=\"683\" src=\"https:\/\/i0.wp.com\/apan.gob.mx\/portal\/wp-content\/uploads\/2025\/12\/565690055_122179891748523619_1009192363406000871_n.jpg?resize=1024%2C683&#038;ssl=1\" alt=\"\" class=\"wp-image-31525\" srcset=\"https:\/\/i0.wp.com\/apan.gob.mx\/portal\/wp-content\/uploads\/2025\/12\/565690055_122179891748523619_1009192363406000871_n.jpg?resize=1024%2C683&amp;ssl=1 1024w, https:\/\/i0.wp.com\/apan.gob.mx\/portal\/wp-content\/uploads\/2025\/12\/565690055_122179891748523619_1009192363406000871_n.jpg?resize=300%2C200&amp;ssl=1 300w, https:\/\/i0.wp.com\/apan.gob.mx\/portal\/wp-content\/uploads\/2025\/12\/565690055_122179891748523619_1009192363406000871_n.jpg?resize=768%2C512&amp;ssl=1 768w, https:\/\/i0.wp.com\/apan.gob.mx\/portal\/wp-content\/uploads\/2025\/12\/565690055_122179891748523619_1009192363406000871_n.jpg?resize=1536%2C1024&amp;ssl=1 1536w, https:\/\/i0.wp.com\/apan.gob.mx\/portal\/wp-content\/uploads\/2025\/12\/565690055_122179891748523619_1009192363406000871_n.jpg?w=2048&amp;ssl=1 2048w\" sizes=\"(max-width: 1000px) 100vw, 1000px\" \/><\/figure>\n\n\n\n<p>La jornada fue encabezada por la presidenta municipal, Dra. Zorayda Robles, y el titular de Deporte y Cultura, quienes, junto a la ciudadan\u00eda, participaron con entusiasmo en un encuentro lleno de energ\u00eda, esperanza y solidaridad.<\/p>\n\n\n\n<p>Agradecemos a todas y todos quienes se sumaron a esta causa. En Apan trabajamos unidos por la salud y el bienestar de nuestra gente.<\/p>\n","protected":false},"excerpt":{"rendered":"<p>En el marco del D\u00eda Internacional de la Lucha contra el C\u00e1ncer de Mama, se realiz\u00f3 en nuestro municipio la \u201cCarrera Rosa\u201d, una actividad destinada a concientizar sobre la importancia de la prevenci\u00f3n y la detecci\u00f3n temprana de esta enfermedad. El c\u00e1ncer de mama contin\u00faa siendo una de las principales causas de muerte en mujeres [&hellip;]<\/p>\n","protected":false},"author":4,"featured_media":31524,"comment_status":"closed","ping_status":"closed","sticky":false,"template":"","format":"standard","meta":{"_jetpack_memberships_contains_paid_content":false,"footnotes":""},"categories":[1],"tags":[],"class_list":["post-31522","post","type-post","status-publish","format-standard","has-post-thumbnail","hentry","category-uncategorized"],"jetpack_featured_media_url":"https:\/\/i0.wp.com\/apan.gob.mx\/portal\/wp-content\/uploads\/2025\/12\/565630220_122179891514523619_5514193362490454898_n.jpg?fit=2048%2C1365&ssl=1","jetpack_sharing_enabled":true,"_links":{"self":[{"href":"https:\/\/apan.gob.mx\/portal\/wp-json\/wp\/v2\/posts\/31522","targetHints":{"allow":["GET"]}}],"collection":[{"href":"https:\/\/apan.gob.mx\/portal\/wp-json\/wp\/v2\/posts"}],"about":[{"href":"https:\/\/apan.gob.mx\/portal\/wp-json\/wp\/v2\/types\/post"}],"author":[{"embeddable":true,"href":"https:\/\/apan.gob.mx\/portal\/wp-json\/wp\/v2\/users\/4"}],"replies":[{"embeddable":true,"href":"https:\/\/apan.gob.mx\/portal\/wp-json\/wp\/v2\/comments?post=31522"}],"version-history":[{"count":1,"href":"https:\/\/apan.gob.mx\/portal\/wp-json\/wp\/v2\/posts\/31522\/revisions"}],"predecessor-version":[{"id":31526,"href":"https:\/\/apan.gob.mx\/portal\/wp-json\/wp\/v2\/posts\/31522\/revisions\/31526"}],"wp:featuredmedia":[{"embeddable":true,"href":"https:\/\/apan.gob.mx\/portal\/wp-json\/wp\/v2\/media\/31524"}],"wp:attachment":[{"href":"https:\/\/apan.gob.mx\/portal\/wp-json\/wp\/v2\/media?parent=31522"}],"wp:term":[{"taxonomy":"category","embeddable":true,"href":"https:\/\/apan.gob.mx\/portal\/wp-json\/wp\/v2\/categories?post=31522"},{"taxonomy":"post_tag","embeddable":true,"href":"https:\/\/apan.gob.mx\/portal\/wp-json\/wp\/v2\/tags?post=31522"}],"curies":[{"name":"wp","href":"https:\/\/api.w.org\/{rel}","templated":true}]}}