{"id":31553,"date":"2025-10-12T12:11:51","date_gmt":"2025-10-12T18:11:51","guid":{"rendered":"https:\/\/apan.gob.mx\/portal\/?p=31553"},"modified":"2025-12-12T12:15:12","modified_gmt":"2025-12-12T18:15:12","slug":"conmemoramos-el-12-de-octubre-aniversario-del-descubrimiento-de-america","status":"publish","type":"post","link":"https:\/\/apan.gob.mx\/portal\/2025\/10\/12\/conmemoramos-el-12-de-octubre-aniversario-del-descubrimiento-de-america\/","title":{"rendered":"Conmemoramos el 12 de Octubre, Aniversario del Descubrimiento de Am\u00e9rica"},"content":{"rendered":"\n<p>Este d\u00eda se realiz\u00f3 un emotivo homenaje c\u00edvico con motivo del 12 de Octubre, una fecha que nos invita a reflexionar sobre nuestra historia, valorar nuestra identidad y reconocer la riqueza cultural que distingue a los pueblos de Am\u00e9rica.<\/p>\n\n\n\n<figure class=\"wp-block-image size-large\"><img data-recalc-dims=\"1\" fetchpriority=\"high\" decoding=\"async\" width=\"1024\" height=\"683\" src=\"https:\/\/i0.wp.com\/apan.gob.mx\/portal\/wp-content\/uploads\/2025\/12\/564127075_122179005398523619_3587415971677153820_n.jpg?resize=1024%2C683&#038;ssl=1\" alt=\"\" class=\"wp-image-31556\" srcset=\"https:\/\/i0.wp.com\/apan.gob.mx\/portal\/wp-content\/uploads\/2025\/12\/564127075_122179005398523619_3587415971677153820_n.jpg?resize=1024%2C683&amp;ssl=1 1024w, https:\/\/i0.wp.com\/apan.gob.mx\/portal\/wp-content\/uploads\/2025\/12\/564127075_122179005398523619_3587415971677153820_n.jpg?resize=300%2C200&amp;ssl=1 300w, https:\/\/i0.wp.com\/apan.gob.mx\/portal\/wp-content\/uploads\/2025\/12\/564127075_122179005398523619_3587415971677153820_n.jpg?resize=768%2C512&amp;ssl=1 768w, https:\/\/i0.wp.com\/apan.gob.mx\/portal\/wp-content\/uploads\/2025\/12\/564127075_122179005398523619_3587415971677153820_n.jpg?resize=1536%2C1024&amp;ssl=1 1536w, https:\/\/i0.wp.com\/apan.gob.mx\/portal\/wp-content\/uploads\/2025\/12\/564127075_122179005398523619_3587415971677153820_n.jpg?w=2048&amp;ssl=1 2048w\" sizes=\"(max-width: 1000px) 100vw, 1000px\" \/><\/figure>\n\n\n\n<p>La ceremonia estuvo a cargo de la Escuela Juan A. Hern\u00e1ndez y el Instituto Las Am\u00e9ricas de Hidalgo, quienes, con respeto y compromiso, rindieron honor a este acontecimiento hist\u00f3rico que marc\u00f3 el rumbo de nuestro continente.<\/p>\n\n\n\n<p>Agradecemos a todas y todos los integrantes del sector educativo que nos acompa\u00f1aron, reafirmando el trabajo conjunto para fortalecer una ciudadan\u00eda con valores, identidad y profundo respeto por nuestras ra\u00edces.<\/p>\n","protected":false},"excerpt":{"rendered":"<p>Este d\u00eda se realiz\u00f3 un emotivo homenaje c\u00edvico con motivo del 12 de Octubre, una fecha que nos invita a reflexionar sobre nuestra historia, valorar nuestra identidad y reconocer la riqueza cultural que distingue a los pueblos de Am\u00e9rica. La ceremonia estuvo a cargo de la Escuela Juan A. Hern\u00e1ndez y el Instituto Las Am\u00e9ricas [&hellip;]<\/p>\n","protected":false},"author":4,"featured_media":31555,"comment_status":"closed","ping_status":"closed","sticky":false,"template":"","format":"standard","meta":{"_jetpack_memberships_contains_paid_content":false,"footnotes":""},"categories":[1],"tags":[],"class_list":["post-31553","post","type-post","status-publish","format-standard","has-post-thumbnail","hentry","category-uncategorized"],"jetpack_featured_media_url":"https:\/\/i0.wp.com\/apan.gob.mx\/portal\/wp-content\/uploads\/2025\/12\/565129006_122179005392523619_2215735866468861088_n.jpg?fit=2048%2C1365&ssl=1","jetpack_sharing_enabled":true,"_links":{"self":[{"href":"https:\/\/apan.gob.mx\/portal\/wp-json\/wp\/v2\/posts\/31553","targetHints":{"allow":["GET"]}}],"collection":[{"href":"https:\/\/apan.gob.mx\/portal\/wp-json\/wp\/v2\/posts"}],"about":[{"href":"https:\/\/apan.gob.mx\/portal\/wp-json\/wp\/v2\/types\/post"}],"author":[{"embeddable":true,"href":"https:\/\/apan.gob.mx\/portal\/wp-json\/wp\/v2\/users\/4"}],"replies":[{"embeddable":true,"href":"https:\/\/apan.gob.mx\/portal\/wp-json\/wp\/v2\/comments?post=31553"}],"version-history":[{"count":1,"href":"https:\/\/apan.gob.mx\/portal\/wp-json\/wp\/v2\/posts\/31553\/revisions"}],"predecessor-version":[{"id":31557,"href":"https:\/\/apan.gob.mx\/portal\/wp-json\/wp\/v2\/posts\/31553\/revisions\/31557"}],"wp:featuredmedia":[{"embeddable":true,"href":"https:\/\/apan.gob.mx\/portal\/wp-json\/wp\/v2\/media\/31555"}],"wp:attachment":[{"href":"https:\/\/apan.gob.mx\/portal\/wp-json\/wp\/v2\/media?parent=31553"}],"wp:term":[{"taxonomy":"category","embeddable":true,"href":"https:\/\/apan.gob.mx\/portal\/wp-json\/wp\/v2\/categories?post=31553"},{"taxonomy":"post_tag","embeddable":true,"href":"https:\/\/apan.gob.mx\/portal\/wp-json\/wp\/v2\/tags?post=31553"}],"curies":[{"name":"wp","href":"https:\/\/api.w.org\/{rel}","templated":true}]}}