{"id":31554,"date":"2025-09-08T12:13:13","date_gmt":"2025-09-08T18:13:13","guid":{"rendered":"https:\/\/apan.gob.mx\/portal\/?p=31554"},"modified":"2025-12-12T12:17:58","modified_gmt":"2025-12-12T18:17:58","slug":"presentan-oficialmente-la-feria-de-fiestas-patrias-apan-2025","status":"publish","type":"post","link":"https:\/\/apan.gob.mx\/portal\/2025\/09\/08\/presentan-oficialmente-la-feria-de-fiestas-patrias-apan-2025\/","title":{"rendered":"Presentan oficialmente la Feria de Fiestas Patrias Apan 2025"},"content":{"rendered":"\n<p>\u00a1Del 13 al 21 de septiembre, Apan se viste de fiesta! Este d\u00eda se realiz\u00f3 en la Secretar\u00eda de Turismo del Estado de Hidalgo la presentaci\u00f3n oficial de la <strong>Feria de Fiestas Patrias Apan 2025<\/strong>, con el objetivo de fortalecer su difusi\u00f3n y destacar la relevancia de este evento que celebra nuestras tradiciones m\u00e1s representativas.<\/p>\n\n\n\n<p>La presentaci\u00f3n estuvo a cargo de la Directora de Turismo, <strong>Lic. Andrea Orgaz<\/strong>, quien asisti\u00f3 acompa\u00f1ada por los titulares de Comunicaci\u00f3n Social y Desarrollo Econ\u00f3mico. El Gobierno Municipal reconoce y agradece el respaldo de la presidenta municipal, <strong>Dra. Zorayda Robles<\/strong>, quien bajo el liderazgo del Gobernador <strong>Julio Menchaca<\/strong>, impulsa el turismo, la cultura y el desarrollo econ\u00f3mico del municipio.<\/p>\n\n\n\n<div class=\"wp-block-columns is-not-stacked-on-mobile is-layout-flex wp-container-core-columns-is-layout-28f84493 wp-block-columns-is-layout-flex\">\n<div class=\"wp-block-column is-layout-flow wp-block-column-is-layout-flow\">\n<figure class=\"wp-block-image size-large\"><img data-recalc-dims=\"1\" fetchpriority=\"high\" decoding=\"async\" width=\"1024\" height=\"683\" src=\"https:\/\/i0.wp.com\/apan.gob.mx\/portal\/wp-content\/uploads\/2025\/12\/546117827_122173777478523619_4912697048431254206_n.jpg?resize=1024%2C683&#038;ssl=1\" alt=\"\" class=\"wp-image-31559\" srcset=\"https:\/\/i0.wp.com\/apan.gob.mx\/portal\/wp-content\/uploads\/2025\/12\/546117827_122173777478523619_4912697048431254206_n.jpg?resize=1024%2C683&amp;ssl=1 1024w, https:\/\/i0.wp.com\/apan.gob.mx\/portal\/wp-content\/uploads\/2025\/12\/546117827_122173777478523619_4912697048431254206_n.jpg?resize=300%2C200&amp;ssl=1 300w, https:\/\/i0.wp.com\/apan.gob.mx\/portal\/wp-content\/uploads\/2025\/12\/546117827_122173777478523619_4912697048431254206_n.jpg?resize=768%2C512&amp;ssl=1 768w, https:\/\/i0.wp.com\/apan.gob.mx\/portal\/wp-content\/uploads\/2025\/12\/546117827_122173777478523619_4912697048431254206_n.jpg?resize=1536%2C1024&amp;ssl=1 1536w, https:\/\/i0.wp.com\/apan.gob.mx\/portal\/wp-content\/uploads\/2025\/12\/546117827_122173777478523619_4912697048431254206_n.jpg?w=2048&amp;ssl=1 2048w\" sizes=\"(max-width: 1000px) 100vw, 1000px\" \/><\/figure>\n<\/div>\n\n\n\n<div class=\"wp-block-column is-layout-flow wp-block-column-is-layout-flow\">\n<figure class=\"wp-block-image size-large\"><img data-recalc-dims=\"1\" decoding=\"async\" width=\"1024\" height=\"683\" src=\"https:\/\/i0.wp.com\/apan.gob.mx\/portal\/wp-content\/uploads\/2025\/12\/545662056_122173784954523619_8906068026882304880_n.jpg?resize=1024%2C683&#038;ssl=1\" alt=\"\" class=\"wp-image-31560\" srcset=\"https:\/\/i0.wp.com\/apan.gob.mx\/portal\/wp-content\/uploads\/2025\/12\/545662056_122173784954523619_8906068026882304880_n.jpg?resize=1024%2C683&amp;ssl=1 1024w, https:\/\/i0.wp.com\/apan.gob.mx\/portal\/wp-content\/uploads\/2025\/12\/545662056_122173784954523619_8906068026882304880_n.jpg?resize=300%2C200&amp;ssl=1 300w, https:\/\/i0.wp.com\/apan.gob.mx\/portal\/wp-content\/uploads\/2025\/12\/545662056_122173784954523619_8906068026882304880_n.jpg?resize=768%2C512&amp;ssl=1 768w, https:\/\/i0.wp.com\/apan.gob.mx\/portal\/wp-content\/uploads\/2025\/12\/545662056_122173784954523619_8906068026882304880_n.jpg?resize=1536%2C1024&amp;ssl=1 1536w, https:\/\/i0.wp.com\/apan.gob.mx\/portal\/wp-content\/uploads\/2025\/12\/545662056_122173784954523619_8906068026882304880_n.jpg?w=2048&amp;ssl=1 2048w\" sizes=\"(max-width: 1000px) 100vw, 1000px\" \/><\/figure>\n<\/div>\n<\/div>\n\n\n\n<p>La feria se llevar\u00e1 a cabo <strong>del 13 al 21 de septiembre<\/strong>, en la explanada del Jard\u00edn Municipal, con acceso totalmente gratuito y una cartelera que incluir\u00e1 cultura, m\u00fasica, gastronom\u00eda y actividades para toda la familia.<\/p>\n\n\n\n<p>Se invita cordialmente a la poblaci\u00f3n y visitantes a celebrar juntos las Fiestas Patrias y disfrutar de una de las tradiciones m\u00e1s emblem\u00e1ticas de nuestro municipio.<\/p>\n\n\n\n<figure class=\"wp-block-image size-large\"><img data-recalc-dims=\"1\" decoding=\"async\" width=\"1024\" height=\"683\" src=\"https:\/\/i0.wp.com\/apan.gob.mx\/portal\/wp-content\/uploads\/2025\/12\/545507155_122173777406523619_5364628335555133052_n.jpg?resize=1024%2C683&#038;ssl=1\" alt=\"\" class=\"wp-image-31561\" srcset=\"https:\/\/i0.wp.com\/apan.gob.mx\/portal\/wp-content\/uploads\/2025\/12\/545507155_122173777406523619_5364628335555133052_n.jpg?resize=1024%2C683&amp;ssl=1 1024w, https:\/\/i0.wp.com\/apan.gob.mx\/portal\/wp-content\/uploads\/2025\/12\/545507155_122173777406523619_5364628335555133052_n.jpg?resize=300%2C200&amp;ssl=1 300w, https:\/\/i0.wp.com\/apan.gob.mx\/portal\/wp-content\/uploads\/2025\/12\/545507155_122173777406523619_5364628335555133052_n.jpg?resize=768%2C512&amp;ssl=1 768w, https:\/\/i0.wp.com\/apan.gob.mx\/portal\/wp-content\/uploads\/2025\/12\/545507155_122173777406523619_5364628335555133052_n.jpg?resize=1536%2C1024&amp;ssl=1 1536w, https:\/\/i0.wp.com\/apan.gob.mx\/portal\/wp-content\/uploads\/2025\/12\/545507155_122173777406523619_5364628335555133052_n.jpg?w=2048&amp;ssl=1 2048w\" sizes=\"(max-width: 1000px) 100vw, 1000px\" \/><\/figure>\n","protected":false},"excerpt":{"rendered":"<p>\u00a1Del 13 al 21 de septiembre, Apan se viste de fiesta! Este d\u00eda se realiz\u00f3 en la Secretar\u00eda de Turismo del Estado de Hidalgo la presentaci\u00f3n oficial de la Feria de Fiestas Patrias Apan 2025, con el objetivo de fortalecer su difusi\u00f3n y destacar la relevancia de este evento que celebra nuestras tradiciones m\u00e1s representativas. [&hellip;]<\/p>\n","protected":false},"author":4,"featured_media":31558,"comment_status":"closed","ping_status":"closed","sticky":false,"template":"","format":"standard","meta":{"_jetpack_memberships_contains_paid_content":false,"footnotes":""},"categories":[1],"tags":[],"class_list":["post-31554","post","type-post","status-publish","format-standard","has-post-thumbnail","hentry","category-uncategorized"],"jetpack_featured_media_url":"https:\/\/i0.wp.com\/apan.gob.mx\/portal\/wp-content\/uploads\/2025\/12\/544834292_122173777322523619_5972754186963638687_n.jpg?fit=2048%2C1365&ssl=1","jetpack_sharing_enabled":true,"_links":{"self":[{"href":"https:\/\/apan.gob.mx\/portal\/wp-json\/wp\/v2\/posts\/31554","targetHints":{"allow":["GET"]}}],"collection":[{"href":"https:\/\/apan.gob.mx\/portal\/wp-json\/wp\/v2\/posts"}],"about":[{"href":"https:\/\/apan.gob.mx\/portal\/wp-json\/wp\/v2\/types\/post"}],"author":[{"embeddable":true,"href":"https:\/\/apan.gob.mx\/portal\/wp-json\/wp\/v2\/users\/4"}],"replies":[{"embeddable":true,"href":"https:\/\/apan.gob.mx\/portal\/wp-json\/wp\/v2\/comments?post=31554"}],"version-history":[{"count":1,"href":"https:\/\/apan.gob.mx\/portal\/wp-json\/wp\/v2\/posts\/31554\/revisions"}],"predecessor-version":[{"id":31562,"href":"https:\/\/apan.gob.mx\/portal\/wp-json\/wp\/v2\/posts\/31554\/revisions\/31562"}],"wp:featuredmedia":[{"embeddable":true,"href":"https:\/\/apan.gob.mx\/portal\/wp-json\/wp\/v2\/media\/31558"}],"wp:attachment":[{"href":"https:\/\/apan.gob.mx\/portal\/wp-json\/wp\/v2\/media?parent=31554"}],"wp:term":[{"taxonomy":"category","embeddable":true,"href":"https:\/\/apan.gob.mx\/portal\/wp-json\/wp\/v2\/categories?post=31554"},{"taxonomy":"post_tag","embeddable":true,"href":"https:\/\/apan.gob.mx\/portal\/wp-json\/wp\/v2\/tags?post=31554"}],"curies":[{"name":"wp","href":"https:\/\/api.w.org\/{rel}","templated":true}]}}