{"id":31574,"date":"2025-09-12T12:25:58","date_gmt":"2025-09-12T18:25:58","guid":{"rendered":"https:\/\/apan.gob.mx\/portal\/?p=31574"},"modified":"2025-12-12T12:32:30","modified_gmt":"2025-12-12T18:32:30","slug":"presentacion-del-primer-informe-de-gobierno-municipal","status":"publish","type":"post","link":"https:\/\/apan.gob.mx\/portal\/2025\/09\/12\/presentacion-del-primer-informe-de-gobierno-municipal\/","title":{"rendered":"Presentaci\u00f3n del Primer Informe de Gobierno Municipal"},"content":{"rendered":"\n<p>Con sentido de responsabilidad y compromiso, la <strong>Dra. Mar\u00eda Zorayda Robles Barrera<\/strong>, Presidenta Municipal Constitucional de Apan, encabez\u00f3 la Sesi\u00f3n Solemne del <strong>Primer Informe de Gobierno<\/strong>, realizada en la explanada del Jard\u00edn Municipal.<\/p>\n\n\n\n<p>Este ejercicio se llev\u00f3 a cabo en cumplimiento del <strong>Art\u00edculo 115 de la Constituci\u00f3n Pol\u00edtica de los Estados Unidos Mexicanos<\/strong> y de la <strong>Ley Org\u00e1nica Municipal del Estado de Hidalgo<\/strong>, que establecen la obligaci\u00f3n de rendir cuentas a la ciudadan\u00eda. No obstante, m\u00e1s all\u00e1 del marco legal, este informe constituye un acto de transparencia, cercan\u00eda y di\u00e1logo con el pueblo de Apan, porque gobernar implica servir, escuchar y responder con resultados.<\/p>\n\n\n\n<div class=\"wp-block-columns is-not-stacked-on-mobile is-layout-flex wp-container-core-columns-is-layout-28f84493 wp-block-columns-is-layout-flex\">\n<div class=\"wp-block-column is-layout-flow wp-block-column-is-layout-flow\">\n<figure class=\"wp-block-image size-large\"><img data-recalc-dims=\"1\" fetchpriority=\"high\" decoding=\"async\" width=\"1024\" height=\"683\" src=\"https:\/\/i0.wp.com\/apan.gob.mx\/portal\/wp-content\/uploads\/2025\/12\/547960502_122174580188523619_2000214167937374290_n.jpg?resize=1024%2C683&#038;ssl=1\" alt=\"\" class=\"wp-image-31583\" srcset=\"https:\/\/i0.wp.com\/apan.gob.mx\/portal\/wp-content\/uploads\/2025\/12\/547960502_122174580188523619_2000214167937374290_n.jpg?resize=1024%2C683&amp;ssl=1 1024w, https:\/\/i0.wp.com\/apan.gob.mx\/portal\/wp-content\/uploads\/2025\/12\/547960502_122174580188523619_2000214167937374290_n.jpg?resize=300%2C200&amp;ssl=1 300w, https:\/\/i0.wp.com\/apan.gob.mx\/portal\/wp-content\/uploads\/2025\/12\/547960502_122174580188523619_2000214167937374290_n.jpg?resize=768%2C512&amp;ssl=1 768w, https:\/\/i0.wp.com\/apan.gob.mx\/portal\/wp-content\/uploads\/2025\/12\/547960502_122174580188523619_2000214167937374290_n.jpg?resize=1536%2C1024&amp;ssl=1 1536w, https:\/\/i0.wp.com\/apan.gob.mx\/portal\/wp-content\/uploads\/2025\/12\/547960502_122174580188523619_2000214167937374290_n.jpg?w=2048&amp;ssl=1 2048w\" sizes=\"(max-width: 1000px) 100vw, 1000px\" \/><\/figure>\n<\/div>\n\n\n\n<div class=\"wp-block-column is-layout-flow wp-block-column-is-layout-flow\">\n<figure class=\"wp-block-image size-large\"><img data-recalc-dims=\"1\" decoding=\"async\" width=\"1024\" height=\"683\" src=\"https:\/\/i0.wp.com\/apan.gob.mx\/portal\/wp-content\/uploads\/2025\/12\/547258237_122174579750523619_6375925189095242914_n-1.jpg?resize=1024%2C683&#038;ssl=1\" alt=\"\" class=\"wp-image-31584\" srcset=\"https:\/\/i0.wp.com\/apan.gob.mx\/portal\/wp-content\/uploads\/2025\/12\/547258237_122174579750523619_6375925189095242914_n-1.jpg?resize=1024%2C683&amp;ssl=1 1024w, https:\/\/i0.wp.com\/apan.gob.mx\/portal\/wp-content\/uploads\/2025\/12\/547258237_122174579750523619_6375925189095242914_n-1.jpg?resize=300%2C200&amp;ssl=1 300w, https:\/\/i0.wp.com\/apan.gob.mx\/portal\/wp-content\/uploads\/2025\/12\/547258237_122174579750523619_6375925189095242914_n-1.jpg?resize=768%2C512&amp;ssl=1 768w, https:\/\/i0.wp.com\/apan.gob.mx\/portal\/wp-content\/uploads\/2025\/12\/547258237_122174579750523619_6375925189095242914_n-1.jpg?resize=1536%2C1024&amp;ssl=1 1536w, https:\/\/i0.wp.com\/apan.gob.mx\/portal\/wp-content\/uploads\/2025\/12\/547258237_122174579750523619_6375925189095242914_n-1.jpg?w=2048&amp;ssl=1 2048w\" sizes=\"(max-width: 1000px) 100vw, 1000px\" \/><\/figure>\n<\/div>\n<\/div>\n\n\n\n<p>El evento cont\u00f3 con la presencia del <strong>Secretario de Gobierno, Guillermo Olivares Reyna<\/strong>, en representaci\u00f3n del Gobernador <strong>Julio Menchaca Salazar<\/strong>; de la <strong>Diputada M\u00f3nica Reyes M.<\/strong>; as\u00ed como de las y los presidentes <strong>Alfredo Quiroz<\/strong>, <strong>Abril Mart\u00ednez Portillo<\/strong>, <strong>Marina Ram\u00edrez<\/strong> y <strong>Nelyda Palomares<\/strong>. El Gobierno Municipal expresa su agradecimiento por su respaldo y acompa\u00f1amiento, y de manera especial, al pueblo de Apan por su presencia en esta rendici\u00f3n de cuentas.<\/p>\n\n\n\n<p>Este informe reafirma que en Apan se trabaja con unidad, transparencia y esperanza, construyendo, junto con la ciudadan\u00eda, el presente y el futuro que las familias merecen.<\/p>\n\n\n\n<figure class=\"wp-block-image size-large\"><img data-recalc-dims=\"1\" decoding=\"async\" width=\"1024\" height=\"683\" src=\"https:\/\/i0.wp.com\/apan.gob.mx\/portal\/wp-content\/uploads\/2025\/12\/547249336_122174580194523619_2487544248085245311_n-1.jpg?resize=1024%2C683&#038;ssl=1\" alt=\"\" class=\"wp-image-31585\" srcset=\"https:\/\/i0.wp.com\/apan.gob.mx\/portal\/wp-content\/uploads\/2025\/12\/547249336_122174580194523619_2487544248085245311_n-1.jpg?resize=1024%2C683&amp;ssl=1 1024w, https:\/\/i0.wp.com\/apan.gob.mx\/portal\/wp-content\/uploads\/2025\/12\/547249336_122174580194523619_2487544248085245311_n-1.jpg?resize=300%2C200&amp;ssl=1 300w, https:\/\/i0.wp.com\/apan.gob.mx\/portal\/wp-content\/uploads\/2025\/12\/547249336_122174580194523619_2487544248085245311_n-1.jpg?resize=768%2C512&amp;ssl=1 768w, https:\/\/i0.wp.com\/apan.gob.mx\/portal\/wp-content\/uploads\/2025\/12\/547249336_122174580194523619_2487544248085245311_n-1.jpg?resize=1536%2C1024&amp;ssl=1 1536w, https:\/\/i0.wp.com\/apan.gob.mx\/portal\/wp-content\/uploads\/2025\/12\/547249336_122174580194523619_2487544248085245311_n-1.jpg?w=2048&amp;ssl=1 2048w\" sizes=\"(max-width: 1000px) 100vw, 1000px\" \/><\/figure>\n","protected":false},"excerpt":{"rendered":"<p>Con sentido de responsabilidad y compromiso, la Dra. Mar\u00eda Zorayda Robles Barrera, Presidenta Municipal Constitucional de Apan, encabez\u00f3 la Sesi\u00f3n Solemne del Primer Informe de Gobierno, realizada en la explanada del Jard\u00edn Municipal. Este ejercicio se llev\u00f3 a cabo en cumplimiento del Art\u00edculo 115 de la Constituci\u00f3n Pol\u00edtica de los Estados Unidos Mexicanos y de [&hellip;]<\/p>\n","protected":false},"author":4,"featured_media":31577,"comment_status":"closed","ping_status":"closed","sticky":false,"template":"","format":"standard","meta":{"_jetpack_memberships_contains_paid_content":false,"footnotes":""},"categories":[1],"tags":[],"class_list":["post-31574","post","type-post","status-publish","format-standard","has-post-thumbnail","hentry","category-uncategorized"],"jetpack_featured_media_url":"https:\/\/i0.wp.com\/apan.gob.mx\/portal\/wp-content\/uploads\/2025\/12\/547738216_122174580350523619_2472253552482463297_n.jpg?fit=2048%2C1365&ssl=1","jetpack_sharing_enabled":true,"_links":{"self":[{"href":"https:\/\/apan.gob.mx\/portal\/wp-json\/wp\/v2\/posts\/31574","targetHints":{"allow":["GET"]}}],"collection":[{"href":"https:\/\/apan.gob.mx\/portal\/wp-json\/wp\/v2\/posts"}],"about":[{"href":"https:\/\/apan.gob.mx\/portal\/wp-json\/wp\/v2\/types\/post"}],"author":[{"embeddable":true,"href":"https:\/\/apan.gob.mx\/portal\/wp-json\/wp\/v2\/users\/4"}],"replies":[{"embeddable":true,"href":"https:\/\/apan.gob.mx\/portal\/wp-json\/wp\/v2\/comments?post=31574"}],"version-history":[{"count":1,"href":"https:\/\/apan.gob.mx\/portal\/wp-json\/wp\/v2\/posts\/31574\/revisions"}],"predecessor-version":[{"id":31586,"href":"https:\/\/apan.gob.mx\/portal\/wp-json\/wp\/v2\/posts\/31574\/revisions\/31586"}],"wp:featuredmedia":[{"embeddable":true,"href":"https:\/\/apan.gob.mx\/portal\/wp-json\/wp\/v2\/media\/31577"}],"wp:attachment":[{"href":"https:\/\/apan.gob.mx\/portal\/wp-json\/wp\/v2\/media?parent=31574"}],"wp:term":[{"taxonomy":"category","embeddable":true,"href":"https:\/\/apan.gob.mx\/portal\/wp-json\/wp\/v2\/categories?post=31574"},{"taxonomy":"post_tag","embeddable":true,"href":"https:\/\/apan.gob.mx\/portal\/wp-json\/wp\/v2\/tags?post=31574"}],"curies":[{"name":"wp","href":"https:\/\/api.w.org\/{rel}","templated":true}]}}