{"id":31591,"date":"2025-09-13T12:34:42","date_gmt":"2025-09-13T18:34:42","guid":{"rendered":"https:\/\/apan.gob.mx\/portal\/?p=31591"},"modified":"2025-12-12T12:38:18","modified_gmt":"2025-12-12T18:38:18","slug":"inauguracion-feria-de-fiestas-patrias-apan-2025","status":"publish","type":"post","link":"https:\/\/apan.gob.mx\/portal\/2025\/09\/13\/inauguracion-feria-de-fiestas-patrias-apan-2025\/","title":{"rendered":"Inauguraci\u00f3n: Feria de Fiestas Patrias Apan 2025"},"content":{"rendered":"\n<p>Qued\u00f3 inaugurada la <strong>Feria de Fiestas Patrias Apan 2025<\/strong>. La Presidenta Municipal Constitucional, <strong>Dra. Zorayda Robles<\/strong>, acompa\u00f1ada por regidoras y regidores del H. Ayuntamiento, encabez\u00f3 el acto de apertura de este importante festejo que enaltece la identidad y el orgullo de las familias apanenses.<\/p>\n\n\n\n<p>El inicio de la feria estuvo lleno de color y tradici\u00f3n con la presentaci\u00f3n del <strong>Ballet Folkl\u00f3rico del CBTa 152<\/strong>, seguido del espect\u00e1culo musical del reconocido <strong>Conjunto Costa Azul de Rigo Tovar<\/strong>, que puso a cantar y bailar a los asistentes, marcando el comienzo de una celebraci\u00f3n llena de energ\u00eda y alegr\u00eda.<\/p>\n\n\n\n<div class=\"wp-block-columns is-layout-flex wp-container-core-columns-is-layout-28f84493 wp-block-columns-is-layout-flex\">\n<div class=\"wp-block-column is-layout-flow wp-block-column-is-layout-flow\">\n<figure class=\"wp-block-image size-large\"><img data-recalc-dims=\"1\" fetchpriority=\"high\" decoding=\"async\" width=\"1024\" height=\"683\" src=\"https:\/\/i0.wp.com\/apan.gob.mx\/portal\/wp-content\/uploads\/2025\/12\/547753592_122174629910523619_6027094022736345688_n.jpg?resize=1024%2C683&#038;ssl=1\" alt=\"\" class=\"wp-image-31593\" srcset=\"https:\/\/i0.wp.com\/apan.gob.mx\/portal\/wp-content\/uploads\/2025\/12\/547753592_122174629910523619_6027094022736345688_n.jpg?resize=1024%2C683&amp;ssl=1 1024w, https:\/\/i0.wp.com\/apan.gob.mx\/portal\/wp-content\/uploads\/2025\/12\/547753592_122174629910523619_6027094022736345688_n.jpg?resize=300%2C200&amp;ssl=1 300w, https:\/\/i0.wp.com\/apan.gob.mx\/portal\/wp-content\/uploads\/2025\/12\/547753592_122174629910523619_6027094022736345688_n.jpg?resize=768%2C512&amp;ssl=1 768w, https:\/\/i0.wp.com\/apan.gob.mx\/portal\/wp-content\/uploads\/2025\/12\/547753592_122174629910523619_6027094022736345688_n.jpg?resize=1536%2C1024&amp;ssl=1 1536w, https:\/\/i0.wp.com\/apan.gob.mx\/portal\/wp-content\/uploads\/2025\/12\/547753592_122174629910523619_6027094022736345688_n.jpg?w=2048&amp;ssl=1 2048w\" sizes=\"(max-width: 1000px) 100vw, 1000px\" \/><\/figure>\n<\/div>\n\n\n\n<div class=\"wp-block-column is-layout-flow wp-block-column-is-layout-flow\">\n<figure class=\"wp-block-image size-large\"><img data-recalc-dims=\"1\" decoding=\"async\" width=\"1024\" height=\"683\" src=\"https:\/\/i0.wp.com\/apan.gob.mx\/portal\/wp-content\/uploads\/2025\/12\/549141209_122174630732523619_7180236537281018772_n.jpg?resize=1024%2C683&#038;ssl=1\" alt=\"\" class=\"wp-image-31594\" srcset=\"https:\/\/i0.wp.com\/apan.gob.mx\/portal\/wp-content\/uploads\/2025\/12\/549141209_122174630732523619_7180236537281018772_n.jpg?resize=1024%2C683&amp;ssl=1 1024w, https:\/\/i0.wp.com\/apan.gob.mx\/portal\/wp-content\/uploads\/2025\/12\/549141209_122174630732523619_7180236537281018772_n.jpg?resize=300%2C200&amp;ssl=1 300w, https:\/\/i0.wp.com\/apan.gob.mx\/portal\/wp-content\/uploads\/2025\/12\/549141209_122174630732523619_7180236537281018772_n.jpg?resize=768%2C512&amp;ssl=1 768w, https:\/\/i0.wp.com\/apan.gob.mx\/portal\/wp-content\/uploads\/2025\/12\/549141209_122174630732523619_7180236537281018772_n.jpg?resize=1536%2C1024&amp;ssl=1 1536w, https:\/\/i0.wp.com\/apan.gob.mx\/portal\/wp-content\/uploads\/2025\/12\/549141209_122174630732523619_7180236537281018772_n.jpg?w=2048&amp;ssl=1 2048w\" sizes=\"(max-width: 1000px) 100vw, 1000px\" \/><\/figure>\n<\/div>\n<\/div>\n\n\n\n<p>En su mensaje, la Presidenta destac\u00f3 que esta feria es un espacio para todas las familias, una festividad que invita a convivir con responsabilidad, disfrutar de nuestras tradiciones y celebrar con orgullo el ser mexicanos.<\/p>\n\n\n\n<p>La Feria de Fiestas Patrias abre sus puertas a d\u00edas de cultura, m\u00fasica y diversi\u00f3n para toda la comunidad. \u00a1Que inicie la celebraci\u00f3n!<\/p>\n\n\n\n<figure class=\"wp-block-image size-large\"><img data-recalc-dims=\"1\" decoding=\"async\" width=\"1024\" height=\"683\" src=\"https:\/\/i0.wp.com\/apan.gob.mx\/portal\/wp-content\/uploads\/2025\/12\/548188348_122174630594523619_2740830998270415795_n.jpg?resize=1024%2C683&#038;ssl=1\" alt=\"\" class=\"wp-image-31595\" srcset=\"https:\/\/i0.wp.com\/apan.gob.mx\/portal\/wp-content\/uploads\/2025\/12\/548188348_122174630594523619_2740830998270415795_n.jpg?resize=1024%2C683&amp;ssl=1 1024w, https:\/\/i0.wp.com\/apan.gob.mx\/portal\/wp-content\/uploads\/2025\/12\/548188348_122174630594523619_2740830998270415795_n.jpg?resize=300%2C200&amp;ssl=1 300w, https:\/\/i0.wp.com\/apan.gob.mx\/portal\/wp-content\/uploads\/2025\/12\/548188348_122174630594523619_2740830998270415795_n.jpg?resize=768%2C512&amp;ssl=1 768w, https:\/\/i0.wp.com\/apan.gob.mx\/portal\/wp-content\/uploads\/2025\/12\/548188348_122174630594523619_2740830998270415795_n.jpg?resize=1536%2C1024&amp;ssl=1 1536w, https:\/\/i0.wp.com\/apan.gob.mx\/portal\/wp-content\/uploads\/2025\/12\/548188348_122174630594523619_2740830998270415795_n.jpg?w=2048&amp;ssl=1 2048w\" sizes=\"(max-width: 1000px) 100vw, 1000px\" \/><\/figure>\n\n\n\n<p><\/p>\n","protected":false},"excerpt":{"rendered":"<p>Qued\u00f3 inaugurada la Feria de Fiestas Patrias Apan 2025. La Presidenta Municipal Constitucional, Dra. Zorayda Robles, acompa\u00f1ada por regidoras y regidores del H. Ayuntamiento, encabez\u00f3 el acto de apertura de este importante festejo que enaltece la identidad y el orgullo de las familias apanenses. El inicio de la feria estuvo lleno de color y tradici\u00f3n [&hellip;]<\/p>\n","protected":false},"author":4,"featured_media":31592,"comment_status":"closed","ping_status":"closed","sticky":false,"template":"","format":"standard","meta":{"_jetpack_memberships_contains_paid_content":false,"footnotes":""},"categories":[1],"tags":[],"class_list":["post-31591","post","type-post","status-publish","format-standard","has-post-thumbnail","hentry","category-uncategorized"],"jetpack_featured_media_url":"https:\/\/i0.wp.com\/apan.gob.mx\/portal\/wp-content\/uploads\/2025\/12\/548282567_122174630318523619_6736981046763374886_n.jpg?fit=2048%2C1365&ssl=1","jetpack_sharing_enabled":true,"_links":{"self":[{"href":"https:\/\/apan.gob.mx\/portal\/wp-json\/wp\/v2\/posts\/31591","targetHints":{"allow":["GET"]}}],"collection":[{"href":"https:\/\/apan.gob.mx\/portal\/wp-json\/wp\/v2\/posts"}],"about":[{"href":"https:\/\/apan.gob.mx\/portal\/wp-json\/wp\/v2\/types\/post"}],"author":[{"embeddable":true,"href":"https:\/\/apan.gob.mx\/portal\/wp-json\/wp\/v2\/users\/4"}],"replies":[{"embeddable":true,"href":"https:\/\/apan.gob.mx\/portal\/wp-json\/wp\/v2\/comments?post=31591"}],"version-history":[{"count":1,"href":"https:\/\/apan.gob.mx\/portal\/wp-json\/wp\/v2\/posts\/31591\/revisions"}],"predecessor-version":[{"id":31596,"href":"https:\/\/apan.gob.mx\/portal\/wp-json\/wp\/v2\/posts\/31591\/revisions\/31596"}],"wp:featuredmedia":[{"embeddable":true,"href":"https:\/\/apan.gob.mx\/portal\/wp-json\/wp\/v2\/media\/31592"}],"wp:attachment":[{"href":"https:\/\/apan.gob.mx\/portal\/wp-json\/wp\/v2\/media?parent=31591"}],"wp:term":[{"taxonomy":"category","embeddable":true,"href":"https:\/\/apan.gob.mx\/portal\/wp-json\/wp\/v2\/categories?post=31591"},{"taxonomy":"post_tag","embeddable":true,"href":"https:\/\/apan.gob.mx\/portal\/wp-json\/wp\/v2\/tags?post=31591"}],"curies":[{"name":"wp","href":"https:\/\/api.w.org\/{rel}","templated":true}]}}