{"id":31597,"date":"2025-09-14T12:38:19","date_gmt":"2025-09-14T18:38:19","guid":{"rendered":"https:\/\/apan.gob.mx\/portal\/?p=31597"},"modified":"2025-12-12T12:43:26","modified_gmt":"2025-12-12T18:43:26","slug":"inician-los-trabajos-de-rehabilitacion-de-la-carretera-apan-acopinalco","status":"publish","type":"post","link":"https:\/\/apan.gob.mx\/portal\/2025\/09\/14\/inician-los-trabajos-de-rehabilitacion-de-la-carretera-apan-acopinalco\/","title":{"rendered":"Inician los trabajos de rehabilitaci\u00f3n de la carretera Apan\u2013Acopinalco"},"content":{"rendered":"\n<p>Arrancaron los trabajos de la <strong>carretera Apan\u2013Acopinalco<\/strong>, una obra largamente esperada por la ciudadan\u00eda y que hoy se hace realidad gracias a la gesti\u00f3n de la Presidenta Municipal, <strong>Dra. Mar\u00eda Zorayda Robles Barrera<\/strong>, y al decidido respaldo del Gobernador <strong>Julio Menchaca Salazar<\/strong>, quien ha demostrado su compromiso con el desarrollo de Apan.<\/p>\n\n\n\n<figure class=\"wp-block-image size-large\"><img data-recalc-dims=\"1\" fetchpriority=\"high\" decoding=\"async\" width=\"1024\" height=\"768\" src=\"https:\/\/i0.wp.com\/apan.gob.mx\/portal\/wp-content\/uploads\/2025\/12\/547450769_122174756408523619_760778508410739215_n.jpg?resize=1024%2C768&#038;ssl=1\" alt=\"\" class=\"wp-image-31599\" srcset=\"https:\/\/i0.wp.com\/apan.gob.mx\/portal\/wp-content\/uploads\/2025\/12\/547450769_122174756408523619_760778508410739215_n.jpg?resize=1024%2C768&amp;ssl=1 1024w, https:\/\/i0.wp.com\/apan.gob.mx\/portal\/wp-content\/uploads\/2025\/12\/547450769_122174756408523619_760778508410739215_n.jpg?resize=300%2C225&amp;ssl=1 300w, https:\/\/i0.wp.com\/apan.gob.mx\/portal\/wp-content\/uploads\/2025\/12\/547450769_122174756408523619_760778508410739215_n.jpg?resize=768%2C576&amp;ssl=1 768w, https:\/\/i0.wp.com\/apan.gob.mx\/portal\/wp-content\/uploads\/2025\/12\/547450769_122174756408523619_760778508410739215_n.jpg?resize=1536%2C1152&amp;ssl=1 1536w, https:\/\/i0.wp.com\/apan.gob.mx\/portal\/wp-content\/uploads\/2025\/12\/547450769_122174756408523619_760778508410739215_n.jpg?w=1747&amp;ssl=1 1747w\" sizes=\"(max-width: 1000px) 100vw, 1000px\" \/><\/figure>\n\n\n\n<p>El Gobierno Municipal tambi\u00e9n reconoce el apoyo del titular de la <strong>Secretar\u00eda de Infraestructura P\u00fablica y Desarrollo Urbano Sostenible<\/strong>, <strong>Alejandro S\u00e1nchez Garc\u00eda<\/strong>, cuya intervenci\u00f3n ha sido fundamental para concretar este importante proyecto.<\/p>\n\n\n\n<p>Con una inversi\u00f3n cercana a los <strong>29 millones de pesos<\/strong>, la obra permitir\u00e1 mejorar la conectividad y la seguridad vial, impulsar la movilidad de las familias, fortalecer el comercio y dinamizar la econom\u00eda regional. Asimismo, funcionar\u00e1 como una v\u00eda alterna hacia Pachuca, ampliando las opciones de traslado y acceso para la poblaci\u00f3n.<\/p>\n\n\n\n<p>El inicio de esta carretera confirma que el trabajo coordinado entre el Gobierno Estatal y el Gobierno Municipal genera resultados reales y tangibles para la gente.<\/p>\n\n\n\n<p>En Apan avanzamos con hechos, construyendo caminos que unen, desarrollan y transforman.<\/p>\n\n\n\n<div class=\"wp-block-columns is-layout-flex wp-container-core-columns-is-layout-28f84493 wp-block-columns-is-layout-flex\">\n<div class=\"wp-block-column is-layout-flow wp-block-column-is-layout-flow\">\n<figure class=\"wp-block-image size-large\"><img data-recalc-dims=\"1\" decoding=\"async\" width=\"1024\" height=\"683\" src=\"https:\/\/i0.wp.com\/apan.gob.mx\/portal\/wp-content\/uploads\/2025\/12\/548203579_122174756750523619_3148746774095338845_n.jpg?resize=1024%2C683&#038;ssl=1\" alt=\"\" class=\"wp-image-31600\" srcset=\"https:\/\/i0.wp.com\/apan.gob.mx\/portal\/wp-content\/uploads\/2025\/12\/548203579_122174756750523619_3148746774095338845_n.jpg?resize=1024%2C683&amp;ssl=1 1024w, https:\/\/i0.wp.com\/apan.gob.mx\/portal\/wp-content\/uploads\/2025\/12\/548203579_122174756750523619_3148746774095338845_n.jpg?resize=300%2C200&amp;ssl=1 300w, https:\/\/i0.wp.com\/apan.gob.mx\/portal\/wp-content\/uploads\/2025\/12\/548203579_122174756750523619_3148746774095338845_n.jpg?resize=768%2C512&amp;ssl=1 768w, https:\/\/i0.wp.com\/apan.gob.mx\/portal\/wp-content\/uploads\/2025\/12\/548203579_122174756750523619_3148746774095338845_n.jpg?resize=1536%2C1024&amp;ssl=1 1536w, https:\/\/i0.wp.com\/apan.gob.mx\/portal\/wp-content\/uploads\/2025\/12\/548203579_122174756750523619_3148746774095338845_n.jpg?w=2048&amp;ssl=1 2048w\" sizes=\"(max-width: 1000px) 100vw, 1000px\" \/><\/figure>\n<\/div>\n\n\n\n<div class=\"wp-block-column is-layout-flow wp-block-column-is-layout-flow\">\n<figure class=\"wp-block-image size-large\"><img data-recalc-dims=\"1\" decoding=\"async\" width=\"1024\" height=\"683\" src=\"https:\/\/i0.wp.com\/apan.gob.mx\/portal\/wp-content\/uploads\/2025\/12\/548141771_122174756978523619_4671955073575627162_n.jpg?resize=1024%2C683&#038;ssl=1\" alt=\"\" class=\"wp-image-31601\" srcset=\"https:\/\/i0.wp.com\/apan.gob.mx\/portal\/wp-content\/uploads\/2025\/12\/548141771_122174756978523619_4671955073575627162_n.jpg?resize=1024%2C683&amp;ssl=1 1024w, https:\/\/i0.wp.com\/apan.gob.mx\/portal\/wp-content\/uploads\/2025\/12\/548141771_122174756978523619_4671955073575627162_n.jpg?resize=300%2C200&amp;ssl=1 300w, https:\/\/i0.wp.com\/apan.gob.mx\/portal\/wp-content\/uploads\/2025\/12\/548141771_122174756978523619_4671955073575627162_n.jpg?resize=768%2C512&amp;ssl=1 768w, https:\/\/i0.wp.com\/apan.gob.mx\/portal\/wp-content\/uploads\/2025\/12\/548141771_122174756978523619_4671955073575627162_n.jpg?resize=1536%2C1024&amp;ssl=1 1536w, https:\/\/i0.wp.com\/apan.gob.mx\/portal\/wp-content\/uploads\/2025\/12\/548141771_122174756978523619_4671955073575627162_n.jpg?w=2048&amp;ssl=1 2048w\" sizes=\"(max-width: 1000px) 100vw, 1000px\" \/><\/figure>\n<\/div>\n<\/div>\n\n\n\n<p><\/p>\n","protected":false},"excerpt":{"rendered":"<p>Arrancaron los trabajos de la carretera Apan\u2013Acopinalco, una obra largamente esperada por la ciudadan\u00eda y que hoy se hace realidad gracias a la gesti\u00f3n de la Presidenta Municipal, Dra. Mar\u00eda Zorayda Robles Barrera, y al decidido respaldo del Gobernador Julio Menchaca Salazar, quien ha demostrado su compromiso con el desarrollo de Apan. El Gobierno Municipal [&hellip;]<\/p>\n","protected":false},"author":4,"featured_media":31598,"comment_status":"closed","ping_status":"closed","sticky":false,"template":"","format":"standard","meta":{"_jetpack_memberships_contains_paid_content":false,"footnotes":""},"categories":[1],"tags":[],"class_list":["post-31597","post","type-post","status-publish","format-standard","has-post-thumbnail","hentry","category-uncategorized"],"jetpack_featured_media_url":"https:\/\/i0.wp.com\/apan.gob.mx\/portal\/wp-content\/uploads\/2025\/12\/547053895_122174757170523619_1337663617340635540_n.jpg?fit=2048%2C1365&ssl=1","jetpack_sharing_enabled":true,"_links":{"self":[{"href":"https:\/\/apan.gob.mx\/portal\/wp-json\/wp\/v2\/posts\/31597","targetHints":{"allow":["GET"]}}],"collection":[{"href":"https:\/\/apan.gob.mx\/portal\/wp-json\/wp\/v2\/posts"}],"about":[{"href":"https:\/\/apan.gob.mx\/portal\/wp-json\/wp\/v2\/types\/post"}],"author":[{"embeddable":true,"href":"https:\/\/apan.gob.mx\/portal\/wp-json\/wp\/v2\/users\/4"}],"replies":[{"embeddable":true,"href":"https:\/\/apan.gob.mx\/portal\/wp-json\/wp\/v2\/comments?post=31597"}],"version-history":[{"count":1,"href":"https:\/\/apan.gob.mx\/portal\/wp-json\/wp\/v2\/posts\/31597\/revisions"}],"predecessor-version":[{"id":31602,"href":"https:\/\/apan.gob.mx\/portal\/wp-json\/wp\/v2\/posts\/31597\/revisions\/31602"}],"wp:featuredmedia":[{"embeddable":true,"href":"https:\/\/apan.gob.mx\/portal\/wp-json\/wp\/v2\/media\/31598"}],"wp:attachment":[{"href":"https:\/\/apan.gob.mx\/portal\/wp-json\/wp\/v2\/media?parent=31597"}],"wp:term":[{"taxonomy":"category","embeddable":true,"href":"https:\/\/apan.gob.mx\/portal\/wp-json\/wp\/v2\/categories?post=31597"},{"taxonomy":"post_tag","embeddable":true,"href":"https:\/\/apan.gob.mx\/portal\/wp-json\/wp\/v2\/tags?post=31597"}],"curies":[{"name":"wp","href":"https:\/\/api.w.org\/{rel}","templated":true}]}}