{"id":31603,"date":"2025-09-14T12:43:28","date_gmt":"2025-09-14T18:43:28","guid":{"rendered":"https:\/\/apan.gob.mx\/portal\/?p=31603"},"modified":"2025-12-12T12:45:58","modified_gmt":"2025-12-12T18:45:58","slug":"operativo-especial-de-seguridad-en-la-feria-de-fiestas-patrias-apan-2025","status":"publish","type":"post","link":"https:\/\/apan.gob.mx\/portal\/2025\/09\/14\/operativo-especial-de-seguridad-en-la-feria-de-fiestas-patrias-apan-2025\/","title":{"rendered":"Operativo especial de seguridad en la Feria de Fiestas Patrias Apan 2025"},"content":{"rendered":"\n<p>Con el prop\u00f3sito de garantizar la integridad de las y los asistentes a la <strong>Feria de Fiestas Patrias Apan 2025<\/strong>, la <strong>Direcci\u00f3n de Seguridad P\u00fablica Municipal<\/strong> puso en marcha un operativo especial de vigilancia.<\/p>\n\n\n\n<p>El dispositivo contempla recorridos permanentes en los pabellones y en el teatro del pueblo, con un <strong>estado de fuerza de 70 elementos y 10 unidades<\/strong>, bajo el mando del Director <strong>Alejandro Ju\u00e1rez Hern\u00e1ndez<\/strong> y el Subdirector <strong>Nicol\u00e1s Guti\u00e9rrez Delgadillo<\/strong>.<\/p>\n\n\n\n<p>La seguridad de la feria es una prioridad para este Gobierno Municipal, por lo que se mantiene una presencia preventiva y de atenci\u00f3n inmediata para que las familias disfruten esta celebraci\u00f3n con tranquilidad.<\/p>\n\n\n\n<p>Continuamos trabajando para brindar espacios seguros y ordenados para todas y todos.<\/p>\n\n\n\n<figure class=\"wp-block-image size-large\"><img data-recalc-dims=\"1\" fetchpriority=\"high\" decoding=\"async\" width=\"1024\" height=\"576\" src=\"https:\/\/i0.wp.com\/apan.gob.mx\/portal\/wp-content\/uploads\/2025\/12\/548816298_122174768024523619_7258317153398701956_n.jpg?resize=1024%2C576&#038;ssl=1\" alt=\"\" class=\"wp-image-31610\" srcset=\"https:\/\/i0.wp.com\/apan.gob.mx\/portal\/wp-content\/uploads\/2025\/12\/548816298_122174768024523619_7258317153398701956_n.jpg?resize=1024%2C576&amp;ssl=1 1024w, https:\/\/i0.wp.com\/apan.gob.mx\/portal\/wp-content\/uploads\/2025\/12\/548816298_122174768024523619_7258317153398701956_n.jpg?resize=300%2C169&amp;ssl=1 300w, https:\/\/i0.wp.com\/apan.gob.mx\/portal\/wp-content\/uploads\/2025\/12\/548816298_122174768024523619_7258317153398701956_n.jpg?resize=768%2C432&amp;ssl=1 768w, https:\/\/i0.wp.com\/apan.gob.mx\/portal\/wp-content\/uploads\/2025\/12\/548816298_122174768024523619_7258317153398701956_n.jpg?resize=1536%2C864&amp;ssl=1 1536w, https:\/\/i0.wp.com\/apan.gob.mx\/portal\/wp-content\/uploads\/2025\/12\/548816298_122174768024523619_7258317153398701956_n.jpg?w=1600&amp;ssl=1 1600w\" sizes=\"(max-width: 1000px) 100vw, 1000px\" \/><\/figure>\n\n\n\n<p><\/p>\n","protected":false},"excerpt":{"rendered":"<p>Con el prop\u00f3sito de garantizar la integridad de las y los asistentes a la Feria de Fiestas Patrias Apan 2025, la Direcci\u00f3n de Seguridad P\u00fablica Municipal puso en marcha un operativo especial de vigilancia. El dispositivo contempla recorridos permanentes en los pabellones y en el teatro del pueblo, con un estado de fuerza de 70 [&hellip;]<\/p>\n","protected":false},"author":4,"featured_media":31609,"comment_status":"closed","ping_status":"closed","sticky":false,"template":"","format":"standard","meta":{"_jetpack_memberships_contains_paid_content":false,"footnotes":""},"categories":[1],"tags":[],"class_list":["post-31603","post","type-post","status-publish","format-standard","has-post-thumbnail","hentry","category-uncategorized"],"jetpack_featured_media_url":"https:\/\/i0.wp.com\/apan.gob.mx\/portal\/wp-content\/uploads\/2025\/12\/547405858_122174771840523619_8228505255930450591_n.jpg?fit=1280%2C960&ssl=1","jetpack_sharing_enabled":true,"_links":{"self":[{"href":"https:\/\/apan.gob.mx\/portal\/wp-json\/wp\/v2\/posts\/31603","targetHints":{"allow":["GET"]}}],"collection":[{"href":"https:\/\/apan.gob.mx\/portal\/wp-json\/wp\/v2\/posts"}],"about":[{"href":"https:\/\/apan.gob.mx\/portal\/wp-json\/wp\/v2\/types\/post"}],"author":[{"embeddable":true,"href":"https:\/\/apan.gob.mx\/portal\/wp-json\/wp\/v2\/users\/4"}],"replies":[{"embeddable":true,"href":"https:\/\/apan.gob.mx\/portal\/wp-json\/wp\/v2\/comments?post=31603"}],"version-history":[{"count":1,"href":"https:\/\/apan.gob.mx\/portal\/wp-json\/wp\/v2\/posts\/31603\/revisions"}],"predecessor-version":[{"id":31611,"href":"https:\/\/apan.gob.mx\/portal\/wp-json\/wp\/v2\/posts\/31603\/revisions\/31611"}],"wp:featuredmedia":[{"embeddable":true,"href":"https:\/\/apan.gob.mx\/portal\/wp-json\/wp\/v2\/media\/31609"}],"wp:attachment":[{"href":"https:\/\/apan.gob.mx\/portal\/wp-json\/wp\/v2\/media?parent=31603"}],"wp:term":[{"taxonomy":"category","embeddable":true,"href":"https:\/\/apan.gob.mx\/portal\/wp-json\/wp\/v2\/categories?post=31603"},{"taxonomy":"post_tag","embeddable":true,"href":"https:\/\/apan.gob.mx\/portal\/wp-json\/wp\/v2\/tags?post=31603"}],"curies":[{"name":"wp","href":"https:\/\/api.w.org\/{rel}","templated":true}]}}