{"id":31612,"date":"2025-09-14T12:45:59","date_gmt":"2025-09-14T18:45:59","guid":{"rendered":"https:\/\/apan.gob.mx\/portal\/?p=31612"},"modified":"2025-12-12T12:49:50","modified_gmt":"2025-12-12T18:49:50","slug":"segundo-dia-de-la-feria-de-fiestas-patrias-2025","status":"publish","type":"post","link":"https:\/\/apan.gob.mx\/portal\/2025\/09\/14\/segundo-dia-de-la-feria-de-fiestas-patrias-2025\/","title":{"rendered":"Segundo d\u00eda de la Feria de Fiestas Patrias 2025"},"content":{"rendered":"\n<p>La explanada del Jard\u00edn Municipal fue el punto de encuentro donde la m\u00fasica reuni\u00f3 a cientos de familias. Los Hermanos Mu\u00f1oz interpretaron sus temas m\u00e1s reconocidos, dando paso a La Kuadra, que con su estilo norte\u00f1o llen\u00f3 de energ\u00eda y baile la noche.<\/p>\n\n\n\n<p>La Feria de Fiestas Patrias 2025 se consolido como un espacio de convivencia familiar, celebraci\u00f3n y orgullo mexicano para todas y todos los apanenses.<\/p>\n\n\n\n<div class=\"wp-block-columns is-layout-flex wp-container-core-columns-is-layout-28f84493 wp-block-columns-is-layout-flex\">\n<div class=\"wp-block-column is-layout-flow wp-block-column-is-layout-flow\">\n<figure class=\"wp-block-image size-large\"><img data-recalc-dims=\"1\" fetchpriority=\"high\" decoding=\"async\" width=\"1024\" height=\"683\" src=\"https:\/\/i0.wp.com\/apan.gob.mx\/portal\/wp-content\/uploads\/2025\/12\/547767049_122174778284523619_1465053274357659265_n.jpg?resize=1024%2C683&#038;ssl=1\" alt=\"\" class=\"wp-image-31614\" srcset=\"https:\/\/i0.wp.com\/apan.gob.mx\/portal\/wp-content\/uploads\/2025\/12\/547767049_122174778284523619_1465053274357659265_n.jpg?resize=1024%2C683&amp;ssl=1 1024w, https:\/\/i0.wp.com\/apan.gob.mx\/portal\/wp-content\/uploads\/2025\/12\/547767049_122174778284523619_1465053274357659265_n.jpg?resize=300%2C200&amp;ssl=1 300w, https:\/\/i0.wp.com\/apan.gob.mx\/portal\/wp-content\/uploads\/2025\/12\/547767049_122174778284523619_1465053274357659265_n.jpg?resize=768%2C512&amp;ssl=1 768w, https:\/\/i0.wp.com\/apan.gob.mx\/portal\/wp-content\/uploads\/2025\/12\/547767049_122174778284523619_1465053274357659265_n.jpg?resize=1536%2C1024&amp;ssl=1 1536w, https:\/\/i0.wp.com\/apan.gob.mx\/portal\/wp-content\/uploads\/2025\/12\/547767049_122174778284523619_1465053274357659265_n.jpg?w=2048&amp;ssl=1 2048w\" sizes=\"(max-width: 1000px) 100vw, 1000px\" \/><\/figure>\n<\/div>\n\n\n\n<div class=\"wp-block-column is-layout-flow wp-block-column-is-layout-flow\">\n<figure class=\"wp-block-image size-large\"><img data-recalc-dims=\"1\" decoding=\"async\" width=\"1024\" height=\"683\" src=\"https:\/\/i0.wp.com\/apan.gob.mx\/portal\/wp-content\/uploads\/2025\/12\/547679304_122174778854523619_4100782231222238628_n.jpg?resize=1024%2C683&#038;ssl=1\" alt=\"\" class=\"wp-image-31615\" srcset=\"https:\/\/i0.wp.com\/apan.gob.mx\/portal\/wp-content\/uploads\/2025\/12\/547679304_122174778854523619_4100782231222238628_n.jpg?resize=1024%2C683&amp;ssl=1 1024w, https:\/\/i0.wp.com\/apan.gob.mx\/portal\/wp-content\/uploads\/2025\/12\/547679304_122174778854523619_4100782231222238628_n.jpg?resize=300%2C200&amp;ssl=1 300w, https:\/\/i0.wp.com\/apan.gob.mx\/portal\/wp-content\/uploads\/2025\/12\/547679304_122174778854523619_4100782231222238628_n.jpg?resize=768%2C512&amp;ssl=1 768w, https:\/\/i0.wp.com\/apan.gob.mx\/portal\/wp-content\/uploads\/2025\/12\/547679304_122174778854523619_4100782231222238628_n.jpg?resize=1536%2C1024&amp;ssl=1 1536w, https:\/\/i0.wp.com\/apan.gob.mx\/portal\/wp-content\/uploads\/2025\/12\/547679304_122174778854523619_4100782231222238628_n.jpg?w=2048&amp;ssl=1 2048w\" sizes=\"(max-width: 1000px) 100vw, 1000px\" \/><\/figure>\n<\/div>\n<\/div>\n\n\n\n<p><\/p>\n","protected":false},"excerpt":{"rendered":"<p>La explanada del Jard\u00edn Municipal fue el punto de encuentro donde la m\u00fasica reuni\u00f3 a cientos de familias. Los Hermanos Mu\u00f1oz interpretaron sus temas m\u00e1s reconocidos, dando paso a La Kuadra, que con su estilo norte\u00f1o llen\u00f3 de energ\u00eda y baile la noche. La Feria de Fiestas Patrias 2025 se consolido como un espacio de [&hellip;]<\/p>\n","protected":false},"author":4,"featured_media":31613,"comment_status":"closed","ping_status":"closed","sticky":false,"template":"","format":"standard","meta":{"_jetpack_memberships_contains_paid_content":false,"footnotes":""},"categories":[1],"tags":[],"class_list":["post-31612","post","type-post","status-publish","format-standard","has-post-thumbnail","hentry","category-uncategorized"],"jetpack_featured_media_url":"https:\/\/i0.wp.com\/apan.gob.mx\/portal\/wp-content\/uploads\/2025\/12\/519644808_122174778566523619_8996236072583818579_n.jpg?fit=2048%2C1365&ssl=1","jetpack_sharing_enabled":true,"_links":{"self":[{"href":"https:\/\/apan.gob.mx\/portal\/wp-json\/wp\/v2\/posts\/31612","targetHints":{"allow":["GET"]}}],"collection":[{"href":"https:\/\/apan.gob.mx\/portal\/wp-json\/wp\/v2\/posts"}],"about":[{"href":"https:\/\/apan.gob.mx\/portal\/wp-json\/wp\/v2\/types\/post"}],"author":[{"embeddable":true,"href":"https:\/\/apan.gob.mx\/portal\/wp-json\/wp\/v2\/users\/4"}],"replies":[{"embeddable":true,"href":"https:\/\/apan.gob.mx\/portal\/wp-json\/wp\/v2\/comments?post=31612"}],"version-history":[{"count":1,"href":"https:\/\/apan.gob.mx\/portal\/wp-json\/wp\/v2\/posts\/31612\/revisions"}],"predecessor-version":[{"id":31616,"href":"https:\/\/apan.gob.mx\/portal\/wp-json\/wp\/v2\/posts\/31612\/revisions\/31616"}],"wp:featuredmedia":[{"embeddable":true,"href":"https:\/\/apan.gob.mx\/portal\/wp-json\/wp\/v2\/media\/31613"}],"wp:attachment":[{"href":"https:\/\/apan.gob.mx\/portal\/wp-json\/wp\/v2\/media?parent=31612"}],"wp:term":[{"taxonomy":"category","embeddable":true,"href":"https:\/\/apan.gob.mx\/portal\/wp-json\/wp\/v2\/categories?post=31612"},{"taxonomy":"post_tag","embeddable":true,"href":"https:\/\/apan.gob.mx\/portal\/wp-json\/wp\/v2\/tags?post=31612"}],"curies":[{"name":"wp","href":"https:\/\/api.w.org\/{rel}","templated":true}]}}