{"id":31617,"date":"2025-09-15T12:49:52","date_gmt":"2025-09-15T18:49:52","guid":{"rendered":"https:\/\/apan.gob.mx\/portal\/?p=31617"},"modified":"2025-12-12T13:04:23","modified_gmt":"2025-12-12T19:04:23","slug":"trail-running-apan-hidalgo-deporte-identidad-y-comunidad","status":"publish","type":"post","link":"https:\/\/apan.gob.mx\/portal\/2025\/09\/15\/trail-running-apan-hidalgo-deporte-identidad-y-comunidad\/","title":{"rendered":"Trail Running Apan Hidalgo: deporte, identidad y comunidad"},"content":{"rendered":"\n<p>En un ambiente lleno de identidad y arraigo, se llev\u00f3 a cabo la Segunda Fecha de Septiembre del Trail Running Apan Hidalgo, donde m\u00e1s de 215 corredores desafiaron los senderos del Cerro de San Pedro, rodeados de paisajes que distinguen a la regi\u00f3n.<\/p>\n\n\n\n<div class=\"wp-block-columns is-layout-flex wp-container-core-columns-is-layout-28f84493 wp-block-columns-is-layout-flex\">\n<div class=\"wp-block-column is-layout-flow wp-block-column-is-layout-flow\">\n<figure class=\"wp-block-image size-large\"><img data-recalc-dims=\"1\" fetchpriority=\"high\" decoding=\"async\" width=\"1024\" height=\"683\" src=\"https:\/\/i0.wp.com\/apan.gob.mx\/portal\/wp-content\/uploads\/2025\/12\/547547129_122174910530523619_6562455211872622826_n.jpg?resize=1024%2C683&#038;ssl=1\" alt=\"\" class=\"wp-image-31619\" srcset=\"https:\/\/i0.wp.com\/apan.gob.mx\/portal\/wp-content\/uploads\/2025\/12\/547547129_122174910530523619_6562455211872622826_n.jpg?resize=1024%2C683&amp;ssl=1 1024w, https:\/\/i0.wp.com\/apan.gob.mx\/portal\/wp-content\/uploads\/2025\/12\/547547129_122174910530523619_6562455211872622826_n.jpg?resize=300%2C200&amp;ssl=1 300w, https:\/\/i0.wp.com\/apan.gob.mx\/portal\/wp-content\/uploads\/2025\/12\/547547129_122174910530523619_6562455211872622826_n.jpg?resize=768%2C512&amp;ssl=1 768w, https:\/\/i0.wp.com\/apan.gob.mx\/portal\/wp-content\/uploads\/2025\/12\/547547129_122174910530523619_6562455211872622826_n.jpg?resize=1536%2C1024&amp;ssl=1 1536w, https:\/\/i0.wp.com\/apan.gob.mx\/portal\/wp-content\/uploads\/2025\/12\/547547129_122174910530523619_6562455211872622826_n.jpg?w=2048&amp;ssl=1 2048w\" sizes=\"(max-width: 1000px) 100vw, 1000px\" \/><\/figure>\n<\/div>\n\n\n\n<div class=\"wp-block-column is-layout-flow wp-block-column-is-layout-flow\">\n<figure class=\"wp-block-image size-large\"><img data-recalc-dims=\"1\" decoding=\"async\" width=\"1024\" height=\"683\" src=\"https:\/\/i0.wp.com\/apan.gob.mx\/portal\/wp-content\/uploads\/2025\/12\/547632696_122174911868523619_2132189353094111949_n.jpg?resize=1024%2C683&#038;ssl=1\" alt=\"\" class=\"wp-image-31620\" srcset=\"https:\/\/i0.wp.com\/apan.gob.mx\/portal\/wp-content\/uploads\/2025\/12\/547632696_122174911868523619_2132189353094111949_n.jpg?resize=1024%2C683&amp;ssl=1 1024w, https:\/\/i0.wp.com\/apan.gob.mx\/portal\/wp-content\/uploads\/2025\/12\/547632696_122174911868523619_2132189353094111949_n.jpg?resize=300%2C200&amp;ssl=1 300w, https:\/\/i0.wp.com\/apan.gob.mx\/portal\/wp-content\/uploads\/2025\/12\/547632696_122174911868523619_2132189353094111949_n.jpg?resize=768%2C512&amp;ssl=1 768w, https:\/\/i0.wp.com\/apan.gob.mx\/portal\/wp-content\/uploads\/2025\/12\/547632696_122174911868523619_2132189353094111949_n.jpg?resize=1536%2C1024&amp;ssl=1 1536w, https:\/\/i0.wp.com\/apan.gob.mx\/portal\/wp-content\/uploads\/2025\/12\/547632696_122174911868523619_2132189353094111949_n.jpg?w=2048&amp;ssl=1 2048w\" sizes=\"(max-width: 1000px) 100vw, 1000px\" \/><\/figure>\n<\/div>\n<\/div>\n\n\n\n<p>El evento no solo impuls\u00f3 la actividad f\u00edsica, sino que tambi\u00e9n fortaleci\u00f3 el v\u00ednculo con la cultura local, reuniendo a participantes provenientes de diversos municipios y estados.<\/p>\n\n\n\n<p>Se reconoce a las y los ganadores de cada categor\u00eda y se agradece a quienes hicieron posible esta edici\u00f3n, incluyendo a la Dra. Zorayda Robles Barrera, Presidenta Municipal Constitucional, por su respaldo al deporte; a la Diputada Mirna Rubio; a los patrocinadores; y, de manera especial, a cada atleta que form\u00f3 parte de esta experiencia.<\/p>\n\n\n\n<div class=\"wp-block-columns is-layout-flex wp-container-core-columns-is-layout-28f84493 wp-block-columns-is-layout-flex\">\n<div class=\"wp-block-column is-layout-flow wp-block-column-is-layout-flow\" style=\"flex-basis:33.33%\">\n<figure class=\"wp-block-image size-large\"><img data-recalc-dims=\"1\" decoding=\"async\" width=\"768\" height=\"1024\" src=\"https:\/\/i0.wp.com\/apan.gob.mx\/portal\/wp-content\/uploads\/2025\/12\/547381269_122174912756523619_5183596260265359704_n.jpg?resize=768%2C1024&#038;ssl=1\" alt=\"\" class=\"wp-image-31621\" srcset=\"https:\/\/i0.wp.com\/apan.gob.mx\/portal\/wp-content\/uploads\/2025\/12\/547381269_122174912756523619_5183596260265359704_n.jpg?resize=768%2C1024&amp;ssl=1 768w, https:\/\/i0.wp.com\/apan.gob.mx\/portal\/wp-content\/uploads\/2025\/12\/547381269_122174912756523619_5183596260265359704_n.jpg?resize=225%2C300&amp;ssl=1 225w, https:\/\/i0.wp.com\/apan.gob.mx\/portal\/wp-content\/uploads\/2025\/12\/547381269_122174912756523619_5183596260265359704_n.jpg?resize=1152%2C1536&amp;ssl=1 1152w, https:\/\/i0.wp.com\/apan.gob.mx\/portal\/wp-content\/uploads\/2025\/12\/547381269_122174912756523619_5183596260265359704_n.jpg?w=1536&amp;ssl=1 1536w\" sizes=\"(max-width: 768px) 100vw, 768px\" \/><\/figure>\n<\/div>\n\n\n\n<div class=\"wp-block-column is-layout-flow wp-block-column-is-layout-flow\" style=\"flex-basis:66.66%\">\n<figure class=\"wp-block-image size-large\"><img data-recalc-dims=\"1\" loading=\"lazy\" decoding=\"async\" width=\"1024\" height=\"683\" src=\"https:\/\/i0.wp.com\/apan.gob.mx\/portal\/wp-content\/uploads\/2025\/12\/548011884_122174911772523619_5216160939383354526_n.jpg?resize=1024%2C683&#038;ssl=1\" alt=\"\" class=\"wp-image-31622\" srcset=\"https:\/\/i0.wp.com\/apan.gob.mx\/portal\/wp-content\/uploads\/2025\/12\/548011884_122174911772523619_5216160939383354526_n.jpg?resize=1024%2C683&amp;ssl=1 1024w, https:\/\/i0.wp.com\/apan.gob.mx\/portal\/wp-content\/uploads\/2025\/12\/548011884_122174911772523619_5216160939383354526_n.jpg?resize=300%2C200&amp;ssl=1 300w, https:\/\/i0.wp.com\/apan.gob.mx\/portal\/wp-content\/uploads\/2025\/12\/548011884_122174911772523619_5216160939383354526_n.jpg?resize=768%2C512&amp;ssl=1 768w, https:\/\/i0.wp.com\/apan.gob.mx\/portal\/wp-content\/uploads\/2025\/12\/548011884_122174911772523619_5216160939383354526_n.jpg?resize=1536%2C1024&amp;ssl=1 1536w, https:\/\/i0.wp.com\/apan.gob.mx\/portal\/wp-content\/uploads\/2025\/12\/548011884_122174911772523619_5216160939383354526_n.jpg?w=2048&amp;ssl=1 2048w\" sizes=\"(max-width: 1000px) 100vw, 1000px\" \/><\/figure>\n<\/div>\n<\/div>\n\n\n\n<p>Asimismo, se extiende una felicitaci\u00f3n al equipo de Trail Running Apan Hidalgo por la organizaci\u00f3n del evento. <\/p>\n\n\n\n<p>Sigamos promoviendo el deporte y fortaleciendo la identidad que nos une como comunidad.<\/p>\n","protected":false},"excerpt":{"rendered":"<p>En un ambiente lleno de identidad y arraigo, se llev\u00f3 a cabo la Segunda Fecha de Septiembre del Trail Running Apan Hidalgo, donde m\u00e1s de 215 corredores desafiaron los senderos del Cerro de San Pedro, rodeados de paisajes que distinguen a la regi\u00f3n. El evento no solo impuls\u00f3 la actividad f\u00edsica, sino que tambi\u00e9n fortaleci\u00f3 [&hellip;]<\/p>\n","protected":false},"author":4,"featured_media":31618,"comment_status":"closed","ping_status":"closed","sticky":false,"template":"","format":"standard","meta":{"_jetpack_memberships_contains_paid_content":false,"footnotes":""},"categories":[1],"tags":[],"class_list":["post-31617","post","type-post","status-publish","format-standard","has-post-thumbnail","hentry","category-uncategorized"],"jetpack_featured_media_url":"https:\/\/i0.wp.com\/apan.gob.mx\/portal\/wp-content\/uploads\/2025\/12\/547652940_122174910332523619_2149377948948332351_n.jpg?fit=2048%2C1365&ssl=1","jetpack_sharing_enabled":true,"_links":{"self":[{"href":"https:\/\/apan.gob.mx\/portal\/wp-json\/wp\/v2\/posts\/31617","targetHints":{"allow":["GET"]}}],"collection":[{"href":"https:\/\/apan.gob.mx\/portal\/wp-json\/wp\/v2\/posts"}],"about":[{"href":"https:\/\/apan.gob.mx\/portal\/wp-json\/wp\/v2\/types\/post"}],"author":[{"embeddable":true,"href":"https:\/\/apan.gob.mx\/portal\/wp-json\/wp\/v2\/users\/4"}],"replies":[{"embeddable":true,"href":"https:\/\/apan.gob.mx\/portal\/wp-json\/wp\/v2\/comments?post=31617"}],"version-history":[{"count":1,"href":"https:\/\/apan.gob.mx\/portal\/wp-json\/wp\/v2\/posts\/31617\/revisions"}],"predecessor-version":[{"id":31623,"href":"https:\/\/apan.gob.mx\/portal\/wp-json\/wp\/v2\/posts\/31617\/revisions\/31623"}],"wp:featuredmedia":[{"embeddable":true,"href":"https:\/\/apan.gob.mx\/portal\/wp-json\/wp\/v2\/media\/31618"}],"wp:attachment":[{"href":"https:\/\/apan.gob.mx\/portal\/wp-json\/wp\/v2\/media?parent=31617"}],"wp:term":[{"taxonomy":"category","embeddable":true,"href":"https:\/\/apan.gob.mx\/portal\/wp-json\/wp\/v2\/categories?post=31617"},{"taxonomy":"post_tag","embeddable":true,"href":"https:\/\/apan.gob.mx\/portal\/wp-json\/wp\/v2\/tags?post=31617"}],"curies":[{"name":"wp","href":"https:\/\/api.w.org\/{rel}","templated":true}]}}