{"id":31625,"date":"2025-09-16T09:38:04","date_gmt":"2025-09-16T15:38:04","guid":{"rendered":"https:\/\/apan.gob.mx\/portal\/?p=31625"},"modified":"2025-12-13T09:46:38","modified_gmt":"2025-12-13T15:46:38","slug":"grito-de-independencia-apan-2025","status":"publish","type":"post","link":"https:\/\/apan.gob.mx\/portal\/2025\/09\/16\/grito-de-independencia-apan-2025\/","title":{"rendered":"Grito de Independencia Apan 2025"},"content":{"rendered":"\n<p>El Gobierno Municipal de Apan, encabezado por la <strong>Dra. Mar\u00eda Zorayda Robles Barrera<\/strong>, Presidenta Municipal Constitucional, llev\u00f3 a cabo con solemnidad y profundo sentido c\u00edvico la ceremonia del <strong>Grito de Independencia<\/strong>, en el marco del <strong>215 aniversario del inicio de la lucha por la Independencia de M\u00e9xico<\/strong>.<\/p>\n\n\n\n<figure class=\"wp-block-image size-large\"><img data-recalc-dims=\"1\" fetchpriority=\"high\" decoding=\"async\" width=\"1024\" height=\"680\" src=\"https:\/\/i0.wp.com\/apan.gob.mx\/portal\/wp-content\/uploads\/2025\/12\/548196765_122175004856523619_2982024880453680835_n.jpg?resize=1024%2C680&#038;ssl=1\" alt=\"\" class=\"wp-image-31627\" srcset=\"https:\/\/i0.wp.com\/apan.gob.mx\/portal\/wp-content\/uploads\/2025\/12\/548196765_122175004856523619_2982024880453680835_n.jpg?resize=1024%2C680&amp;ssl=1 1024w, https:\/\/i0.wp.com\/apan.gob.mx\/portal\/wp-content\/uploads\/2025\/12\/548196765_122175004856523619_2982024880453680835_n.jpg?resize=300%2C199&amp;ssl=1 300w, https:\/\/i0.wp.com\/apan.gob.mx\/portal\/wp-content\/uploads\/2025\/12\/548196765_122175004856523619_2982024880453680835_n.jpg?resize=768%2C510&amp;ssl=1 768w, https:\/\/i0.wp.com\/apan.gob.mx\/portal\/wp-content\/uploads\/2025\/12\/548196765_122175004856523619_2982024880453680835_n.jpg?resize=1536%2C1020&amp;ssl=1 1536w, https:\/\/i0.wp.com\/apan.gob.mx\/portal\/wp-content\/uploads\/2025\/12\/548196765_122175004856523619_2982024880453680835_n.jpg?w=2048&amp;ssl=1 2048w\" sizes=\"(max-width: 1000px) 100vw, 1000px\" \/><\/figure>\n\n\n\n<p>Durante esta fecha hist\u00f3rica se rindi\u00f3 homenaje a las y los h\u00e9roes que forjaron nuestra patria, reafirmando el compromiso con los valores de unidad, soberan\u00eda y justicia que dan sustento a la Naci\u00f3n.<\/p>\n\n\n\n<p>La ceremonia cont\u00f3 con la entusiasta participaci\u00f3n de familias completas \u2014abuelos, madres, padres, hijas, hijos y nietos\u2014 quienes se dieron cita para escuchar con orgullo el tradicional Grito, fortaleciendo el sentido de identidad y patriotismo, as\u00ed como la importancia de transmitir estos valores a las nuevas generaciones.<\/p>\n\n\n\n<p>El Gobierno Municipal agradece a todas y todos los apanenses por su asistencia y participaci\u00f3n, que hicieron de esta conmemoraci\u00f3n un acto de uni\u00f3n, respeto y amor por M\u00e9xico.<\/p>\n\n\n\n<div class=\"wp-block-columns is-not-stacked-on-mobile is-layout-flex wp-container-core-columns-is-layout-28f84493 wp-block-columns-is-layout-flex\">\n<div class=\"wp-block-column is-layout-flow wp-block-column-is-layout-flow\">\n<figure class=\"wp-block-image size-large\"><img data-recalc-dims=\"1\" decoding=\"async\" width=\"1024\" height=\"683\" src=\"https:\/\/i0.wp.com\/apan.gob.mx\/portal\/wp-content\/uploads\/2025\/12\/548335553_122175004928523619_3508499274281739977_n.jpg?resize=1024%2C683&#038;ssl=1\" alt=\"\" class=\"wp-image-31628\" srcset=\"https:\/\/i0.wp.com\/apan.gob.mx\/portal\/wp-content\/uploads\/2025\/12\/548335553_122175004928523619_3508499274281739977_n.jpg?resize=1024%2C683&amp;ssl=1 1024w, https:\/\/i0.wp.com\/apan.gob.mx\/portal\/wp-content\/uploads\/2025\/12\/548335553_122175004928523619_3508499274281739977_n.jpg?resize=300%2C200&amp;ssl=1 300w, https:\/\/i0.wp.com\/apan.gob.mx\/portal\/wp-content\/uploads\/2025\/12\/548335553_122175004928523619_3508499274281739977_n.jpg?resize=768%2C512&amp;ssl=1 768w, https:\/\/i0.wp.com\/apan.gob.mx\/portal\/wp-content\/uploads\/2025\/12\/548335553_122175004928523619_3508499274281739977_n.jpg?resize=1536%2C1025&amp;ssl=1 1536w, https:\/\/i0.wp.com\/apan.gob.mx\/portal\/wp-content\/uploads\/2025\/12\/548335553_122175004928523619_3508499274281739977_n.jpg?w=2048&amp;ssl=1 2048w\" sizes=\"(max-width: 1000px) 100vw, 1000px\" \/><\/figure>\n<\/div>\n\n\n\n<div class=\"wp-block-column is-layout-flow wp-block-column-is-layout-flow\">\n<figure class=\"wp-block-image size-large\"><img data-recalc-dims=\"1\" decoding=\"async\" width=\"1024\" height=\"683\" src=\"https:\/\/i0.wp.com\/apan.gob.mx\/portal\/wp-content\/uploads\/2025\/12\/547386882_122175004952523619_5093391331931594189_n-1.jpg?resize=1024%2C683&#038;ssl=1\" alt=\"\" class=\"wp-image-31629\" srcset=\"https:\/\/i0.wp.com\/apan.gob.mx\/portal\/wp-content\/uploads\/2025\/12\/547386882_122175004952523619_5093391331931594189_n-1.jpg?resize=1024%2C683&amp;ssl=1 1024w, https:\/\/i0.wp.com\/apan.gob.mx\/portal\/wp-content\/uploads\/2025\/12\/547386882_122175004952523619_5093391331931594189_n-1.jpg?resize=300%2C200&amp;ssl=1 300w, https:\/\/i0.wp.com\/apan.gob.mx\/portal\/wp-content\/uploads\/2025\/12\/547386882_122175004952523619_5093391331931594189_n-1.jpg?resize=768%2C512&amp;ssl=1 768w, https:\/\/i0.wp.com\/apan.gob.mx\/portal\/wp-content\/uploads\/2025\/12\/547386882_122175004952523619_5093391331931594189_n-1.jpg?resize=1536%2C1025&amp;ssl=1 1536w, https:\/\/i0.wp.com\/apan.gob.mx\/portal\/wp-content\/uploads\/2025\/12\/547386882_122175004952523619_5093391331931594189_n-1.jpg?w=2048&amp;ssl=1 2048w\" sizes=\"(max-width: 1000px) 100vw, 1000px\" \/><\/figure>\n<\/div>\n<\/div>\n","protected":false},"excerpt":{"rendered":"<p>El Gobierno Municipal de Apan, encabezado por la Dra. Mar\u00eda Zorayda Robles Barrera, Presidenta Municipal Constitucional, llev\u00f3 a cabo con solemnidad y profundo sentido c\u00edvico la ceremonia del Grito de Independencia, en el marco del 215 aniversario del inicio de la lucha por la Independencia de M\u00e9xico. Durante esta fecha hist\u00f3rica se rindi\u00f3 homenaje a [&hellip;]<\/p>\n","protected":false},"author":4,"featured_media":31626,"comment_status":"closed","ping_status":"closed","sticky":false,"template":"","format":"standard","meta":{"_jetpack_memberships_contains_paid_content":false,"footnotes":""},"categories":[1],"tags":[],"class_list":["post-31625","post","type-post","status-publish","format-standard","has-post-thumbnail","hentry","category-uncategorized"],"jetpack_featured_media_url":"https:\/\/i0.wp.com\/apan.gob.mx\/portal\/wp-content\/uploads\/2025\/12\/548199556_122175004832523619_8299980732184036228_n.jpg?fit=1366%2C2048&ssl=1","jetpack_sharing_enabled":true,"_links":{"self":[{"href":"https:\/\/apan.gob.mx\/portal\/wp-json\/wp\/v2\/posts\/31625","targetHints":{"allow":["GET"]}}],"collection":[{"href":"https:\/\/apan.gob.mx\/portal\/wp-json\/wp\/v2\/posts"}],"about":[{"href":"https:\/\/apan.gob.mx\/portal\/wp-json\/wp\/v2\/types\/post"}],"author":[{"embeddable":true,"href":"https:\/\/apan.gob.mx\/portal\/wp-json\/wp\/v2\/users\/4"}],"replies":[{"embeddable":true,"href":"https:\/\/apan.gob.mx\/portal\/wp-json\/wp\/v2\/comments?post=31625"}],"version-history":[{"count":1,"href":"https:\/\/apan.gob.mx\/portal\/wp-json\/wp\/v2\/posts\/31625\/revisions"}],"predecessor-version":[{"id":31630,"href":"https:\/\/apan.gob.mx\/portal\/wp-json\/wp\/v2\/posts\/31625\/revisions\/31630"}],"wp:featuredmedia":[{"embeddable":true,"href":"https:\/\/apan.gob.mx\/portal\/wp-json\/wp\/v2\/media\/31626"}],"wp:attachment":[{"href":"https:\/\/apan.gob.mx\/portal\/wp-json\/wp\/v2\/media?parent=31625"}],"wp:term":[{"taxonomy":"category","embeddable":true,"href":"https:\/\/apan.gob.mx\/portal\/wp-json\/wp\/v2\/categories?post=31625"},{"taxonomy":"post_tag","embeddable":true,"href":"https:\/\/apan.gob.mx\/portal\/wp-json\/wp\/v2\/tags?post=31625"}],"curies":[{"name":"wp","href":"https:\/\/api.w.org\/{rel}","templated":true}]}}