{"id":31631,"date":"2025-09-16T09:46:41","date_gmt":"2025-09-16T15:46:41","guid":{"rendered":"https:\/\/apan.gob.mx\/portal\/?p=31631"},"modified":"2025-12-13T09:51:20","modified_gmt":"2025-12-13T15:51:20","slug":"musica-y-tradicion-marcaron-el-tercer-dia-de-la-feria-de-fiestas-patrias-2025","status":"publish","type":"post","link":"https:\/\/apan.gob.mx\/portal\/2025\/09\/16\/musica-y-tradicion-marcaron-el-tercer-dia-de-la-feria-de-fiestas-patrias-2025\/","title":{"rendered":"M\u00fasica y tradici\u00f3n marcaron el tercer d\u00eda de la Feria de Fiestas Patrias 2025"},"content":{"rendered":"\n<p>El tercer d\u00eda de la <strong>Feria de Fiestas Patrias Apan 2025<\/strong> se vivi\u00f3 en un ambiente de convivencia familiar, m\u00fasica y tradici\u00f3n. El escenario principal cont\u00f3 con la presentaci\u00f3n del <strong>Mariachi Femenil<\/strong>, que dio inicio a una velada llena de identidad y orgullo mexicano.<\/p>\n\n\n\n<div class=\"wp-block-columns is-layout-flex wp-container-core-columns-is-layout-28f84493 wp-block-columns-is-layout-flex\">\n<div class=\"wp-block-column is-layout-flow wp-block-column-is-layout-flow\">\n<figure class=\"wp-block-image size-large\"><img data-recalc-dims=\"1\" fetchpriority=\"high\" decoding=\"async\" width=\"1024\" height=\"537\" src=\"https:\/\/i0.wp.com\/apan.gob.mx\/portal\/wp-content\/uploads\/2025\/12\/547982126_122175009410523619_2243866823317183276_n.jpg?resize=1024%2C537&#038;ssl=1\" alt=\"\" class=\"wp-image-31633\" srcset=\"https:\/\/i0.wp.com\/apan.gob.mx\/portal\/wp-content\/uploads\/2025\/12\/547982126_122175009410523619_2243866823317183276_n.jpg?resize=1024%2C537&amp;ssl=1 1024w, https:\/\/i0.wp.com\/apan.gob.mx\/portal\/wp-content\/uploads\/2025\/12\/547982126_122175009410523619_2243866823317183276_n.jpg?resize=300%2C157&amp;ssl=1 300w, https:\/\/i0.wp.com\/apan.gob.mx\/portal\/wp-content\/uploads\/2025\/12\/547982126_122175009410523619_2243866823317183276_n.jpg?resize=768%2C402&amp;ssl=1 768w, https:\/\/i0.wp.com\/apan.gob.mx\/portal\/wp-content\/uploads\/2025\/12\/547982126_122175009410523619_2243866823317183276_n.jpg?resize=1536%2C805&amp;ssl=1 1536w, https:\/\/i0.wp.com\/apan.gob.mx\/portal\/wp-content\/uploads\/2025\/12\/547982126_122175009410523619_2243866823317183276_n.jpg?w=2048&amp;ssl=1 2048w\" sizes=\"(max-width: 1000px) 100vw, 1000px\" \/><\/figure>\n<\/div>\n<\/div>\n\n\n\n<p>La noche cerr\u00f3 con la participaci\u00f3n de <strong>Los del Puente Roto Caminantes<\/strong>, quienes interpretaron \u00e9xitos que permanecen vigentes en la memoria colectiva, logrando que las y los asistentes cantaran y recordaran momentos significativos.<\/p>\n\n\n\n<div class=\"wp-block-columns is-not-stacked-on-mobile is-layout-flex wp-container-core-columns-is-layout-28f84493 wp-block-columns-is-layout-flex\">\n<div class=\"wp-block-column is-layout-flow wp-block-column-is-layout-flow\">\n<figure class=\"wp-block-image size-large\"><img data-recalc-dims=\"1\" decoding=\"async\" width=\"1024\" height=\"683\" src=\"https:\/\/i0.wp.com\/apan.gob.mx\/portal\/wp-content\/uploads\/2025\/12\/547569937_122175008534523619_3366001991364059096_n.jpg?resize=1024%2C683&#038;ssl=1\" alt=\"\" class=\"wp-image-31634\" srcset=\"https:\/\/i0.wp.com\/apan.gob.mx\/portal\/wp-content\/uploads\/2025\/12\/547569937_122175008534523619_3366001991364059096_n.jpg?resize=1024%2C683&amp;ssl=1 1024w, https:\/\/i0.wp.com\/apan.gob.mx\/portal\/wp-content\/uploads\/2025\/12\/547569937_122175008534523619_3366001991364059096_n.jpg?resize=300%2C200&amp;ssl=1 300w, https:\/\/i0.wp.com\/apan.gob.mx\/portal\/wp-content\/uploads\/2025\/12\/547569937_122175008534523619_3366001991364059096_n.jpg?resize=768%2C512&amp;ssl=1 768w, https:\/\/i0.wp.com\/apan.gob.mx\/portal\/wp-content\/uploads\/2025\/12\/547569937_122175008534523619_3366001991364059096_n.jpg?resize=1536%2C1024&amp;ssl=1 1536w, https:\/\/i0.wp.com\/apan.gob.mx\/portal\/wp-content\/uploads\/2025\/12\/547569937_122175008534523619_3366001991364059096_n.jpg?w=2048&amp;ssl=1 2048w\" sizes=\"(max-width: 1000px) 100vw, 1000px\" \/><\/figure>\n<\/div>\n\n\n\n<div class=\"wp-block-column is-layout-flow wp-block-column-is-layout-flow\">\n<figure class=\"wp-block-image size-large\"><img data-recalc-dims=\"1\" decoding=\"async\" width=\"1024\" height=\"683\" src=\"https:\/\/i0.wp.com\/apan.gob.mx\/portal\/wp-content\/uploads\/2025\/12\/547952765_122175007958523619_4498402191955086874_n.jpg?resize=1024%2C683&#038;ssl=1\" alt=\"\" class=\"wp-image-31635\" srcset=\"https:\/\/i0.wp.com\/apan.gob.mx\/portal\/wp-content\/uploads\/2025\/12\/547952765_122175007958523619_4498402191955086874_n.jpg?resize=1024%2C683&amp;ssl=1 1024w, https:\/\/i0.wp.com\/apan.gob.mx\/portal\/wp-content\/uploads\/2025\/12\/547952765_122175007958523619_4498402191955086874_n.jpg?resize=300%2C200&amp;ssl=1 300w, https:\/\/i0.wp.com\/apan.gob.mx\/portal\/wp-content\/uploads\/2025\/12\/547952765_122175007958523619_4498402191955086874_n.jpg?resize=768%2C512&amp;ssl=1 768w, https:\/\/i0.wp.com\/apan.gob.mx\/portal\/wp-content\/uploads\/2025\/12\/547952765_122175007958523619_4498402191955086874_n.jpg?resize=1536%2C1024&amp;ssl=1 1536w, https:\/\/i0.wp.com\/apan.gob.mx\/portal\/wp-content\/uploads\/2025\/12\/547952765_122175007958523619_4498402191955086874_n.jpg?w=2048&amp;ssl=1 2048w\" sizes=\"(max-width: 1000px) 100vw, 1000px\" \/><\/figure>\n<\/div>\n<\/div>\n\n\n\n<p>Entre m\u00fasica, aplausos y baile, familias y amistades compartieron la alegr\u00eda de celebrar juntos las Fiestas Patrias. El Gobierno Municipal agradece la participaci\u00f3n de la ciudadan\u00eda e invita a continuar disfrutando de estas festividades con responsabilidad, respeto y entusiasmo.<\/p>\n","protected":false},"excerpt":{"rendered":"<p>El tercer d\u00eda de la Feria de Fiestas Patrias Apan 2025 se vivi\u00f3 en un ambiente de convivencia familiar, m\u00fasica y tradici\u00f3n. El escenario principal cont\u00f3 con la presentaci\u00f3n del Mariachi Femenil, que dio inicio a una velada llena de identidad y orgullo mexicano. La noche cerr\u00f3 con la participaci\u00f3n de Los del Puente Roto [&hellip;]<\/p>\n","protected":false},"author":4,"featured_media":31632,"comment_status":"closed","ping_status":"closed","sticky":false,"template":"","format":"standard","meta":{"_jetpack_memberships_contains_paid_content":false,"footnotes":""},"categories":[1],"tags":[],"class_list":["post-31631","post","type-post","status-publish","format-standard","has-post-thumbnail","hentry","category-uncategorized"],"jetpack_featured_media_url":"https:\/\/i0.wp.com\/apan.gob.mx\/portal\/wp-content\/uploads\/2025\/12\/547624971_122175007994523619_1895321375940275405_n.jpg?fit=2048%2C1086&ssl=1","jetpack_sharing_enabled":true,"_links":{"self":[{"href":"https:\/\/apan.gob.mx\/portal\/wp-json\/wp\/v2\/posts\/31631","targetHints":{"allow":["GET"]}}],"collection":[{"href":"https:\/\/apan.gob.mx\/portal\/wp-json\/wp\/v2\/posts"}],"about":[{"href":"https:\/\/apan.gob.mx\/portal\/wp-json\/wp\/v2\/types\/post"}],"author":[{"embeddable":true,"href":"https:\/\/apan.gob.mx\/portal\/wp-json\/wp\/v2\/users\/4"}],"replies":[{"embeddable":true,"href":"https:\/\/apan.gob.mx\/portal\/wp-json\/wp\/v2\/comments?post=31631"}],"version-history":[{"count":1,"href":"https:\/\/apan.gob.mx\/portal\/wp-json\/wp\/v2\/posts\/31631\/revisions"}],"predecessor-version":[{"id":31636,"href":"https:\/\/apan.gob.mx\/portal\/wp-json\/wp\/v2\/posts\/31631\/revisions\/31636"}],"wp:featuredmedia":[{"embeddable":true,"href":"https:\/\/apan.gob.mx\/portal\/wp-json\/wp\/v2\/media\/31632"}],"wp:attachment":[{"href":"https:\/\/apan.gob.mx\/portal\/wp-json\/wp\/v2\/media?parent=31631"}],"wp:term":[{"taxonomy":"category","embeddable":true,"href":"https:\/\/apan.gob.mx\/portal\/wp-json\/wp\/v2\/categories?post=31631"},{"taxonomy":"post_tag","embeddable":true,"href":"https:\/\/apan.gob.mx\/portal\/wp-json\/wp\/v2\/tags?post=31631"}],"curies":[{"name":"wp","href":"https:\/\/api.w.org\/{rel}","templated":true}]}}