{"id":31651,"date":"2025-09-16T10:01:41","date_gmt":"2025-09-16T16:01:41","guid":{"rendered":"https:\/\/apan.gob.mx\/portal\/?p=31651"},"modified":"2025-12-13T10:11:07","modified_gmt":"2025-12-13T16:11:07","slug":"conmemoracion-del-13-aniversario-de-la-escuela-superior-de-apan","status":"publish","type":"post","link":"https:\/\/apan.gob.mx\/portal\/2025\/09\/16\/conmemoracion-del-13-aniversario-de-la-escuela-superior-de-apan\/","title":{"rendered":"Conmemoraci\u00f3n del 13\u00b0 Aniversario de la Escuela Superior de Apan"},"content":{"rendered":"\n<p>La Presidenta Municipal, <strong>Dra. Mar\u00eda Zorayda Robles Barrera<\/strong>, asisti\u00f3 a la celebraci\u00f3n del <strong>13\u00b0 Aniversario de la Escuela Superior de Apan<\/strong>, instituci\u00f3n que se ha consolidado como un pilar en la formaci\u00f3n acad\u00e9mica y profesional de la regi\u00f3n.<\/p>\n\n\n\n<figure class=\"wp-block-image size-large\"><img data-recalc-dims=\"1\" fetchpriority=\"high\" decoding=\"async\" width=\"1024\" height=\"768\" src=\"https:\/\/i0.wp.com\/apan.gob.mx\/portal\/wp-content\/uploads\/2025\/12\/548804407_122175128690523619_989195836938308345_n.jpg?resize=1024%2C768&#038;ssl=1\" alt=\"\" class=\"wp-image-31653\" srcset=\"https:\/\/i0.wp.com\/apan.gob.mx\/portal\/wp-content\/uploads\/2025\/12\/548804407_122175128690523619_989195836938308345_n.jpg?resize=1024%2C768&amp;ssl=1 1024w, https:\/\/i0.wp.com\/apan.gob.mx\/portal\/wp-content\/uploads\/2025\/12\/548804407_122175128690523619_989195836938308345_n.jpg?resize=300%2C225&amp;ssl=1 300w, https:\/\/i0.wp.com\/apan.gob.mx\/portal\/wp-content\/uploads\/2025\/12\/548804407_122175128690523619_989195836938308345_n.jpg?resize=768%2C576&amp;ssl=1 768w, https:\/\/i0.wp.com\/apan.gob.mx\/portal\/wp-content\/uploads\/2025\/12\/548804407_122175128690523619_989195836938308345_n.jpg?w=1280&amp;ssl=1 1280w\" sizes=\"(max-width: 1000px) 100vw, 1000px\" \/><\/figure>\n\n\n\n<p>Durante el evento se cont\u00f3 con la presencia del <strong>Rector de la Universidad Aut\u00f3noma del Estado de Hidalgo, Dr. Octavio Castillo Acosta<\/strong>, as\u00ed como del <strong>Director del Instituto, Mtro. Enrique Espinosa Aquino<\/strong>, cuyo liderazgo y visi\u00f3n han fortalecido el compromiso educativo de la m\u00e1xima casa de estudios en Apan.<\/p>\n\n\n\n<p>El Gobierno Municipal reconoce y felicita a la comunidad universitaria por estos trece a\u00f1os de trabajo, logros y aprendizaje, que contribuyen al desarrollo y futuro de las y los j\u00f3venes del municipio.<\/p>\n\n\n\n<div class=\"wp-block-columns is-not-stacked-on-mobile is-layout-flex wp-container-core-columns-is-layout-28f84493 wp-block-columns-is-layout-flex\">\n<div class=\"wp-block-column is-layout-flow wp-block-column-is-layout-flow\">\n<figure class=\"wp-block-image size-large\"><img data-recalc-dims=\"1\" decoding=\"async\" width=\"1024\" height=\"768\" src=\"https:\/\/i0.wp.com\/apan.gob.mx\/portal\/wp-content\/uploads\/2025\/12\/548205870_122175125114523619_4639782263911517209_n.jpg?resize=1024%2C768&#038;ssl=1\" alt=\"\" class=\"wp-image-31654\" srcset=\"https:\/\/i0.wp.com\/apan.gob.mx\/portal\/wp-content\/uploads\/2025\/12\/548205870_122175125114523619_4639782263911517209_n.jpg?resize=1024%2C768&amp;ssl=1 1024w, https:\/\/i0.wp.com\/apan.gob.mx\/portal\/wp-content\/uploads\/2025\/12\/548205870_122175125114523619_4639782263911517209_n.jpg?resize=300%2C225&amp;ssl=1 300w, https:\/\/i0.wp.com\/apan.gob.mx\/portal\/wp-content\/uploads\/2025\/12\/548205870_122175125114523619_4639782263911517209_n.jpg?resize=768%2C576&amp;ssl=1 768w, https:\/\/i0.wp.com\/apan.gob.mx\/portal\/wp-content\/uploads\/2025\/12\/548205870_122175125114523619_4639782263911517209_n.jpg?w=1280&amp;ssl=1 1280w\" sizes=\"(max-width: 1000px) 100vw, 1000px\" \/><\/figure>\n<\/div>\n\n\n\n<div class=\"wp-block-column is-layout-flow wp-block-column-is-layout-flow\">\n<figure class=\"wp-block-image size-large\"><img data-recalc-dims=\"1\" decoding=\"async\" width=\"1024\" height=\"768\" src=\"https:\/\/i0.wp.com\/apan.gob.mx\/portal\/wp-content\/uploads\/2025\/12\/549654334_122175125102523619_6750366008153607468_n.jpg?resize=1024%2C768&#038;ssl=1\" alt=\"\" class=\"wp-image-31655\" srcset=\"https:\/\/i0.wp.com\/apan.gob.mx\/portal\/wp-content\/uploads\/2025\/12\/549654334_122175125102523619_6750366008153607468_n.jpg?resize=1024%2C768&amp;ssl=1 1024w, https:\/\/i0.wp.com\/apan.gob.mx\/portal\/wp-content\/uploads\/2025\/12\/549654334_122175125102523619_6750366008153607468_n.jpg?resize=300%2C225&amp;ssl=1 300w, https:\/\/i0.wp.com\/apan.gob.mx\/portal\/wp-content\/uploads\/2025\/12\/549654334_122175125102523619_6750366008153607468_n.jpg?resize=768%2C576&amp;ssl=1 768w, https:\/\/i0.wp.com\/apan.gob.mx\/portal\/wp-content\/uploads\/2025\/12\/549654334_122175125102523619_6750366008153607468_n.jpg?w=1280&amp;ssl=1 1280w\" sizes=\"(max-width: 1000px) 100vw, 1000px\" \/><\/figure>\n<\/div>\n<\/div>\n\n\n\n<p><\/p>\n","protected":false},"excerpt":{"rendered":"<p>La Presidenta Municipal, Dra. Mar\u00eda Zorayda Robles Barrera, asisti\u00f3 a la celebraci\u00f3n del 13\u00b0 Aniversario de la Escuela Superior de Apan, instituci\u00f3n que se ha consolidado como un pilar en la formaci\u00f3n acad\u00e9mica y profesional de la regi\u00f3n. Durante el evento se cont\u00f3 con la presencia del Rector de la Universidad Aut\u00f3noma del Estado de [&hellip;]<\/p>\n","protected":false},"author":4,"featured_media":31652,"comment_status":"closed","ping_status":"closed","sticky":false,"template":"","format":"standard","meta":{"_jetpack_memberships_contains_paid_content":false,"footnotes":""},"categories":[1],"tags":[],"class_list":["post-31651","post","type-post","status-publish","format-standard","has-post-thumbnail","hentry","category-uncategorized"],"jetpack_featured_media_url":"https:\/\/i0.wp.com\/apan.gob.mx\/portal\/wp-content\/uploads\/2025\/12\/547943292_122175125168523619_1828509902562096873_n.jpg?fit=1280%2C960&ssl=1","jetpack_sharing_enabled":true,"_links":{"self":[{"href":"https:\/\/apan.gob.mx\/portal\/wp-json\/wp\/v2\/posts\/31651","targetHints":{"allow":["GET"]}}],"collection":[{"href":"https:\/\/apan.gob.mx\/portal\/wp-json\/wp\/v2\/posts"}],"about":[{"href":"https:\/\/apan.gob.mx\/portal\/wp-json\/wp\/v2\/types\/post"}],"author":[{"embeddable":true,"href":"https:\/\/apan.gob.mx\/portal\/wp-json\/wp\/v2\/users\/4"}],"replies":[{"embeddable":true,"href":"https:\/\/apan.gob.mx\/portal\/wp-json\/wp\/v2\/comments?post=31651"}],"version-history":[{"count":1,"href":"https:\/\/apan.gob.mx\/portal\/wp-json\/wp\/v2\/posts\/31651\/revisions"}],"predecessor-version":[{"id":31656,"href":"https:\/\/apan.gob.mx\/portal\/wp-json\/wp\/v2\/posts\/31651\/revisions\/31656"}],"wp:featuredmedia":[{"embeddable":true,"href":"https:\/\/apan.gob.mx\/portal\/wp-json\/wp\/v2\/media\/31652"}],"wp:attachment":[{"href":"https:\/\/apan.gob.mx\/portal\/wp-json\/wp\/v2\/media?parent=31651"}],"wp:term":[{"taxonomy":"category","embeddable":true,"href":"https:\/\/apan.gob.mx\/portal\/wp-json\/wp\/v2\/categories?post=31651"},{"taxonomy":"post_tag","embeddable":true,"href":"https:\/\/apan.gob.mx\/portal\/wp-json\/wp\/v2\/tags?post=31651"}],"curies":[{"name":"wp","href":"https:\/\/api.w.org\/{rel}","templated":true}]}}