{"id":31657,"date":"2025-09-17T10:11:09","date_gmt":"2025-09-17T16:11:09","guid":{"rendered":"https:\/\/apan.gob.mx\/portal\/?p=31657"},"modified":"2025-12-13T10:20:09","modified_gmt":"2025-12-13T16:20:09","slug":"cultura-y-tradicion-protagonizan-el-cuarto-dia-de-la-feria-de-fiestas-patrias-2025","status":"publish","type":"post","link":"https:\/\/apan.gob.mx\/portal\/2025\/09\/17\/cultura-y-tradicion-protagonizan-el-cuarto-dia-de-la-feria-de-fiestas-patrias-2025\/","title":{"rendered":"Cultura y tradici\u00f3n protagonizan el cuarto d\u00eda de la Feria de Fiestas Patrias 2025"},"content":{"rendered":"\n<p>El cuarto d\u00eda de la <strong>Feria de Fiestas Patrias Apan 2025<\/strong> se vivi\u00f3 con un ambiente lleno de identidad y tradici\u00f3n, donde la <strong>Lucha Libre<\/strong> fue la protagonista de la jornada, reuniendo a ni\u00f1as, ni\u00f1os y personas adultas en un espect\u00e1culo que forma parte del patrimonio cultural de M\u00e9xico.<\/p>\n\n\n\n<div class=\"wp-block-columns is-not-stacked-on-mobile is-layout-flex wp-container-core-columns-is-layout-28f84493 wp-block-columns-is-layout-flex\">\n<div class=\"wp-block-column is-layout-flow wp-block-column-is-layout-flow\">\n<figure class=\"wp-block-image size-large\"><img data-recalc-dims=\"1\" fetchpriority=\"high\" decoding=\"async\" width=\"1024\" height=\"683\" src=\"https:\/\/i0.wp.com\/apan.gob.mx\/portal\/wp-content\/uploads\/2025\/12\/548018123_122175168440523619_2619036855904841921_n.jpg?resize=1024%2C683&#038;ssl=1\" alt=\"\" class=\"wp-image-31659\" srcset=\"https:\/\/i0.wp.com\/apan.gob.mx\/portal\/wp-content\/uploads\/2025\/12\/548018123_122175168440523619_2619036855904841921_n.jpg?resize=1024%2C683&amp;ssl=1 1024w, https:\/\/i0.wp.com\/apan.gob.mx\/portal\/wp-content\/uploads\/2025\/12\/548018123_122175168440523619_2619036855904841921_n.jpg?resize=300%2C200&amp;ssl=1 300w, https:\/\/i0.wp.com\/apan.gob.mx\/portal\/wp-content\/uploads\/2025\/12\/548018123_122175168440523619_2619036855904841921_n.jpg?resize=768%2C512&amp;ssl=1 768w, https:\/\/i0.wp.com\/apan.gob.mx\/portal\/wp-content\/uploads\/2025\/12\/548018123_122175168440523619_2619036855904841921_n.jpg?resize=1536%2C1024&amp;ssl=1 1536w, https:\/\/i0.wp.com\/apan.gob.mx\/portal\/wp-content\/uploads\/2025\/12\/548018123_122175168440523619_2619036855904841921_n.jpg?w=2048&amp;ssl=1 2048w\" sizes=\"(max-width: 1000px) 100vw, 1000px\" \/><\/figure>\n<\/div>\n\n\n\n<div class=\"wp-block-column is-layout-flow wp-block-column-is-layout-flow\">\n<figure class=\"wp-block-image size-large\"><img data-recalc-dims=\"1\" decoding=\"async\" width=\"1024\" height=\"683\" src=\"https:\/\/i0.wp.com\/apan.gob.mx\/portal\/wp-content\/uploads\/2025\/12\/548173400_122175167990523619_7403118989571384864_n.jpg?resize=1024%2C683&#038;ssl=1\" alt=\"\" class=\"wp-image-31660\" srcset=\"https:\/\/i0.wp.com\/apan.gob.mx\/portal\/wp-content\/uploads\/2025\/12\/548173400_122175167990523619_7403118989571384864_n.jpg?resize=1024%2C683&amp;ssl=1 1024w, https:\/\/i0.wp.com\/apan.gob.mx\/portal\/wp-content\/uploads\/2025\/12\/548173400_122175167990523619_7403118989571384864_n.jpg?resize=300%2C200&amp;ssl=1 300w, https:\/\/i0.wp.com\/apan.gob.mx\/portal\/wp-content\/uploads\/2025\/12\/548173400_122175167990523619_7403118989571384864_n.jpg?resize=768%2C512&amp;ssl=1 768w, https:\/\/i0.wp.com\/apan.gob.mx\/portal\/wp-content\/uploads\/2025\/12\/548173400_122175167990523619_7403118989571384864_n.jpg?resize=1536%2C1024&amp;ssl=1 1536w, https:\/\/i0.wp.com\/apan.gob.mx\/portal\/wp-content\/uploads\/2025\/12\/548173400_122175167990523619_7403118989571384864_n.jpg?w=2048&amp;ssl=1 2048w\" sizes=\"(max-width: 1000px) 100vw, 1000px\" \/><\/figure>\n<\/div>\n<\/div>\n\n\n\n<p>Con sus m\u00e1scaras, llaves y energ\u00eda caracter\u00edstica, la Lucha Libre represent\u00f3 la pasi\u00f3n, la historia y el esp\u00edritu de lucha del pueblo mexicano, un s\u00edmbolo reconocido a nivel nacional e internacional que contin\u00faa uniendo a generaciones.<\/p>\n\n\n\n<p>El Gobierno Municipal agradece a todas y todos los asistentes que participaron en esta experiencia llena de emoci\u00f3n, convivencia familiar y orgullo cultural.<\/p>\n\n\n\n<p>La invitaci\u00f3n permanece abierta para seguir disfrutando de los pr\u00f3ximos d\u00edas de la Feria de Fiestas Patrias Apan 2025, con m\u00e1s actividades para toda la familia.<\/p>\n\n\n\n<div class=\"wp-block-columns is-not-stacked-on-mobile is-layout-flex wp-container-core-columns-is-layout-28f84493 wp-block-columns-is-layout-flex\">\n<div class=\"wp-block-column is-layout-flow wp-block-column-is-layout-flow\">\n<figure class=\"wp-block-image size-large\"><img data-recalc-dims=\"1\" decoding=\"async\" width=\"1024\" height=\"683\" src=\"https:\/\/i0.wp.com\/apan.gob.mx\/portal\/wp-content\/uploads\/2025\/12\/549786823_122175168794523619_406678483217733266_n.jpg?resize=1024%2C683&#038;ssl=1\" alt=\"\" class=\"wp-image-31661\" srcset=\"https:\/\/i0.wp.com\/apan.gob.mx\/portal\/wp-content\/uploads\/2025\/12\/549786823_122175168794523619_406678483217733266_n.jpg?resize=1024%2C683&amp;ssl=1 1024w, https:\/\/i0.wp.com\/apan.gob.mx\/portal\/wp-content\/uploads\/2025\/12\/549786823_122175168794523619_406678483217733266_n.jpg?resize=300%2C200&amp;ssl=1 300w, https:\/\/i0.wp.com\/apan.gob.mx\/portal\/wp-content\/uploads\/2025\/12\/549786823_122175168794523619_406678483217733266_n.jpg?resize=768%2C512&amp;ssl=1 768w, https:\/\/i0.wp.com\/apan.gob.mx\/portal\/wp-content\/uploads\/2025\/12\/549786823_122175168794523619_406678483217733266_n.jpg?resize=1536%2C1024&amp;ssl=1 1536w, https:\/\/i0.wp.com\/apan.gob.mx\/portal\/wp-content\/uploads\/2025\/12\/549786823_122175168794523619_406678483217733266_n.jpg?w=2048&amp;ssl=1 2048w\" sizes=\"(max-width: 1000px) 100vw, 1000px\" \/><\/figure>\n<\/div>\n\n\n\n<div class=\"wp-block-column is-layout-flow wp-block-column-is-layout-flow\">\n<figure class=\"wp-block-image size-large\"><img data-recalc-dims=\"1\" loading=\"lazy\" decoding=\"async\" width=\"1024\" height=\"683\" src=\"https:\/\/i0.wp.com\/apan.gob.mx\/portal\/wp-content\/uploads\/2025\/12\/548163737_122175168020523619_4704407038436370829_n.jpg?resize=1024%2C683&#038;ssl=1\" alt=\"\" class=\"wp-image-31662\" srcset=\"https:\/\/i0.wp.com\/apan.gob.mx\/portal\/wp-content\/uploads\/2025\/12\/548163737_122175168020523619_4704407038436370829_n.jpg?resize=1024%2C683&amp;ssl=1 1024w, https:\/\/i0.wp.com\/apan.gob.mx\/portal\/wp-content\/uploads\/2025\/12\/548163737_122175168020523619_4704407038436370829_n.jpg?resize=300%2C200&amp;ssl=1 300w, https:\/\/i0.wp.com\/apan.gob.mx\/portal\/wp-content\/uploads\/2025\/12\/548163737_122175168020523619_4704407038436370829_n.jpg?resize=768%2C512&amp;ssl=1 768w, https:\/\/i0.wp.com\/apan.gob.mx\/portal\/wp-content\/uploads\/2025\/12\/548163737_122175168020523619_4704407038436370829_n.jpg?resize=1536%2C1024&amp;ssl=1 1536w, https:\/\/i0.wp.com\/apan.gob.mx\/portal\/wp-content\/uploads\/2025\/12\/548163737_122175168020523619_4704407038436370829_n.jpg?w=2048&amp;ssl=1 2048w\" sizes=\"(max-width: 1000px) 100vw, 1000px\" \/><\/figure>\n<\/div>\n<\/div>\n","protected":false},"excerpt":{"rendered":"<p>El cuarto d\u00eda de la Feria de Fiestas Patrias Apan 2025 se vivi\u00f3 con un ambiente lleno de identidad y tradici\u00f3n, donde la Lucha Libre fue la protagonista de la jornada, reuniendo a ni\u00f1as, ni\u00f1os y personas adultas en un espect\u00e1culo que forma parte del patrimonio cultural de M\u00e9xico. Con sus m\u00e1scaras, llaves y energ\u00eda [&hellip;]<\/p>\n","protected":false},"author":4,"featured_media":31658,"comment_status":"closed","ping_status":"closed","sticky":false,"template":"","format":"standard","meta":{"_jetpack_memberships_contains_paid_content":false,"footnotes":""},"categories":[1],"tags":[],"class_list":["post-31657","post","type-post","status-publish","format-standard","has-post-thumbnail","hentry","category-uncategorized"],"jetpack_featured_media_url":"https:\/\/i0.wp.com\/apan.gob.mx\/portal\/wp-content\/uploads\/2025\/12\/548805448_122175167660523619_3916832834361245908_n.jpg?fit=2048%2C1365&ssl=1","jetpack_sharing_enabled":true,"_links":{"self":[{"href":"https:\/\/apan.gob.mx\/portal\/wp-json\/wp\/v2\/posts\/31657","targetHints":{"allow":["GET"]}}],"collection":[{"href":"https:\/\/apan.gob.mx\/portal\/wp-json\/wp\/v2\/posts"}],"about":[{"href":"https:\/\/apan.gob.mx\/portal\/wp-json\/wp\/v2\/types\/post"}],"author":[{"embeddable":true,"href":"https:\/\/apan.gob.mx\/portal\/wp-json\/wp\/v2\/users\/4"}],"replies":[{"embeddable":true,"href":"https:\/\/apan.gob.mx\/portal\/wp-json\/wp\/v2\/comments?post=31657"}],"version-history":[{"count":1,"href":"https:\/\/apan.gob.mx\/portal\/wp-json\/wp\/v2\/posts\/31657\/revisions"}],"predecessor-version":[{"id":31663,"href":"https:\/\/apan.gob.mx\/portal\/wp-json\/wp\/v2\/posts\/31657\/revisions\/31663"}],"wp:featuredmedia":[{"embeddable":true,"href":"https:\/\/apan.gob.mx\/portal\/wp-json\/wp\/v2\/media\/31658"}],"wp:attachment":[{"href":"https:\/\/apan.gob.mx\/portal\/wp-json\/wp\/v2\/media?parent=31657"}],"wp:term":[{"taxonomy":"category","embeddable":true,"href":"https:\/\/apan.gob.mx\/portal\/wp-json\/wp\/v2\/categories?post=31657"},{"taxonomy":"post_tag","embeddable":true,"href":"https:\/\/apan.gob.mx\/portal\/wp-json\/wp\/v2\/tags?post=31657"}],"curies":[{"name":"wp","href":"https:\/\/api.w.org\/{rel}","templated":true}]}}