{"id":31664,"date":"2025-09-18T10:20:09","date_gmt":"2025-09-18T16:20:09","guid":{"rendered":"https:\/\/apan.gob.mx\/portal\/?p=31664"},"modified":"2025-12-13T10:24:38","modified_gmt":"2025-12-13T16:24:38","slug":"tradicion-y-musica-llenan-el-quinto-dia-de-la-feria-de-fiestas-patrias-2025","status":"publish","type":"post","link":"https:\/\/apan.gob.mx\/portal\/2025\/09\/18\/tradicion-y-musica-llenan-el-quinto-dia-de-la-feria-de-fiestas-patrias-2025\/","title":{"rendered":"Tradici\u00f3n y m\u00fasica llenan el quinto d\u00eda de la Feria de Fiestas Patrias 2025"},"content":{"rendered":"\n<p>La <strong>Feria de Fiestas Patrias Apan 2025<\/strong> continu\u00f3 con gran entusiasmo durante su quinto d\u00eda, donde el <strong>Foro del Pueblo<\/strong> fue escenario de expresiones culturales y musicales que fortalecen la identidad y la convivencia familiar.<\/p>\n\n\n\n<p>La jornada inici\u00f3 con la presentaci\u00f3n del <strong>Ballet Infantil Mitoti Quetzalli<\/strong>, cuyos integrantes deleitaron al p\u00fablico con bailes t\u00edpicos que representan la esencia y riqueza cultural de M\u00e9xico.<\/p>\n\n\n\n<div class=\"wp-block-columns is-not-stacked-on-mobile is-layout-flex wp-container-core-columns-is-layout-28f84493 wp-block-columns-is-layout-flex\">\n<div class=\"wp-block-column is-layout-flow wp-block-column-is-layout-flow\">\n<figure class=\"wp-block-image size-large\"><img data-recalc-dims=\"1\" fetchpriority=\"high\" decoding=\"async\" width=\"1024\" height=\"683\" src=\"https:\/\/i0.wp.com\/apan.gob.mx\/portal\/wp-content\/uploads\/2025\/12\/549256114_122175317060523619_7520314042557873742_n.jpg?resize=1024%2C683&#038;ssl=1\" alt=\"\" class=\"wp-image-31666\" srcset=\"https:\/\/i0.wp.com\/apan.gob.mx\/portal\/wp-content\/uploads\/2025\/12\/549256114_122175317060523619_7520314042557873742_n.jpg?resize=1024%2C683&amp;ssl=1 1024w, https:\/\/i0.wp.com\/apan.gob.mx\/portal\/wp-content\/uploads\/2025\/12\/549256114_122175317060523619_7520314042557873742_n.jpg?resize=300%2C200&amp;ssl=1 300w, https:\/\/i0.wp.com\/apan.gob.mx\/portal\/wp-content\/uploads\/2025\/12\/549256114_122175317060523619_7520314042557873742_n.jpg?resize=768%2C512&amp;ssl=1 768w, https:\/\/i0.wp.com\/apan.gob.mx\/portal\/wp-content\/uploads\/2025\/12\/549256114_122175317060523619_7520314042557873742_n.jpg?resize=1536%2C1024&amp;ssl=1 1536w, https:\/\/i0.wp.com\/apan.gob.mx\/portal\/wp-content\/uploads\/2025\/12\/549256114_122175317060523619_7520314042557873742_n.jpg?w=2048&amp;ssl=1 2048w\" sizes=\"(max-width: 1000px) 100vw, 1000px\" \/><\/figure>\n<\/div>\n\n\n\n<div class=\"wp-block-column is-layout-flow wp-block-column-is-layout-flow\">\n<figure class=\"wp-block-image size-large\"><img data-recalc-dims=\"1\" decoding=\"async\" width=\"1024\" height=\"683\" src=\"https:\/\/i0.wp.com\/apan.gob.mx\/portal\/wp-content\/uploads\/2025\/12\/548295856_122175316886523619_8183987561846414222_n.jpg?resize=1024%2C683&#038;ssl=1\" alt=\"\" class=\"wp-image-31667\" srcset=\"https:\/\/i0.wp.com\/apan.gob.mx\/portal\/wp-content\/uploads\/2025\/12\/548295856_122175316886523619_8183987561846414222_n.jpg?resize=1024%2C683&amp;ssl=1 1024w, https:\/\/i0.wp.com\/apan.gob.mx\/portal\/wp-content\/uploads\/2025\/12\/548295856_122175316886523619_8183987561846414222_n.jpg?resize=300%2C200&amp;ssl=1 300w, https:\/\/i0.wp.com\/apan.gob.mx\/portal\/wp-content\/uploads\/2025\/12\/548295856_122175316886523619_8183987561846414222_n.jpg?resize=768%2C512&amp;ssl=1 768w, https:\/\/i0.wp.com\/apan.gob.mx\/portal\/wp-content\/uploads\/2025\/12\/548295856_122175316886523619_8183987561846414222_n.jpg?resize=1536%2C1024&amp;ssl=1 1536w, https:\/\/i0.wp.com\/apan.gob.mx\/portal\/wp-content\/uploads\/2025\/12\/548295856_122175316886523619_8183987561846414222_n.jpg?w=2048&amp;ssl=1 2048w\" sizes=\"(max-width: 1000px) 100vw, 1000px\" \/><\/figure>\n<\/div>\n<\/div>\n\n\n\n<p><\/p>\n\n\n\n<p>Para cerrar la noche, se cont\u00f3 con la participaci\u00f3n de <strong>Sonido Fania 97<\/strong>, agrupaci\u00f3n con m\u00e1s de tres d\u00e9cadas de trayectoria, reconocida por su estilo sonidero y por generar un ambiente festivo que invit\u00f3 a las y los asistentes a disfrutar y bailar.<\/p>\n\n\n\n<div class=\"wp-block-columns is-not-stacked-on-mobile is-layout-flex wp-container-core-columns-is-layout-28f84493 wp-block-columns-is-layout-flex\">\n<div class=\"wp-block-column is-layout-flow wp-block-column-is-layout-flow\">\n<figure class=\"wp-block-image size-large\"><img data-recalc-dims=\"1\" decoding=\"async\" width=\"1024\" height=\"683\" src=\"https:\/\/i0.wp.com\/apan.gob.mx\/portal\/wp-content\/uploads\/2025\/12\/548863057_122175316994523619_2587760620898487420_n.jpg?resize=1024%2C683&#038;ssl=1\" alt=\"\" class=\"wp-image-31668\" srcset=\"https:\/\/i0.wp.com\/apan.gob.mx\/portal\/wp-content\/uploads\/2025\/12\/548863057_122175316994523619_2587760620898487420_n.jpg?resize=1024%2C683&amp;ssl=1 1024w, https:\/\/i0.wp.com\/apan.gob.mx\/portal\/wp-content\/uploads\/2025\/12\/548863057_122175316994523619_2587760620898487420_n.jpg?resize=300%2C200&amp;ssl=1 300w, https:\/\/i0.wp.com\/apan.gob.mx\/portal\/wp-content\/uploads\/2025\/12\/548863057_122175316994523619_2587760620898487420_n.jpg?resize=768%2C512&amp;ssl=1 768w, https:\/\/i0.wp.com\/apan.gob.mx\/portal\/wp-content\/uploads\/2025\/12\/548863057_122175316994523619_2587760620898487420_n.jpg?resize=1536%2C1024&amp;ssl=1 1536w, https:\/\/i0.wp.com\/apan.gob.mx\/portal\/wp-content\/uploads\/2025\/12\/548863057_122175316994523619_2587760620898487420_n.jpg?w=2048&amp;ssl=1 2048w\" sizes=\"(max-width: 1000px) 100vw, 1000px\" \/><\/figure>\n<\/div>\n\n\n\n<div class=\"wp-block-column is-layout-flow wp-block-column-is-layout-flow\">\n<figure class=\"wp-block-image size-large\"><img data-recalc-dims=\"1\" loading=\"lazy\" decoding=\"async\" width=\"1024\" height=\"683\" src=\"https:\/\/i0.wp.com\/apan.gob.mx\/portal\/wp-content\/uploads\/2025\/12\/548196765_122175317180523619_5201079995576439152_n.jpg?resize=1024%2C683&#038;ssl=1\" alt=\"\" class=\"wp-image-31669\" srcset=\"https:\/\/i0.wp.com\/apan.gob.mx\/portal\/wp-content\/uploads\/2025\/12\/548196765_122175317180523619_5201079995576439152_n.jpg?resize=1024%2C683&amp;ssl=1 1024w, https:\/\/i0.wp.com\/apan.gob.mx\/portal\/wp-content\/uploads\/2025\/12\/548196765_122175317180523619_5201079995576439152_n.jpg?resize=300%2C200&amp;ssl=1 300w, https:\/\/i0.wp.com\/apan.gob.mx\/portal\/wp-content\/uploads\/2025\/12\/548196765_122175317180523619_5201079995576439152_n.jpg?resize=768%2C512&amp;ssl=1 768w, https:\/\/i0.wp.com\/apan.gob.mx\/portal\/wp-content\/uploads\/2025\/12\/548196765_122175317180523619_5201079995576439152_n.jpg?resize=1536%2C1024&amp;ssl=1 1536w, https:\/\/i0.wp.com\/apan.gob.mx\/portal\/wp-content\/uploads\/2025\/12\/548196765_122175317180523619_5201079995576439152_n.jpg?w=2048&amp;ssl=1 2048w\" sizes=\"(max-width: 1000px) 100vw, 1000px\" \/><\/figure>\n<\/div>\n<\/div>\n\n\n\n<p><\/p>\n","protected":false},"excerpt":{"rendered":"<p>La Feria de Fiestas Patrias Apan 2025 continu\u00f3 con gran entusiasmo durante su quinto d\u00eda, donde el Foro del Pueblo fue escenario de expresiones culturales y musicales que fortalecen la identidad y la convivencia familiar. La jornada inici\u00f3 con la presentaci\u00f3n del Ballet Infantil Mitoti Quetzalli, cuyos integrantes deleitaron al p\u00fablico con bailes t\u00edpicos que [&hellip;]<\/p>\n","protected":false},"author":4,"featured_media":31665,"comment_status":"closed","ping_status":"closed","sticky":false,"template":"","format":"standard","meta":{"_jetpack_memberships_contains_paid_content":false,"footnotes":""},"categories":[1],"tags":[],"class_list":["post-31664","post","type-post","status-publish","format-standard","has-post-thumbnail","hentry","category-uncategorized"],"jetpack_featured_media_url":"https:\/\/i0.wp.com\/apan.gob.mx\/portal\/wp-content\/uploads\/2025\/12\/548299100_122175317288523619_8410308598117401487_n.jpg?fit=2048%2C1365&ssl=1","jetpack_sharing_enabled":true,"_links":{"self":[{"href":"https:\/\/apan.gob.mx\/portal\/wp-json\/wp\/v2\/posts\/31664","targetHints":{"allow":["GET"]}}],"collection":[{"href":"https:\/\/apan.gob.mx\/portal\/wp-json\/wp\/v2\/posts"}],"about":[{"href":"https:\/\/apan.gob.mx\/portal\/wp-json\/wp\/v2\/types\/post"}],"author":[{"embeddable":true,"href":"https:\/\/apan.gob.mx\/portal\/wp-json\/wp\/v2\/users\/4"}],"replies":[{"embeddable":true,"href":"https:\/\/apan.gob.mx\/portal\/wp-json\/wp\/v2\/comments?post=31664"}],"version-history":[{"count":1,"href":"https:\/\/apan.gob.mx\/portal\/wp-json\/wp\/v2\/posts\/31664\/revisions"}],"predecessor-version":[{"id":31670,"href":"https:\/\/apan.gob.mx\/portal\/wp-json\/wp\/v2\/posts\/31664\/revisions\/31670"}],"wp:featuredmedia":[{"embeddable":true,"href":"https:\/\/apan.gob.mx\/portal\/wp-json\/wp\/v2\/media\/31665"}],"wp:attachment":[{"href":"https:\/\/apan.gob.mx\/portal\/wp-json\/wp\/v2\/media?parent=31664"}],"wp:term":[{"taxonomy":"category","embeddable":true,"href":"https:\/\/apan.gob.mx\/portal\/wp-json\/wp\/v2\/categories?post=31664"},{"taxonomy":"post_tag","embeddable":true,"href":"https:\/\/apan.gob.mx\/portal\/wp-json\/wp\/v2\/tags?post=31664"}],"curies":[{"name":"wp","href":"https:\/\/api.w.org\/{rel}","templated":true}]}}