{"id":31671,"date":"2025-09-19T10:24:40","date_gmt":"2025-09-19T16:24:40","guid":{"rendered":"https:\/\/apan.gob.mx\/portal\/?p=31671"},"modified":"2025-12-13T10:31:26","modified_gmt":"2025-12-13T16:31:26","slug":"musica-y-emocion-en-el-sexto-dia-de-la-feria-de-fiestas-patrias-2025","status":"publish","type":"post","link":"https:\/\/apan.gob.mx\/portal\/2025\/09\/19\/musica-y-emocion-en-el-sexto-dia-de-la-feria-de-fiestas-patrias-2025\/","title":{"rendered":"M\u00fasica y emoci\u00f3n en el sexto d\u00eda de la Feria de Fiestas Patrias 2025"},"content":{"rendered":"\n<p>El sexto d\u00eda de la <strong>Feria de Fiestas Patrias Apan 2025<\/strong> se vivi\u00f3 con gran entusiasmo y una amplia asistencia en la explanada del Jard\u00edn Municipal, donde familias completas disfrutaron de una velada llena de m\u00fasica y recuerdos.<\/p>\n\n\n\n<p>La presentaci\u00f3n estelar estuvo a cargo de <strong>Jorge Dom\u00ednguez &amp; S\u00faper Class<\/strong>, agrupaci\u00f3n con m\u00e1s de 40 a\u00f1os de trayectoria, cuya actuaci\u00f3n hizo cantar y emocionar a las y los asistentes con \u00e9xitos que han marcado a distintas generaciones, consolidando una noche memorable.<\/p>\n\n\n\n<div class=\"wp-block-columns is-layout-flex wp-container-core-columns-is-layout-28f84493 wp-block-columns-is-layout-flex\">\n<div class=\"wp-block-column is-layout-flow wp-block-column-is-layout-flow\">\n<figure class=\"wp-block-image size-large\"><img data-recalc-dims=\"1\" fetchpriority=\"high\" decoding=\"async\" width=\"1024\" height=\"683\" src=\"https:\/\/i0.wp.com\/apan.gob.mx\/portal\/wp-content\/uploads\/2025\/12\/548325269_122175467660523619_6180525727741576817_n.jpg?resize=1024%2C683&#038;ssl=1\" alt=\"\" class=\"wp-image-31674\" srcset=\"https:\/\/i0.wp.com\/apan.gob.mx\/portal\/wp-content\/uploads\/2025\/12\/548325269_122175467660523619_6180525727741576817_n.jpg?resize=1024%2C683&amp;ssl=1 1024w, https:\/\/i0.wp.com\/apan.gob.mx\/portal\/wp-content\/uploads\/2025\/12\/548325269_122175467660523619_6180525727741576817_n.jpg?resize=300%2C200&amp;ssl=1 300w, https:\/\/i0.wp.com\/apan.gob.mx\/portal\/wp-content\/uploads\/2025\/12\/548325269_122175467660523619_6180525727741576817_n.jpg?resize=768%2C512&amp;ssl=1 768w, https:\/\/i0.wp.com\/apan.gob.mx\/portal\/wp-content\/uploads\/2025\/12\/548325269_122175467660523619_6180525727741576817_n.jpg?resize=1536%2C1024&amp;ssl=1 1536w, https:\/\/i0.wp.com\/apan.gob.mx\/portal\/wp-content\/uploads\/2025\/12\/548325269_122175467660523619_6180525727741576817_n.jpg?w=2048&amp;ssl=1 2048w\" sizes=\"(max-width: 1000px) 100vw, 1000px\" \/><\/figure>\n<\/div>\n\n\n\n<div class=\"wp-block-column is-layout-flow wp-block-column-is-layout-flow\">\n<figure class=\"wp-block-image size-large\"><img data-recalc-dims=\"1\" decoding=\"async\" width=\"1024\" height=\"683\" src=\"https:\/\/i0.wp.com\/apan.gob.mx\/portal\/wp-content\/uploads\/2025\/12\/549456150_122175467720523619_5600831225657002579_n.jpg?resize=1024%2C683&#038;ssl=1\" alt=\"\" class=\"wp-image-31675\" srcset=\"https:\/\/i0.wp.com\/apan.gob.mx\/portal\/wp-content\/uploads\/2025\/12\/549456150_122175467720523619_5600831225657002579_n.jpg?resize=1024%2C683&amp;ssl=1 1024w, https:\/\/i0.wp.com\/apan.gob.mx\/portal\/wp-content\/uploads\/2025\/12\/549456150_122175467720523619_5600831225657002579_n.jpg?resize=300%2C200&amp;ssl=1 300w, https:\/\/i0.wp.com\/apan.gob.mx\/portal\/wp-content\/uploads\/2025\/12\/549456150_122175467720523619_5600831225657002579_n.jpg?resize=768%2C512&amp;ssl=1 768w, https:\/\/i0.wp.com\/apan.gob.mx\/portal\/wp-content\/uploads\/2025\/12\/549456150_122175467720523619_5600831225657002579_n.jpg?resize=1536%2C1024&amp;ssl=1 1536w, https:\/\/i0.wp.com\/apan.gob.mx\/portal\/wp-content\/uploads\/2025\/12\/549456150_122175467720523619_5600831225657002579_n.jpg?w=2048&amp;ssl=1 2048w\" sizes=\"(max-width: 1000px) 100vw, 1000px\" \/><\/figure>\n<\/div>\n<\/div>\n\n\n\n<p>Previo a este espect\u00e1culo, la <strong>Rondalla Luna de Plata del CBTa 152<\/strong> ofreci\u00f3 una presentaci\u00f3n que cautiv\u00f3 al p\u00fablico con su estilo, creando un ambiente propicio para una noche especial.<\/p>\n\n\n\n<div class=\"wp-block-columns is-not-stacked-on-mobile is-layout-flex wp-container-core-columns-is-layout-28f84493 wp-block-columns-is-layout-flex\">\n<div class=\"wp-block-column is-layout-flow wp-block-column-is-layout-flow\">\n<figure class=\"wp-block-image size-large\"><img data-recalc-dims=\"1\" decoding=\"async\" width=\"1024\" height=\"768\" src=\"https:\/\/i0.wp.com\/apan.gob.mx\/portal\/wp-content\/uploads\/2025\/12\/550217483_122175481262523619_1159822084984069320_n-1.jpg?resize=1024%2C768&#038;ssl=1\" alt=\"\" class=\"wp-image-31678\" srcset=\"https:\/\/i0.wp.com\/apan.gob.mx\/portal\/wp-content\/uploads\/2025\/12\/550217483_122175481262523619_1159822084984069320_n-1.jpg?resize=1024%2C768&amp;ssl=1 1024w, https:\/\/i0.wp.com\/apan.gob.mx\/portal\/wp-content\/uploads\/2025\/12\/550217483_122175481262523619_1159822084984069320_n-1.jpg?resize=300%2C225&amp;ssl=1 300w, https:\/\/i0.wp.com\/apan.gob.mx\/portal\/wp-content\/uploads\/2025\/12\/550217483_122175481262523619_1159822084984069320_n-1.jpg?resize=768%2C576&amp;ssl=1 768w, https:\/\/i0.wp.com\/apan.gob.mx\/portal\/wp-content\/uploads\/2025\/12\/550217483_122175481262523619_1159822084984069320_n-1.jpg?resize=1536%2C1152&amp;ssl=1 1536w, https:\/\/i0.wp.com\/apan.gob.mx\/portal\/wp-content\/uploads\/2025\/12\/550217483_122175481262523619_1159822084984069320_n-1.jpg?w=1600&amp;ssl=1 1600w\" sizes=\"(max-width: 1000px) 100vw, 1000px\" \/><\/figure>\n<\/div>\n\n\n\n<div class=\"wp-block-column is-layout-flow wp-block-column-is-layout-flow\">\n<figure class=\"wp-block-image size-large\"><img data-recalc-dims=\"1\" loading=\"lazy\" decoding=\"async\" width=\"1024\" height=\"590\" src=\"https:\/\/i0.wp.com\/apan.gob.mx\/portal\/wp-content\/uploads\/2025\/12\/548324902_122175480320523619_5438386291800321723_n-1-1.jpg?resize=1024%2C590&#038;ssl=1\" alt=\"\" class=\"wp-image-31679\" srcset=\"https:\/\/i0.wp.com\/apan.gob.mx\/portal\/wp-content\/uploads\/2025\/12\/548324902_122175480320523619_5438386291800321723_n-1-1.jpg?resize=1024%2C590&amp;ssl=1 1024w, https:\/\/i0.wp.com\/apan.gob.mx\/portal\/wp-content\/uploads\/2025\/12\/548324902_122175480320523619_5438386291800321723_n-1-1.jpg?resize=300%2C173&amp;ssl=1 300w, https:\/\/i0.wp.com\/apan.gob.mx\/portal\/wp-content\/uploads\/2025\/12\/548324902_122175480320523619_5438386291800321723_n-1-1.jpg?resize=768%2C442&amp;ssl=1 768w, https:\/\/i0.wp.com\/apan.gob.mx\/portal\/wp-content\/uploads\/2025\/12\/548324902_122175480320523619_5438386291800321723_n-1-1.jpg?resize=1536%2C884&amp;ssl=1 1536w, https:\/\/i0.wp.com\/apan.gob.mx\/portal\/wp-content\/uploads\/2025\/12\/548324902_122175480320523619_5438386291800321723_n-1-1.jpg?w=2048&amp;ssl=1 2048w\" sizes=\"(max-width: 1000px) 100vw, 1000px\" \/><\/figure>\n<\/div>\n<\/div>\n\n\n\n<p>El Gobierno Municipal agradece la participaci\u00f3n de la ciudadan\u00eda y comparte la galer\u00eda de esta velada que permanecer\u00e1 en la memoria colectiva. La invitaci\u00f3n contin\u00faa abierta para seguir disfrutando de la feria en un entorno familiar y de sana convivencia.<\/p>\n","protected":false},"excerpt":{"rendered":"<p>El sexto d\u00eda de la Feria de Fiestas Patrias Apan 2025 se vivi\u00f3 con gran entusiasmo y una amplia asistencia en la explanada del Jard\u00edn Municipal, donde familias completas disfrutaron de una velada llena de m\u00fasica y recuerdos. La presentaci\u00f3n estelar estuvo a cargo de Jorge Dom\u00ednguez &amp; S\u00faper Class, agrupaci\u00f3n con m\u00e1s de 40 [&hellip;]<\/p>\n","protected":false},"author":4,"featured_media":31673,"comment_status":"closed","ping_status":"closed","sticky":false,"template":"","format":"standard","meta":{"_jetpack_memberships_contains_paid_content":false,"footnotes":""},"categories":[1],"tags":[],"class_list":["post-31671","post","type-post","status-publish","format-standard","has-post-thumbnail","hentry","category-uncategorized"],"jetpack_featured_media_url":"https:\/\/i0.wp.com\/apan.gob.mx\/portal\/wp-content\/uploads\/2025\/12\/549674357_122175480422523619_449096058795400052_n.jpg?fit=2048%2C1278&ssl=1","jetpack_sharing_enabled":true,"_links":{"self":[{"href":"https:\/\/apan.gob.mx\/portal\/wp-json\/wp\/v2\/posts\/31671","targetHints":{"allow":["GET"]}}],"collection":[{"href":"https:\/\/apan.gob.mx\/portal\/wp-json\/wp\/v2\/posts"}],"about":[{"href":"https:\/\/apan.gob.mx\/portal\/wp-json\/wp\/v2\/types\/post"}],"author":[{"embeddable":true,"href":"https:\/\/apan.gob.mx\/portal\/wp-json\/wp\/v2\/users\/4"}],"replies":[{"embeddable":true,"href":"https:\/\/apan.gob.mx\/portal\/wp-json\/wp\/v2\/comments?post=31671"}],"version-history":[{"count":1,"href":"https:\/\/apan.gob.mx\/portal\/wp-json\/wp\/v2\/posts\/31671\/revisions"}],"predecessor-version":[{"id":31680,"href":"https:\/\/apan.gob.mx\/portal\/wp-json\/wp\/v2\/posts\/31671\/revisions\/31680"}],"wp:featuredmedia":[{"embeddable":true,"href":"https:\/\/apan.gob.mx\/portal\/wp-json\/wp\/v2\/media\/31673"}],"wp:attachment":[{"href":"https:\/\/apan.gob.mx\/portal\/wp-json\/wp\/v2\/media?parent=31671"}],"wp:term":[{"taxonomy":"category","embeddable":true,"href":"https:\/\/apan.gob.mx\/portal\/wp-json\/wp\/v2\/categories?post=31671"},{"taxonomy":"post_tag","embeddable":true,"href":"https:\/\/apan.gob.mx\/portal\/wp-json\/wp\/v2\/tags?post=31671"}],"curies":[{"name":"wp","href":"https:\/\/api.w.org\/{rel}","templated":true}]}}