{"id":31686,"date":"2025-09-19T10:35:09","date_gmt":"2025-09-19T16:35:09","guid":{"rendered":"https:\/\/apan.gob.mx\/portal\/?p=31686"},"modified":"2025-12-13T10:38:52","modified_gmt":"2025-12-13T16:38:52","slug":"alegria-infantil-y-tradicion-en-el-septimo-dia-de-la-feria-de-fiestas-patrias-2025","status":"publish","type":"post","link":"https:\/\/apan.gob.mx\/portal\/2025\/09\/19\/alegria-infantil-y-tradicion-en-el-septimo-dia-de-la-feria-de-fiestas-patrias-2025\/","title":{"rendered":"Alegr\u00eda infantil y tradici\u00f3n en el s\u00e9ptimo d\u00eda de la Feria de Fiestas Patrias 2025"},"content":{"rendered":"\n<p>El s\u00e9ptimo d\u00eda de la <strong>Feria de Fiestas Patrias Apan 2025<\/strong> se vivi\u00f3 como una jornada dedicada a la ni\u00f1ez y a la convivencia familiar, con una tarde llena de m\u00fasica, alegr\u00eda y diversi\u00f3n en la explanada del Jard\u00edn Municipal.<\/p>\n\n\n\n<div class=\"wp-block-columns is-not-stacked-on-mobile is-layout-flex wp-container-core-columns-is-layout-28f84493 wp-block-columns-is-layout-flex\">\n<div class=\"wp-block-column is-layout-flow wp-block-column-is-layout-flow\">\n<figure class=\"wp-block-image size-large\"><img data-recalc-dims=\"1\" fetchpriority=\"high\" decoding=\"async\" width=\"1024\" height=\"638\" src=\"https:\/\/i0.wp.com\/apan.gob.mx\/portal\/wp-content\/uploads\/2025\/12\/550435898_122175628868523619_137499698234697006_n.jpg?resize=1024%2C638&#038;ssl=1\" alt=\"\" class=\"wp-image-31688\" srcset=\"https:\/\/i0.wp.com\/apan.gob.mx\/portal\/wp-content\/uploads\/2025\/12\/550435898_122175628868523619_137499698234697006_n.jpg?resize=1024%2C638&amp;ssl=1 1024w, https:\/\/i0.wp.com\/apan.gob.mx\/portal\/wp-content\/uploads\/2025\/12\/550435898_122175628868523619_137499698234697006_n.jpg?resize=300%2C187&amp;ssl=1 300w, https:\/\/i0.wp.com\/apan.gob.mx\/portal\/wp-content\/uploads\/2025\/12\/550435898_122175628868523619_137499698234697006_n.jpg?resize=768%2C479&amp;ssl=1 768w, https:\/\/i0.wp.com\/apan.gob.mx\/portal\/wp-content\/uploads\/2025\/12\/550435898_122175628868523619_137499698234697006_n.jpg?resize=1536%2C957&amp;ssl=1 1536w, https:\/\/i0.wp.com\/apan.gob.mx\/portal\/wp-content\/uploads\/2025\/12\/550435898_122175628868523619_137499698234697006_n.jpg?w=2048&amp;ssl=1 2048w\" sizes=\"(max-width: 1000px) 100vw, 1000px\" \/><\/figure>\n<\/div>\n\n\n\n<div class=\"wp-block-column is-layout-flow wp-block-column-is-layout-flow\">\n<figure class=\"wp-block-image size-large\"><img data-recalc-dims=\"1\" decoding=\"async\" width=\"1024\" height=\"683\" src=\"https:\/\/i0.wp.com\/apan.gob.mx\/portal\/wp-content\/uploads\/2025\/12\/549914533_122175628496523619_6618091795454345299_n.jpg?resize=1024%2C683&#038;ssl=1\" alt=\"\" class=\"wp-image-31689\" srcset=\"https:\/\/i0.wp.com\/apan.gob.mx\/portal\/wp-content\/uploads\/2025\/12\/549914533_122175628496523619_6618091795454345299_n.jpg?resize=1024%2C683&amp;ssl=1 1024w, https:\/\/i0.wp.com\/apan.gob.mx\/portal\/wp-content\/uploads\/2025\/12\/549914533_122175628496523619_6618091795454345299_n.jpg?resize=300%2C200&amp;ssl=1 300w, https:\/\/i0.wp.com\/apan.gob.mx\/portal\/wp-content\/uploads\/2025\/12\/549914533_122175628496523619_6618091795454345299_n.jpg?resize=768%2C512&amp;ssl=1 768w, https:\/\/i0.wp.com\/apan.gob.mx\/portal\/wp-content\/uploads\/2025\/12\/549914533_122175628496523619_6618091795454345299_n.jpg?resize=1536%2C1024&amp;ssl=1 1536w, https:\/\/i0.wp.com\/apan.gob.mx\/portal\/wp-content\/uploads\/2025\/12\/549914533_122175628496523619_6618091795454345299_n.jpg?w=2048&amp;ssl=1 2048w\" sizes=\"(max-width: 1000px) 100vw, 1000px\" \/><\/figure>\n<\/div>\n<\/div>\n\n\n\n<p>El programa incluy\u00f3 la presentaci\u00f3n del <strong>Tributo a Lara Campos<\/strong>, espect\u00e1culo que reuni\u00f3 a cientos de ni\u00f1as y ni\u00f1os, quienes disfrutaron de un momento especial entre canciones y baile. Previo a esta presentaci\u00f3n, el <strong>Ballet Folkl\u00f3rico del CBTa 152<\/strong> engalan\u00f3 el escenario con su talento y el orgullo por nuestras tradiciones.<\/p>\n\n\n\n<p>El Gobierno Municipal agradece a todas las familias que participaron y contin\u00faan haciendo de esta feria un espacio de uni\u00f3n, convivencia y ambiente familiar. La invitaci\u00f3n permanece abierta para seguir disfrutando de los pr\u00f3ximos d\u00edas de esta celebraci\u00f3n.<\/p>\n\n\n\n<figure class=\"wp-block-image size-large\"><img data-recalc-dims=\"1\" decoding=\"async\" width=\"1024\" height=\"683\" src=\"https:\/\/i0.wp.com\/apan.gob.mx\/portal\/wp-content\/uploads\/2025\/12\/550325427_122175628580523619_2598508631835424935_n.jpg?resize=1024%2C683&#038;ssl=1\" alt=\"\" class=\"wp-image-31690\" srcset=\"https:\/\/i0.wp.com\/apan.gob.mx\/portal\/wp-content\/uploads\/2025\/12\/550325427_122175628580523619_2598508631835424935_n.jpg?resize=1024%2C683&amp;ssl=1 1024w, https:\/\/i0.wp.com\/apan.gob.mx\/portal\/wp-content\/uploads\/2025\/12\/550325427_122175628580523619_2598508631835424935_n.jpg?resize=300%2C200&amp;ssl=1 300w, https:\/\/i0.wp.com\/apan.gob.mx\/portal\/wp-content\/uploads\/2025\/12\/550325427_122175628580523619_2598508631835424935_n.jpg?resize=768%2C512&amp;ssl=1 768w, https:\/\/i0.wp.com\/apan.gob.mx\/portal\/wp-content\/uploads\/2025\/12\/550325427_122175628580523619_2598508631835424935_n.jpg?resize=1536%2C1024&amp;ssl=1 1536w, https:\/\/i0.wp.com\/apan.gob.mx\/portal\/wp-content\/uploads\/2025\/12\/550325427_122175628580523619_2598508631835424935_n.jpg?w=2048&amp;ssl=1 2048w\" sizes=\"(max-width: 1000px) 100vw, 1000px\" \/><\/figure>\n\n\n\n<p><\/p>\n","protected":false},"excerpt":{"rendered":"<p>El s\u00e9ptimo d\u00eda de la Feria de Fiestas Patrias Apan 2025 se vivi\u00f3 como una jornada dedicada a la ni\u00f1ez y a la convivencia familiar, con una tarde llena de m\u00fasica, alegr\u00eda y diversi\u00f3n en la explanada del Jard\u00edn Municipal. El programa incluy\u00f3 la presentaci\u00f3n del Tributo a Lara Campos, espect\u00e1culo que reuni\u00f3 a cientos [&hellip;]<\/p>\n","protected":false},"author":4,"featured_media":31687,"comment_status":"closed","ping_status":"closed","sticky":false,"template":"","format":"standard","meta":{"_jetpack_memberships_contains_paid_content":false,"footnotes":""},"categories":[1],"tags":[],"class_list":["post-31686","post","type-post","status-publish","format-standard","has-post-thumbnail","hentry","category-uncategorized"],"jetpack_featured_media_url":"https:\/\/i0.wp.com\/apan.gob.mx\/portal\/wp-content\/uploads\/2025\/12\/550167772_122175628730523619_5008971545233957523_n.jpg?fit=2048%2C1365&ssl=1","jetpack_sharing_enabled":true,"_links":{"self":[{"href":"https:\/\/apan.gob.mx\/portal\/wp-json\/wp\/v2\/posts\/31686","targetHints":{"allow":["GET"]}}],"collection":[{"href":"https:\/\/apan.gob.mx\/portal\/wp-json\/wp\/v2\/posts"}],"about":[{"href":"https:\/\/apan.gob.mx\/portal\/wp-json\/wp\/v2\/types\/post"}],"author":[{"embeddable":true,"href":"https:\/\/apan.gob.mx\/portal\/wp-json\/wp\/v2\/users\/4"}],"replies":[{"embeddable":true,"href":"https:\/\/apan.gob.mx\/portal\/wp-json\/wp\/v2\/comments?post=31686"}],"version-history":[{"count":1,"href":"https:\/\/apan.gob.mx\/portal\/wp-json\/wp\/v2\/posts\/31686\/revisions"}],"predecessor-version":[{"id":31691,"href":"https:\/\/apan.gob.mx\/portal\/wp-json\/wp\/v2\/posts\/31686\/revisions\/31691"}],"wp:featuredmedia":[{"embeddable":true,"href":"https:\/\/apan.gob.mx\/portal\/wp-json\/wp\/v2\/media\/31687"}],"wp:attachment":[{"href":"https:\/\/apan.gob.mx\/portal\/wp-json\/wp\/v2\/media?parent=31686"}],"wp:term":[{"taxonomy":"category","embeddable":true,"href":"https:\/\/apan.gob.mx\/portal\/wp-json\/wp\/v2\/categories?post=31686"},{"taxonomy":"post_tag","embeddable":true,"href":"https:\/\/apan.gob.mx\/portal\/wp-json\/wp\/v2\/tags?post=31686"}],"curies":[{"name":"wp","href":"https:\/\/api.w.org\/{rel}","templated":true}]}}