{"id":31699,"date":"2025-09-20T10:43:38","date_gmt":"2025-09-20T16:43:38","guid":{"rendered":"https:\/\/apan.gob.mx\/portal\/?p=31699"},"modified":"2025-12-13T10:46:29","modified_gmt":"2025-12-13T16:46:29","slug":"inician-obras-de-vivienda-para-adultos-mayores-en-san-diego-tlalayote","status":"publish","type":"post","link":"https:\/\/apan.gob.mx\/portal\/2025\/09\/20\/inician-obras-de-vivienda-para-adultos-mayores-en-san-diego-tlalayote\/","title":{"rendered":"Inician obras de vivienda para adultos mayores en San Diego Tlalayote"},"content":{"rendered":"\n<p>En la comunidad de <strong>San Diego Tlalayote<\/strong> se llev\u00f3 a cabo el banderazo de inicio para la construcci\u00f3n de <strong>cuatro cuartos adicionales<\/strong>, una obra que beneficiar\u00e1 directamente a una mujer y tres hombres adultos mayores, entre ellos una persona con discapacidad, contribuyendo a mejorar sus condiciones de vida.<\/p>\n\n\n\n<div class=\"wp-block-columns is-not-stacked-on-mobile is-layout-flex wp-container-core-columns-is-layout-28f84493 wp-block-columns-is-layout-flex\">\n<div class=\"wp-block-column is-layout-flow wp-block-column-is-layout-flow\">\n<figure class=\"wp-block-image size-large\"><img data-recalc-dims=\"1\" fetchpriority=\"high\" decoding=\"async\" width=\"1024\" height=\"683\" src=\"https:\/\/i0.wp.com\/apan.gob.mx\/portal\/wp-content\/uploads\/2025\/12\/549572348_122175719654523619_2345748000349864493_n.jpg?resize=1024%2C683&#038;ssl=1\" alt=\"\" class=\"wp-image-31701\" srcset=\"https:\/\/i0.wp.com\/apan.gob.mx\/portal\/wp-content\/uploads\/2025\/12\/549572348_122175719654523619_2345748000349864493_n.jpg?resize=1024%2C683&amp;ssl=1 1024w, https:\/\/i0.wp.com\/apan.gob.mx\/portal\/wp-content\/uploads\/2025\/12\/549572348_122175719654523619_2345748000349864493_n.jpg?resize=300%2C200&amp;ssl=1 300w, https:\/\/i0.wp.com\/apan.gob.mx\/portal\/wp-content\/uploads\/2025\/12\/549572348_122175719654523619_2345748000349864493_n.jpg?resize=768%2C512&amp;ssl=1 768w, https:\/\/i0.wp.com\/apan.gob.mx\/portal\/wp-content\/uploads\/2025\/12\/549572348_122175719654523619_2345748000349864493_n.jpg?resize=1536%2C1025&amp;ssl=1 1536w, https:\/\/i0.wp.com\/apan.gob.mx\/portal\/wp-content\/uploads\/2025\/12\/549572348_122175719654523619_2345748000349864493_n.jpg?w=2048&amp;ssl=1 2048w\" sizes=\"(max-width: 1000px) 100vw, 1000px\" \/><\/figure>\n<\/div>\n\n\n\n<div class=\"wp-block-column is-layout-flow wp-block-column-is-layout-flow\">\n<figure class=\"wp-block-image size-large\"><img data-recalc-dims=\"1\" decoding=\"async\" width=\"1024\" height=\"768\" src=\"https:\/\/i0.wp.com\/apan.gob.mx\/portal\/wp-content\/uploads\/2025\/12\/548858740_122175719672523619_5437812468113348762_n.jpg?resize=1024%2C768&#038;ssl=1\" alt=\"\" class=\"wp-image-31702\" srcset=\"https:\/\/i0.wp.com\/apan.gob.mx\/portal\/wp-content\/uploads\/2025\/12\/548858740_122175719672523619_5437812468113348762_n.jpg?resize=1024%2C768&amp;ssl=1 1024w, https:\/\/i0.wp.com\/apan.gob.mx\/portal\/wp-content\/uploads\/2025\/12\/548858740_122175719672523619_5437812468113348762_n.jpg?resize=300%2C225&amp;ssl=1 300w, https:\/\/i0.wp.com\/apan.gob.mx\/portal\/wp-content\/uploads\/2025\/12\/548858740_122175719672523619_5437812468113348762_n.jpg?resize=768%2C576&amp;ssl=1 768w, https:\/\/i0.wp.com\/apan.gob.mx\/portal\/wp-content\/uploads\/2025\/12\/548858740_122175719672523619_5437812468113348762_n.jpg?resize=1536%2C1152&amp;ssl=1 1536w, https:\/\/i0.wp.com\/apan.gob.mx\/portal\/wp-content\/uploads\/2025\/12\/548858740_122175719672523619_5437812468113348762_n.jpg?w=2048&amp;ssl=1 2048w\" sizes=\"(max-width: 1000px) 100vw, 1000px\" \/><\/figure>\n<\/div>\n<\/div>\n\n\n\n<p>La obra cuenta con una inversi\u00f3n de <strong>$444,785.70 pesos<\/strong> y permitir\u00e1 brindar mayor seguridad, comodidad y bienestar a quienes m\u00e1s lo necesitan, fortaleciendo el derecho a una vivienda digna.<\/p>\n\n\n\n<p>El arranque de los trabajos se realiz\u00f3 con la presencia de la <strong>Presidenta Municipal, Dra. Zorayda Robles<\/strong>, as\u00ed como de la Direcci\u00f3n de Obras P\u00fablicas, la Contralor\u00eda Social y vecinas y vecinos de la comunidad.<\/p>\n\n\n\n<p>Con estas acciones, el Gobierno Municipal reafirma su compromiso de trabajar cerca de la gente, priorizando a los sectores m\u00e1s vulnerables y promoviendo mejores condiciones de vida para todas y todos.<\/p>\n\n\n\n<figure class=\"wp-block-image size-large\"><img data-recalc-dims=\"1\" decoding=\"async\" width=\"1024\" height=\"768\" src=\"https:\/\/i0.wp.com\/apan.gob.mx\/portal\/wp-content\/uploads\/2025\/12\/550185276_122175719468523619_1762704018298895378_n.jpg?resize=1024%2C768&#038;ssl=1\" alt=\"\" class=\"wp-image-31703\" srcset=\"https:\/\/i0.wp.com\/apan.gob.mx\/portal\/wp-content\/uploads\/2025\/12\/550185276_122175719468523619_1762704018298895378_n.jpg?resize=1024%2C768&amp;ssl=1 1024w, https:\/\/i0.wp.com\/apan.gob.mx\/portal\/wp-content\/uploads\/2025\/12\/550185276_122175719468523619_1762704018298895378_n.jpg?resize=300%2C225&amp;ssl=1 300w, https:\/\/i0.wp.com\/apan.gob.mx\/portal\/wp-content\/uploads\/2025\/12\/550185276_122175719468523619_1762704018298895378_n.jpg?resize=768%2C576&amp;ssl=1 768w, https:\/\/i0.wp.com\/apan.gob.mx\/portal\/wp-content\/uploads\/2025\/12\/550185276_122175719468523619_1762704018298895378_n.jpg?resize=1536%2C1152&amp;ssl=1 1536w, https:\/\/i0.wp.com\/apan.gob.mx\/portal\/wp-content\/uploads\/2025\/12\/550185276_122175719468523619_1762704018298895378_n.jpg?w=2048&amp;ssl=1 2048w\" sizes=\"(max-width: 1000px) 100vw, 1000px\" \/><\/figure>\n\n\n\n<p><\/p>\n","protected":false},"excerpt":{"rendered":"<p>En la comunidad de San Diego Tlalayote se llev\u00f3 a cabo el banderazo de inicio para la construcci\u00f3n de cuatro cuartos adicionales, una obra que beneficiar\u00e1 directamente a una mujer y tres hombres adultos mayores, entre ellos una persona con discapacidad, contribuyendo a mejorar sus condiciones de vida. La obra cuenta con una inversi\u00f3n de [&hellip;]<\/p>\n","protected":false},"author":4,"featured_media":31700,"comment_status":"closed","ping_status":"closed","sticky":false,"template":"","format":"standard","meta":{"_jetpack_memberships_contains_paid_content":false,"footnotes":""},"categories":[1],"tags":[],"class_list":["post-31699","post","type-post","status-publish","format-standard","has-post-thumbnail","hentry","category-uncategorized"],"jetpack_featured_media_url":"https:\/\/i0.wp.com\/apan.gob.mx\/portal\/wp-content\/uploads\/2025\/12\/549705260_122175719582523619_5741768607259396786_n.jpg?fit=2048%2C1536&ssl=1","jetpack_sharing_enabled":true,"_links":{"self":[{"href":"https:\/\/apan.gob.mx\/portal\/wp-json\/wp\/v2\/posts\/31699","targetHints":{"allow":["GET"]}}],"collection":[{"href":"https:\/\/apan.gob.mx\/portal\/wp-json\/wp\/v2\/posts"}],"about":[{"href":"https:\/\/apan.gob.mx\/portal\/wp-json\/wp\/v2\/types\/post"}],"author":[{"embeddable":true,"href":"https:\/\/apan.gob.mx\/portal\/wp-json\/wp\/v2\/users\/4"}],"replies":[{"embeddable":true,"href":"https:\/\/apan.gob.mx\/portal\/wp-json\/wp\/v2\/comments?post=31699"}],"version-history":[{"count":1,"href":"https:\/\/apan.gob.mx\/portal\/wp-json\/wp\/v2\/posts\/31699\/revisions"}],"predecessor-version":[{"id":31704,"href":"https:\/\/apan.gob.mx\/portal\/wp-json\/wp\/v2\/posts\/31699\/revisions\/31704"}],"wp:featuredmedia":[{"embeddable":true,"href":"https:\/\/apan.gob.mx\/portal\/wp-json\/wp\/v2\/media\/31700"}],"wp:attachment":[{"href":"https:\/\/apan.gob.mx\/portal\/wp-json\/wp\/v2\/media?parent=31699"}],"wp:term":[{"taxonomy":"category","embeddable":true,"href":"https:\/\/apan.gob.mx\/portal\/wp-json\/wp\/v2\/categories?post=31699"},{"taxonomy":"post_tag","embeddable":true,"href":"https:\/\/apan.gob.mx\/portal\/wp-json\/wp\/v2\/tags?post=31699"}],"curies":[{"name":"wp","href":"https:\/\/api.w.org\/{rel}","templated":true}]}}