{"id":31705,"date":"2025-09-20T10:46:31","date_gmt":"2025-09-20T16:46:31","guid":{"rendered":"https:\/\/apan.gob.mx\/portal\/?p=31705"},"modified":"2025-12-13T10:49:59","modified_gmt":"2025-12-13T16:49:59","slug":"bibliotecarias-de-apan-participan-en-la-25a-feria-del-libro-infantil-y-juvenil-hidalgo-2025","status":"publish","type":"post","link":"https:\/\/apan.gob.mx\/portal\/2025\/09\/20\/bibliotecarias-de-apan-participan-en-la-25a-feria-del-libro-infantil-y-juvenil-hidalgo-2025\/","title":{"rendered":"Bibliotecarias de Apan participan en la 25\u00aa Feria del Libro Infantil y Juvenil Hidalgo 2025"},"content":{"rendered":"\n<p>Con orgullo se destaca la participaci\u00f3n de las bibliotecarias del municipio en la <strong>25\u00aa Feria del Libro Infantil y Juvenil Hidalgo 2025<\/strong>, realizada en el <strong>Centro Cultural del Ferrocarril<\/strong>, en la ciudad de Pachuca, un espacio dedicado a la promoci\u00f3n de la lectura y el fortalecimiento de la identidad cultural.<\/p>\n\n\n\n<div class=\"wp-block-columns is-layout-flex wp-container-core-columns-is-layout-28f84493 wp-block-columns-is-layout-flex\">\n<div class=\"wp-block-column is-layout-flow wp-block-column-is-layout-flow\">\n<figure class=\"wp-block-image size-large\"><img data-recalc-dims=\"1\" fetchpriority=\"high\" decoding=\"async\" width=\"1024\" height=\"768\" src=\"https:\/\/i0.wp.com\/apan.gob.mx\/portal\/wp-content\/uploads\/2025\/12\/549721174_122175737786523619_2820293850296675583_n.jpg?resize=1024%2C768&#038;ssl=1\" alt=\"\" class=\"wp-image-31707\" srcset=\"https:\/\/i0.wp.com\/apan.gob.mx\/portal\/wp-content\/uploads\/2025\/12\/549721174_122175737786523619_2820293850296675583_n.jpg?resize=1024%2C768&amp;ssl=1 1024w, https:\/\/i0.wp.com\/apan.gob.mx\/portal\/wp-content\/uploads\/2025\/12\/549721174_122175737786523619_2820293850296675583_n.jpg?resize=300%2C225&amp;ssl=1 300w, https:\/\/i0.wp.com\/apan.gob.mx\/portal\/wp-content\/uploads\/2025\/12\/549721174_122175737786523619_2820293850296675583_n.jpg?resize=768%2C576&amp;ssl=1 768w, https:\/\/i0.wp.com\/apan.gob.mx\/portal\/wp-content\/uploads\/2025\/12\/549721174_122175737786523619_2820293850296675583_n.jpg?resize=1536%2C1152&amp;ssl=1 1536w, https:\/\/i0.wp.com\/apan.gob.mx\/portal\/wp-content\/uploads\/2025\/12\/549721174_122175737786523619_2820293850296675583_n.jpg?w=1600&amp;ssl=1 1600w\" sizes=\"(max-width: 1000px) 100vw, 1000px\" \/><\/figure>\n<\/div>\n\n\n\n<div class=\"wp-block-column is-layout-flow wp-block-column-is-layout-flow\">\n<figure class=\"wp-block-image size-large\"><img data-recalc-dims=\"1\" decoding=\"async\" width=\"1024\" height=\"768\" src=\"https:\/\/i0.wp.com\/apan.gob.mx\/portal\/wp-content\/uploads\/2025\/12\/549947665_122175737798523619_3926502697424817291_n.jpg?resize=1024%2C768&#038;ssl=1\" alt=\"\" class=\"wp-image-31708\" srcset=\"https:\/\/i0.wp.com\/apan.gob.mx\/portal\/wp-content\/uploads\/2025\/12\/549947665_122175737798523619_3926502697424817291_n.jpg?resize=1024%2C768&amp;ssl=1 1024w, https:\/\/i0.wp.com\/apan.gob.mx\/portal\/wp-content\/uploads\/2025\/12\/549947665_122175737798523619_3926502697424817291_n.jpg?resize=300%2C225&amp;ssl=1 300w, https:\/\/i0.wp.com\/apan.gob.mx\/portal\/wp-content\/uploads\/2025\/12\/549947665_122175737798523619_3926502697424817291_n.jpg?resize=768%2C576&amp;ssl=1 768w, https:\/\/i0.wp.com\/apan.gob.mx\/portal\/wp-content\/uploads\/2025\/12\/549947665_122175737798523619_3926502697424817291_n.jpg?resize=1536%2C1152&amp;ssl=1 1536w, https:\/\/i0.wp.com\/apan.gob.mx\/portal\/wp-content\/uploads\/2025\/12\/549947665_122175737798523619_3926502697424817291_n.jpg?w=1600&amp;ssl=1 1600w\" sizes=\"(max-width: 1000px) 100vw, 1000px\" \/><\/figure>\n<\/div>\n<\/div>\n\n\n\n<p>Durante este encuentro cultural se llev\u00f3 a cabo la loter\u00eda <strong>\u201cRepresentatividad del pulque y de Apan\u201d<\/strong>, actividad en la que se entregaron premios como pulseras donadas por el emprendedor <strong>NODESS Miguel Ojeda<\/strong>. Asimismo, se imparti\u00f3 el taller creativo <strong>\u201cElaboraci\u00f3n de flores con limpiapipas\u201d<\/strong>, permitiendo que ni\u00f1as y ni\u00f1os se acercaran a la lectura de una manera l\u00fadica y significativa.<\/p>\n\n\n\n<p>El Gobierno Municipal reconoce y agradece a las bibliotecarias por representar a Apan con entusiasmo y compromiso, contribuyendo a la formaci\u00f3n cultural de la ni\u00f1ez y juventud, y fortaleciendo el v\u00ednculo entre la lectura y nuestras tradiciones.<\/p>\n","protected":false},"excerpt":{"rendered":"<p>Con orgullo se destaca la participaci\u00f3n de las bibliotecarias del municipio en la 25\u00aa Feria del Libro Infantil y Juvenil Hidalgo 2025, realizada en el Centro Cultural del Ferrocarril, en la ciudad de Pachuca, un espacio dedicado a la promoci\u00f3n de la lectura y el fortalecimiento de la identidad cultural. Durante este encuentro cultural se [&hellip;]<\/p>\n","protected":false},"author":4,"featured_media":31706,"comment_status":"closed","ping_status":"closed","sticky":false,"template":"","format":"standard","meta":{"_jetpack_memberships_contains_paid_content":false,"footnotes":""},"categories":[1],"tags":[],"class_list":["post-31705","post","type-post","status-publish","format-standard","has-post-thumbnail","hentry","category-uncategorized"],"jetpack_featured_media_url":"https:\/\/i0.wp.com\/apan.gob.mx\/portal\/wp-content\/uploads\/2025\/12\/549945188_122175737780523619_3427354993432821614_n.jpg?fit=1600%2C1200&ssl=1","jetpack_sharing_enabled":true,"_links":{"self":[{"href":"https:\/\/apan.gob.mx\/portal\/wp-json\/wp\/v2\/posts\/31705","targetHints":{"allow":["GET"]}}],"collection":[{"href":"https:\/\/apan.gob.mx\/portal\/wp-json\/wp\/v2\/posts"}],"about":[{"href":"https:\/\/apan.gob.mx\/portal\/wp-json\/wp\/v2\/types\/post"}],"author":[{"embeddable":true,"href":"https:\/\/apan.gob.mx\/portal\/wp-json\/wp\/v2\/users\/4"}],"replies":[{"embeddable":true,"href":"https:\/\/apan.gob.mx\/portal\/wp-json\/wp\/v2\/comments?post=31705"}],"version-history":[{"count":1,"href":"https:\/\/apan.gob.mx\/portal\/wp-json\/wp\/v2\/posts\/31705\/revisions"}],"predecessor-version":[{"id":31709,"href":"https:\/\/apan.gob.mx\/portal\/wp-json\/wp\/v2\/posts\/31705\/revisions\/31709"}],"wp:featuredmedia":[{"embeddable":true,"href":"https:\/\/apan.gob.mx\/portal\/wp-json\/wp\/v2\/media\/31706"}],"wp:attachment":[{"href":"https:\/\/apan.gob.mx\/portal\/wp-json\/wp\/v2\/media?parent=31705"}],"wp:term":[{"taxonomy":"category","embeddable":true,"href":"https:\/\/apan.gob.mx\/portal\/wp-json\/wp\/v2\/categories?post=31705"},{"taxonomy":"post_tag","embeddable":true,"href":"https:\/\/apan.gob.mx\/portal\/wp-json\/wp\/v2\/tags?post=31705"}],"curies":[{"name":"wp","href":"https:\/\/api.w.org\/{rel}","templated":true}]}}