{"id":31741,"date":"2025-09-22T11:09:28","date_gmt":"2025-09-22T17:09:28","guid":{"rendered":"https:\/\/apan.gob.mx\/portal\/?p=31741"},"modified":"2025-12-15T11:13:59","modified_gmt":"2025-12-15T17:13:59","slug":"inicio-de-obra-de-pavimentacion-hidraulica-en-lazaro-cardenas","status":"publish","type":"post","link":"https:\/\/apan.gob.mx\/portal\/2025\/09\/22\/inicio-de-obra-de-pavimentacion-hidraulica-en-lazaro-cardenas\/","title":{"rendered":"Inicio de obra de pavimentaci\u00f3n hidr\u00e1ulica en L\u00e1zaro C\u00e1rdenas"},"content":{"rendered":"\n<p>El Gobierno Municipal de Apan dio inicio a la obra de <strong>pavimentaci\u00f3n hidr\u00e1ulica de la Calle 16 de Septiembre<\/strong>, en la localidad de <strong>L\u00e1zaro C\u00e1rdenas<\/strong>, una acci\u00f3n que representa un avance significativo en el fortalecimiento de la infraestructura urbana y en la mejora de la calidad de vida de las familias que habitan esta zona.<\/p>\n\n\n\n<div class=\"wp-block-columns is-not-stacked-on-mobile is-layout-flex wp-container-core-columns-is-layout-28f84493 wp-block-columns-is-layout-flex\">\n<div class=\"wp-block-column is-layout-flow wp-block-column-is-layout-flow\">\n<figure class=\"wp-block-image size-large\"><img data-recalc-dims=\"1\" fetchpriority=\"high\" decoding=\"async\" width=\"1024\" height=\"683\" src=\"https:\/\/i0.wp.com\/apan.gob.mx\/portal\/wp-content\/uploads\/2025\/12\/552837368_122176049312523619_6895684290602793518_n.jpg?resize=1024%2C683&#038;ssl=1\" alt=\"\" class=\"wp-image-31743\" srcset=\"https:\/\/i0.wp.com\/apan.gob.mx\/portal\/wp-content\/uploads\/2025\/12\/552837368_122176049312523619_6895684290602793518_n.jpg?resize=1024%2C683&amp;ssl=1 1024w, https:\/\/i0.wp.com\/apan.gob.mx\/portal\/wp-content\/uploads\/2025\/12\/552837368_122176049312523619_6895684290602793518_n.jpg?resize=300%2C200&amp;ssl=1 300w, https:\/\/i0.wp.com\/apan.gob.mx\/portal\/wp-content\/uploads\/2025\/12\/552837368_122176049312523619_6895684290602793518_n.jpg?resize=768%2C512&amp;ssl=1 768w, https:\/\/i0.wp.com\/apan.gob.mx\/portal\/wp-content\/uploads\/2025\/12\/552837368_122176049312523619_6895684290602793518_n.jpg?resize=1536%2C1025&amp;ssl=1 1536w, https:\/\/i0.wp.com\/apan.gob.mx\/portal\/wp-content\/uploads\/2025\/12\/552837368_122176049312523619_6895684290602793518_n.jpg?w=2048&amp;ssl=1 2048w\" sizes=\"(max-width: 1000px) 100vw, 1000px\" \/><\/figure>\n<\/div>\n\n\n\n<div class=\"wp-block-column is-layout-flow wp-block-column-is-layout-flow\">\n<figure class=\"wp-block-image size-large\"><img data-recalc-dims=\"1\" decoding=\"async\" width=\"1024\" height=\"683\" src=\"https:\/\/i0.wp.com\/apan.gob.mx\/portal\/wp-content\/uploads\/2025\/12\/548731893_122176049300523619_7258378980339872143_n.jpg?resize=1024%2C683&#038;ssl=1\" alt=\"\" class=\"wp-image-31744\" srcset=\"https:\/\/i0.wp.com\/apan.gob.mx\/portal\/wp-content\/uploads\/2025\/12\/548731893_122176049300523619_7258378980339872143_n.jpg?resize=1024%2C683&amp;ssl=1 1024w, https:\/\/i0.wp.com\/apan.gob.mx\/portal\/wp-content\/uploads\/2025\/12\/548731893_122176049300523619_7258378980339872143_n.jpg?resize=300%2C200&amp;ssl=1 300w, https:\/\/i0.wp.com\/apan.gob.mx\/portal\/wp-content\/uploads\/2025\/12\/548731893_122176049300523619_7258378980339872143_n.jpg?resize=768%2C512&amp;ssl=1 768w, https:\/\/i0.wp.com\/apan.gob.mx\/portal\/wp-content\/uploads\/2025\/12\/548731893_122176049300523619_7258378980339872143_n.jpg?resize=1536%2C1025&amp;ssl=1 1536w, https:\/\/i0.wp.com\/apan.gob.mx\/portal\/wp-content\/uploads\/2025\/12\/548731893_122176049300523619_7258378980339872143_n.jpg?w=2048&amp;ssl=1 2048w\" sizes=\"(max-width: 1000px) 100vw, 1000px\" \/><\/figure>\n<\/div>\n<\/div>\n\n\n\n<p>El arranque de obra fue encabezado por la <strong>Dra. Zorayda Robles, presidenta municipal de Apan<\/strong>, acompa\u00f1ada por el director de Obras P\u00fablicas, integrantes del Comit\u00e9 de Contralor\u00eda Social conformado por vecinas y vecinos de la colonia, as\u00ed como por las familias beneficiarias y habitantes de la calle, quienes fueron testigos de este importante banderazo de inicio.<\/p>\n\n\n\n<p>Esta obra, identificada con el <strong>n\u00famero 2025\/FAISM008019<\/strong>, contempla una inversi\u00f3n de <strong>$948,497.11 pesos<\/strong>, con un impacto directo en <strong>180 habitantes<\/strong>, reafirmando el compromiso de esta administraci\u00f3n de destinar los recursos p\u00fablicos a acciones que generan bienestar y desarrollo social.<\/p>\n\n\n\n<figure class=\"wp-block-image size-large\"><img data-recalc-dims=\"1\" decoding=\"async\" width=\"1024\" height=\"744\" src=\"https:\/\/i0.wp.com\/apan.gob.mx\/portal\/wp-content\/uploads\/2025\/12\/553033293_122176049246523619_3740618133286438091_n-1.jpg?resize=1024%2C744&#038;ssl=1\" alt=\"\" class=\"wp-image-31745\" srcset=\"https:\/\/i0.wp.com\/apan.gob.mx\/portal\/wp-content\/uploads\/2025\/12\/553033293_122176049246523619_3740618133286438091_n-1.jpg?resize=1024%2C744&amp;ssl=1 1024w, https:\/\/i0.wp.com\/apan.gob.mx\/portal\/wp-content\/uploads\/2025\/12\/553033293_122176049246523619_3740618133286438091_n-1.jpg?resize=300%2C218&amp;ssl=1 300w, https:\/\/i0.wp.com\/apan.gob.mx\/portal\/wp-content\/uploads\/2025\/12\/553033293_122176049246523619_3740618133286438091_n-1.jpg?resize=768%2C558&amp;ssl=1 768w, https:\/\/i0.wp.com\/apan.gob.mx\/portal\/wp-content\/uploads\/2025\/12\/553033293_122176049246523619_3740618133286438091_n-1.jpg?resize=1536%2C1116&amp;ssl=1 1536w, https:\/\/i0.wp.com\/apan.gob.mx\/portal\/wp-content\/uploads\/2025\/12\/553033293_122176049246523619_3740618133286438091_n-1.jpg?w=2048&amp;ssl=1 2048w\" sizes=\"(max-width: 1000px) 100vw, 1000px\" \/><\/figure>\n\n\n\n<p>Los trabajos consideran la construcci\u00f3n de <strong>873.77 metros cuadrados de pavimento de concreto hidr\u00e1ulico<\/strong>, con una resistencia de <strong>f\u2019c=200 kg\/cm\u00b2 y un espesor de 15 cent\u00edmetros<\/strong>, la <strong>colocaci\u00f3n de malla electrosoldada 6-6\/10-10<\/strong> en la misma superficie, as\u00ed como la <strong>renivelaci\u00f3n de dos pozos de visita<\/strong>, garantizando una obra duradera, segura y funcional.<\/p>\n\n\n\n<p>Con el inicio de esta pavimentaci\u00f3n, el Gobierno Municipal de Apan refrenda su compromiso de trabajar de manera cercana y coordinada con la ciudadan\u00eda, impulsando obras que transforman el entorno urbano y construyen calles m\u00e1s seguras, dignas y funcionales para todas y todos.<\/p>\n","protected":false},"excerpt":{"rendered":"<p>El Gobierno Municipal de Apan dio inicio a la obra de pavimentaci\u00f3n hidr\u00e1ulica de la Calle 16 de Septiembre, en la localidad de L\u00e1zaro C\u00e1rdenas, una acci\u00f3n que representa un avance significativo en el fortalecimiento de la infraestructura urbana y en la mejora de la calidad de vida de las familias que habitan esta zona. [&hellip;]<\/p>\n","protected":false},"author":4,"featured_media":31742,"comment_status":"closed","ping_status":"closed","sticky":false,"template":"","format":"standard","meta":{"_jetpack_memberships_contains_paid_content":false,"footnotes":""},"categories":[1],"tags":[],"class_list":["post-31741","post","type-post","status-publish","format-standard","has-post-thumbnail","hentry","category-uncategorized"],"jetpack_featured_media_url":"https:\/\/i0.wp.com\/apan.gob.mx\/portal\/wp-content\/uploads\/2025\/12\/552627388_122176049516523619_7310310345975778156_n.jpg?fit=2048%2C1366&ssl=1","jetpack_sharing_enabled":true,"_links":{"self":[{"href":"https:\/\/apan.gob.mx\/portal\/wp-json\/wp\/v2\/posts\/31741","targetHints":{"allow":["GET"]}}],"collection":[{"href":"https:\/\/apan.gob.mx\/portal\/wp-json\/wp\/v2\/posts"}],"about":[{"href":"https:\/\/apan.gob.mx\/portal\/wp-json\/wp\/v2\/types\/post"}],"author":[{"embeddable":true,"href":"https:\/\/apan.gob.mx\/portal\/wp-json\/wp\/v2\/users\/4"}],"replies":[{"embeddable":true,"href":"https:\/\/apan.gob.mx\/portal\/wp-json\/wp\/v2\/comments?post=31741"}],"version-history":[{"count":1,"href":"https:\/\/apan.gob.mx\/portal\/wp-json\/wp\/v2\/posts\/31741\/revisions"}],"predecessor-version":[{"id":31746,"href":"https:\/\/apan.gob.mx\/portal\/wp-json\/wp\/v2\/posts\/31741\/revisions\/31746"}],"wp:featuredmedia":[{"embeddable":true,"href":"https:\/\/apan.gob.mx\/portal\/wp-json\/wp\/v2\/media\/31742"}],"wp:attachment":[{"href":"https:\/\/apan.gob.mx\/portal\/wp-json\/wp\/v2\/media?parent=31741"}],"wp:term":[{"taxonomy":"category","embeddable":true,"href":"https:\/\/apan.gob.mx\/portal\/wp-json\/wp\/v2\/categories?post=31741"},{"taxonomy":"post_tag","embeddable":true,"href":"https:\/\/apan.gob.mx\/portal\/wp-json\/wp\/v2\/tags?post=31741"}],"curies":[{"name":"wp","href":"https:\/\/api.w.org\/{rel}","templated":true}]}}