{"id":31747,"date":"2025-09-23T11:14:02","date_gmt":"2025-09-23T17:14:02","guid":{"rendered":"https:\/\/apan.gob.mx\/portal\/?p=31747"},"modified":"2025-12-15T11:18:55","modified_gmt":"2025-12-15T17:18:55","slug":"apan-impulsa-obras-de-movilidad-y-seguridad-en-lomas-del-tepeyac","status":"publish","type":"post","link":"https:\/\/apan.gob.mx\/portal\/2025\/09\/23\/apan-impulsa-obras-de-movilidad-y-seguridad-en-lomas-del-tepeyac\/","title":{"rendered":"Apan impulsa obras de movilidad y seguridad en Lomas del Tepeyac"},"content":{"rendered":"\n<p>El Gobierno Municipal de Apan dio inicio a la <strong>construcci\u00f3n de guarniciones y banquetas en la colonia Lomas del Tepeyac<\/strong>, una obra orientada a mejorar la movilidad peatonal, la seguridad y el entorno urbano de las familias que habitan esta zona del municipio.<\/p>\n\n\n\n<div class=\"wp-block-columns is-not-stacked-on-mobile is-layout-flex wp-container-core-columns-is-layout-28f84493 wp-block-columns-is-layout-flex\">\n<div class=\"wp-block-column is-layout-flow wp-block-column-is-layout-flow\" style=\"flex-basis:33.33%\">\n<figure class=\"wp-block-image size-large\"><img data-recalc-dims=\"1\" fetchpriority=\"high\" decoding=\"async\" width=\"768\" height=\"1024\" src=\"https:\/\/i0.wp.com\/apan.gob.mx\/portal\/wp-content\/uploads\/2025\/12\/552505000_122176084550523619_1145435061014124210_n.jpg?resize=768%2C1024&#038;ssl=1\" alt=\"\" class=\"wp-image-31749\" srcset=\"https:\/\/i0.wp.com\/apan.gob.mx\/portal\/wp-content\/uploads\/2025\/12\/552505000_122176084550523619_1145435061014124210_n.jpg?resize=768%2C1024&amp;ssl=1 768w, https:\/\/i0.wp.com\/apan.gob.mx\/portal\/wp-content\/uploads\/2025\/12\/552505000_122176084550523619_1145435061014124210_n.jpg?resize=225%2C300&amp;ssl=1 225w, https:\/\/i0.wp.com\/apan.gob.mx\/portal\/wp-content\/uploads\/2025\/12\/552505000_122176084550523619_1145435061014124210_n.jpg?resize=1152%2C1536&amp;ssl=1 1152w, https:\/\/i0.wp.com\/apan.gob.mx\/portal\/wp-content\/uploads\/2025\/12\/552505000_122176084550523619_1145435061014124210_n.jpg?w=1536&amp;ssl=1 1536w\" sizes=\"(max-width: 768px) 100vw, 768px\" \/><\/figure>\n<\/div>\n\n\n\n<div class=\"wp-block-column is-layout-flow wp-block-column-is-layout-flow\" style=\"flex-basis:66.66%\">\n<figure class=\"wp-block-image size-large\"><img data-recalc-dims=\"1\" decoding=\"async\" width=\"1024\" height=\"768\" src=\"https:\/\/i0.wp.com\/apan.gob.mx\/portal\/wp-content\/uploads\/2025\/12\/550602274_122176084640523619_6748631164421102538_n.jpg?resize=1024%2C768&#038;ssl=1\" alt=\"\" class=\"wp-image-31750\" srcset=\"https:\/\/i0.wp.com\/apan.gob.mx\/portal\/wp-content\/uploads\/2025\/12\/550602274_122176084640523619_6748631164421102538_n.jpg?resize=1024%2C768&amp;ssl=1 1024w, https:\/\/i0.wp.com\/apan.gob.mx\/portal\/wp-content\/uploads\/2025\/12\/550602274_122176084640523619_6748631164421102538_n.jpg?resize=300%2C225&amp;ssl=1 300w, https:\/\/i0.wp.com\/apan.gob.mx\/portal\/wp-content\/uploads\/2025\/12\/550602274_122176084640523619_6748631164421102538_n.jpg?resize=768%2C576&amp;ssl=1 768w, https:\/\/i0.wp.com\/apan.gob.mx\/portal\/wp-content\/uploads\/2025\/12\/550602274_122176084640523619_6748631164421102538_n.jpg?resize=1536%2C1152&amp;ssl=1 1536w, https:\/\/i0.wp.com\/apan.gob.mx\/portal\/wp-content\/uploads\/2025\/12\/550602274_122176084640523619_6748631164421102538_n.jpg?w=2048&amp;ssl=1 2048w\" sizes=\"(max-width: 1000px) 100vw, 1000px\" \/><\/figure>\n<\/div>\n<\/div>\n\n\n\n<p>El arranque de estos trabajos fue encabezado por la <strong>Dra. Zorayda Robles, presidenta municipal de Apan<\/strong>, en compa\u00f1\u00eda del director de Obras P\u00fablicas, integrantes del Comit\u00e9 de Contralor\u00eda Social y vecinas y vecinos beneficiarios, quienes atestiguaron este importante avance para su comunidad.<\/p>\n\n\n\n<p>La obra, registrada con el <strong>n\u00famero 2025\/FAISM008025<\/strong>, contempla una inversi\u00f3n de <strong>$805,379.58 pesos<\/strong> y beneficiar\u00e1 de manera directa a <strong>65 personas<\/strong>, reafirmando el compromiso de esta administraci\u00f3n de destinar recursos p\u00fablicos a infraestructura que impacta de forma directa en la calidad de vida de la poblaci\u00f3n.<\/p>\n\n\n\n<p>Dentro de las metas establecidas se contempla la construcci\u00f3n de <strong>644.76 metros lineales de guarnici\u00f3n de concreto hidr\u00e1ulico<\/strong> con resistencia <strong>f\u2019c=150 kg\/cm\u00b2<\/strong>, en secci\u00f3n de <strong>15 x 20 x 40 cent\u00edmetros<\/strong>, as\u00ed como la edificaci\u00f3n de <strong>644.76 metros cuadrados de losa para banqueta de concreto hidr\u00e1ulico<\/strong>, con la misma resistencia y un espesor de <strong>10 cent\u00edmetros<\/strong>, garantizando obras funcionales y duraderas.<\/p>\n\n\n\n<p>Con acciones como esta, el Gobierno Municipal de Apan contin\u00faa construyendo bienestar en las colonias, priorizando obras que fortalecen la seguridad, la movilidad y el desarrollo urbano, convencidos de que en Apan <strong>el pueblo es primero<\/strong>.<\/p>\n\n\n\n<figure class=\"wp-block-image size-large\"><img data-recalc-dims=\"1\" decoding=\"async\" width=\"1024\" height=\"768\" src=\"https:\/\/i0.wp.com\/apan.gob.mx\/portal\/wp-content\/uploads\/2025\/12\/550602274_122176084634523619_8427823717623622819_n.jpg?resize=1024%2C768&#038;ssl=1\" alt=\"\" class=\"wp-image-31751\" srcset=\"https:\/\/i0.wp.com\/apan.gob.mx\/portal\/wp-content\/uploads\/2025\/12\/550602274_122176084634523619_8427823717623622819_n.jpg?resize=1024%2C768&amp;ssl=1 1024w, https:\/\/i0.wp.com\/apan.gob.mx\/portal\/wp-content\/uploads\/2025\/12\/550602274_122176084634523619_8427823717623622819_n.jpg?resize=300%2C225&amp;ssl=1 300w, https:\/\/i0.wp.com\/apan.gob.mx\/portal\/wp-content\/uploads\/2025\/12\/550602274_122176084634523619_8427823717623622819_n.jpg?resize=768%2C576&amp;ssl=1 768w, https:\/\/i0.wp.com\/apan.gob.mx\/portal\/wp-content\/uploads\/2025\/12\/550602274_122176084634523619_8427823717623622819_n.jpg?resize=1536%2C1152&amp;ssl=1 1536w, https:\/\/i0.wp.com\/apan.gob.mx\/portal\/wp-content\/uploads\/2025\/12\/550602274_122176084634523619_8427823717623622819_n.jpg?w=2048&amp;ssl=1 2048w\" sizes=\"(max-width: 1000px) 100vw, 1000px\" \/><\/figure>\n\n\n\n<p><\/p>\n","protected":false},"excerpt":{"rendered":"<p>El Gobierno Municipal de Apan dio inicio a la construcci\u00f3n de guarniciones y banquetas en la colonia Lomas del Tepeyac, una obra orientada a mejorar la movilidad peatonal, la seguridad y el entorno urbano de las familias que habitan esta zona del municipio. El arranque de estos trabajos fue encabezado por la Dra. Zorayda Robles, [&hellip;]<\/p>\n","protected":false},"author":4,"featured_media":31748,"comment_status":"closed","ping_status":"closed","sticky":false,"template":"","format":"standard","meta":{"_jetpack_memberships_contains_paid_content":false,"footnotes":""},"categories":[1],"tags":[],"class_list":["post-31747","post","type-post","status-publish","format-standard","has-post-thumbnail","hentry","category-uncategorized"],"jetpack_featured_media_url":"https:\/\/i0.wp.com\/apan.gob.mx\/portal\/wp-content\/uploads\/2025\/12\/550586743_122176084562523619_9179922333771768812_n.jpg?fit=2048%2C1536&ssl=1","jetpack_sharing_enabled":true,"_links":{"self":[{"href":"https:\/\/apan.gob.mx\/portal\/wp-json\/wp\/v2\/posts\/31747","targetHints":{"allow":["GET"]}}],"collection":[{"href":"https:\/\/apan.gob.mx\/portal\/wp-json\/wp\/v2\/posts"}],"about":[{"href":"https:\/\/apan.gob.mx\/portal\/wp-json\/wp\/v2\/types\/post"}],"author":[{"embeddable":true,"href":"https:\/\/apan.gob.mx\/portal\/wp-json\/wp\/v2\/users\/4"}],"replies":[{"embeddable":true,"href":"https:\/\/apan.gob.mx\/portal\/wp-json\/wp\/v2\/comments?post=31747"}],"version-history":[{"count":1,"href":"https:\/\/apan.gob.mx\/portal\/wp-json\/wp\/v2\/posts\/31747\/revisions"}],"predecessor-version":[{"id":31752,"href":"https:\/\/apan.gob.mx\/portal\/wp-json\/wp\/v2\/posts\/31747\/revisions\/31752"}],"wp:featuredmedia":[{"embeddable":true,"href":"https:\/\/apan.gob.mx\/portal\/wp-json\/wp\/v2\/media\/31748"}],"wp:attachment":[{"href":"https:\/\/apan.gob.mx\/portal\/wp-json\/wp\/v2\/media?parent=31747"}],"wp:term":[{"taxonomy":"category","embeddable":true,"href":"https:\/\/apan.gob.mx\/portal\/wp-json\/wp\/v2\/categories?post=31747"},{"taxonomy":"post_tag","embeddable":true,"href":"https:\/\/apan.gob.mx\/portal\/wp-json\/wp\/v2\/tags?post=31747"}],"curies":[{"name":"wp","href":"https:\/\/api.w.org\/{rel}","templated":true}]}}