{"id":31766,"date":"2025-09-24T11:48:51","date_gmt":"2025-09-24T17:48:51","guid":{"rendered":"https:\/\/apan.gob.mx\/portal\/?p=31766"},"modified":"2025-12-15T11:54:06","modified_gmt":"2025-12-15T17:54:06","slug":"inicia-construccion-de-cuartos-adicionales-en-la-localidad-de-tezoyo","status":"publish","type":"post","link":"https:\/\/apan.gob.mx\/portal\/2025\/09\/24\/inicia-construccion-de-cuartos-adicionales-en-la-localidad-de-tezoyo\/","title":{"rendered":"Inicia construcci\u00f3n de cuartos adicionales en la localidad de Tezoyo"},"content":{"rendered":"\n<p>El Gobierno Municipal de Apan dio inicio a la <strong>construcci\u00f3n de cuartos adicionales en la localidad de Tezoyo<\/strong>, una obra de car\u00e1cter social que representa mucho m\u00e1s que infraestructura, ya que brinda mayor comodidad, privacidad y bienestar a las familias que m\u00e1s lo necesitan.<\/p>\n\n\n\n<p>Este proyecto contempla una <strong>inversi\u00f3n de $228,265.00 pesos<\/strong> y beneficiar\u00e1 de manera directa a <strong>dos familias<\/strong>, quienes podr\u00e1n contar con espacios seguros y dignos que mejorar\u00e1n de forma significativa sus condiciones de vida.<\/p>\n\n\n\n<div class=\"wp-block-columns is-not-stacked-on-mobile is-layout-flex wp-container-core-columns-is-layout-28f84493 wp-block-columns-is-layout-flex\">\n<div class=\"wp-block-column is-layout-flow wp-block-column-is-layout-flow\">\n<figure class=\"wp-block-image size-large\"><img data-recalc-dims=\"1\" fetchpriority=\"high\" decoding=\"async\" width=\"1024\" height=\"683\" src=\"https:\/\/i0.wp.com\/apan.gob.mx\/portal\/wp-content\/uploads\/2025\/12\/552858652_122176361828523619_1377429091277409455_n.jpg?resize=1024%2C683&#038;ssl=1\" alt=\"\" class=\"wp-image-31768\" srcset=\"https:\/\/i0.wp.com\/apan.gob.mx\/portal\/wp-content\/uploads\/2025\/12\/552858652_122176361828523619_1377429091277409455_n.jpg?resize=1024%2C683&amp;ssl=1 1024w, https:\/\/i0.wp.com\/apan.gob.mx\/portal\/wp-content\/uploads\/2025\/12\/552858652_122176361828523619_1377429091277409455_n.jpg?resize=300%2C200&amp;ssl=1 300w, https:\/\/i0.wp.com\/apan.gob.mx\/portal\/wp-content\/uploads\/2025\/12\/552858652_122176361828523619_1377429091277409455_n.jpg?resize=768%2C512&amp;ssl=1 768w, https:\/\/i0.wp.com\/apan.gob.mx\/portal\/wp-content\/uploads\/2025\/12\/552858652_122176361828523619_1377429091277409455_n.jpg?resize=1536%2C1024&amp;ssl=1 1536w, https:\/\/i0.wp.com\/apan.gob.mx\/portal\/wp-content\/uploads\/2025\/12\/552858652_122176361828523619_1377429091277409455_n.jpg?w=2048&amp;ssl=1 2048w\" sizes=\"(max-width: 1000px) 100vw, 1000px\" \/><\/figure>\n<\/div>\n\n\n\n<div class=\"wp-block-column is-layout-flow wp-block-column-is-layout-flow\">\n<figure class=\"wp-block-image size-large\"><img data-recalc-dims=\"1\" decoding=\"async\" width=\"1024\" height=\"683\" src=\"https:\/\/i0.wp.com\/apan.gob.mx\/portal\/wp-content\/uploads\/2025\/12\/554302665_122176361846523619_7441819460294327236_n.jpg?resize=1024%2C683&#038;ssl=1\" alt=\"\" class=\"wp-image-31769\" srcset=\"https:\/\/i0.wp.com\/apan.gob.mx\/portal\/wp-content\/uploads\/2025\/12\/554302665_122176361846523619_7441819460294327236_n.jpg?resize=1024%2C683&amp;ssl=1 1024w, https:\/\/i0.wp.com\/apan.gob.mx\/portal\/wp-content\/uploads\/2025\/12\/554302665_122176361846523619_7441819460294327236_n.jpg?resize=300%2C200&amp;ssl=1 300w, https:\/\/i0.wp.com\/apan.gob.mx\/portal\/wp-content\/uploads\/2025\/12\/554302665_122176361846523619_7441819460294327236_n.jpg?resize=768%2C512&amp;ssl=1 768w, https:\/\/i0.wp.com\/apan.gob.mx\/portal\/wp-content\/uploads\/2025\/12\/554302665_122176361846523619_7441819460294327236_n.jpg?resize=1536%2C1024&amp;ssl=1 1536w, https:\/\/i0.wp.com\/apan.gob.mx\/portal\/wp-content\/uploads\/2025\/12\/554302665_122176361846523619_7441819460294327236_n.jpg?w=2048&amp;ssl=1 2048w\" sizes=\"(max-width: 1000px) 100vw, 1000px\" \/><\/figure>\n<\/div>\n<\/div>\n\n\n\n<p>Las metas de la obra incluyen la construcci\u00f3n de <strong>dos cuartos adicionales de 3 por 4 metros<\/strong>, con cimientos, castillos, cadenas y muros de block macizo de cemento; la ejecuci\u00f3n de firme y losa de concreto; trabajos de aplanado, aplicaci\u00f3n de pintura vin\u00edlica y acabados; as\u00ed como la instalaci\u00f3n el\u00e9ctrica completa, que considera salidas, apagadores y contactos. Asimismo, se contempla la colocaci\u00f3n de puertas y ventanas seguras, garantizando espacios funcionales y adecuados para el uso familiar.<\/p>\n\n\n\n<p>El banderazo de arranque se realiz\u00f3 con la presencia de la <strong>Dra. Zorayda Robles, presidenta municipal de Apan<\/strong>, acompa\u00f1ada por personal del \u00e1rea de Obras P\u00fablicas, vecinas y vecinos de la comunidad, as\u00ed como las familias beneficiarias, quienes atestiguaron el inicio de estos trabajos que impactar\u00e1n positivamente en su calidad de vida.<\/p>\n\n\n\n<p>Con acciones como esta, el Gobierno Municipal de Apan refrenda su compromiso de seguir construyendo un municipio con mayor bienestar social, donde cada obra contribuye a mejorar de manera directa la vida de las familias apanenses.<\/p>\n","protected":false},"excerpt":{"rendered":"<p>El Gobierno Municipal de Apan dio inicio a la construcci\u00f3n de cuartos adicionales en la localidad de Tezoyo, una obra de car\u00e1cter social que representa mucho m\u00e1s que infraestructura, ya que brinda mayor comodidad, privacidad y bienestar a las familias que m\u00e1s lo necesitan. Este proyecto contempla una inversi\u00f3n de $228,265.00 pesos y beneficiar\u00e1 de [&hellip;]<\/p>\n","protected":false},"author":4,"featured_media":31767,"comment_status":"closed","ping_status":"closed","sticky":false,"template":"","format":"standard","meta":{"_jetpack_memberships_contains_paid_content":false,"footnotes":""},"categories":[1],"tags":[],"class_list":["post-31766","post","type-post","status-publish","format-standard","has-post-thumbnail","hentry","category-uncategorized"],"jetpack_featured_media_url":"https:\/\/i0.wp.com\/apan.gob.mx\/portal\/wp-content\/uploads\/2025\/12\/554180706_122176362002523619_6729890631927731932_n.jpg?fit=2048%2C1365&ssl=1","jetpack_sharing_enabled":true,"_links":{"self":[{"href":"https:\/\/apan.gob.mx\/portal\/wp-json\/wp\/v2\/posts\/31766","targetHints":{"allow":["GET"]}}],"collection":[{"href":"https:\/\/apan.gob.mx\/portal\/wp-json\/wp\/v2\/posts"}],"about":[{"href":"https:\/\/apan.gob.mx\/portal\/wp-json\/wp\/v2\/types\/post"}],"author":[{"embeddable":true,"href":"https:\/\/apan.gob.mx\/portal\/wp-json\/wp\/v2\/users\/4"}],"replies":[{"embeddable":true,"href":"https:\/\/apan.gob.mx\/portal\/wp-json\/wp\/v2\/comments?post=31766"}],"version-history":[{"count":1,"href":"https:\/\/apan.gob.mx\/portal\/wp-json\/wp\/v2\/posts\/31766\/revisions"}],"predecessor-version":[{"id":31770,"href":"https:\/\/apan.gob.mx\/portal\/wp-json\/wp\/v2\/posts\/31766\/revisions\/31770"}],"wp:featuredmedia":[{"embeddable":true,"href":"https:\/\/apan.gob.mx\/portal\/wp-json\/wp\/v2\/media\/31767"}],"wp:attachment":[{"href":"https:\/\/apan.gob.mx\/portal\/wp-json\/wp\/v2\/media?parent=31766"}],"wp:term":[{"taxonomy":"category","embeddable":true,"href":"https:\/\/apan.gob.mx\/portal\/wp-json\/wp\/v2\/categories?post=31766"},{"taxonomy":"post_tag","embeddable":true,"href":"https:\/\/apan.gob.mx\/portal\/wp-json\/wp\/v2\/tags?post=31766"}],"curies":[{"name":"wp","href":"https:\/\/api.w.org\/{rel}","templated":true}]}}