{"id":31778,"date":"2025-09-25T11:59:19","date_gmt":"2025-09-25T17:59:19","guid":{"rendered":"https:\/\/apan.gob.mx\/portal\/?p=31778"},"modified":"2025-12-15T12:48:29","modified_gmt":"2025-12-15T18:48:29","slug":"itesa-conmemora-25-anos-de-trayectoria-academica-y-compromiso-con-el-desarrollo-regional","status":"publish","type":"post","link":"https:\/\/apan.gob.mx\/portal\/2025\/09\/25\/itesa-conmemora-25-anos-de-trayectoria-academica-y-compromiso-con-el-desarrollo-regional\/","title":{"rendered":"ITESA conmemora 25 a\u00f1os de trayectoria acad\u00e9mica y compromiso con el desarrollo regional"},"content":{"rendered":"\n<p>El <strong>Tecnol\u00f3gico Nacional de M\u00e9xico, campus Oriente del Estado de Hidalgo (ITESA)<\/strong> celebr\u00f3 su <strong>25 aniversario<\/strong> con una emotiva ceremonia conmemorativa, en la que se reconoci\u00f3 la historia, el crecimiento y la contribuci\u00f3n de esta instituci\u00f3n a la formaci\u00f3n de profesionales y al desarrollo del Altiplano Hidalguense.<\/p>\n\n\n\n<div class=\"wp-block-columns is-not-stacked-on-mobile is-layout-flex wp-container-core-columns-is-layout-28f84493 wp-block-columns-is-layout-flex\">\n<div class=\"wp-block-column is-layout-flow wp-block-column-is-layout-flow\">\n<figure class=\"wp-block-image size-large\"><img data-recalc-dims=\"1\" fetchpriority=\"high\" decoding=\"async\" width=\"1024\" height=\"788\" src=\"https:\/\/i0.wp.com\/apan.gob.mx\/portal\/wp-content\/uploads\/2025\/12\/554931808_122176505672523619_8621560591239065155_n.jpg?resize=1024%2C788&#038;ssl=1\" alt=\"\" class=\"wp-image-31780\" srcset=\"https:\/\/i0.wp.com\/apan.gob.mx\/portal\/wp-content\/uploads\/2025\/12\/554931808_122176505672523619_8621560591239065155_n.jpg?resize=1024%2C788&amp;ssl=1 1024w, https:\/\/i0.wp.com\/apan.gob.mx\/portal\/wp-content\/uploads\/2025\/12\/554931808_122176505672523619_8621560591239065155_n.jpg?resize=300%2C231&amp;ssl=1 300w, https:\/\/i0.wp.com\/apan.gob.mx\/portal\/wp-content\/uploads\/2025\/12\/554931808_122176505672523619_8621560591239065155_n.jpg?resize=768%2C591&amp;ssl=1 768w, https:\/\/i0.wp.com\/apan.gob.mx\/portal\/wp-content\/uploads\/2025\/12\/554931808_122176505672523619_8621560591239065155_n.jpg?resize=1536%2C1182&amp;ssl=1 1536w, https:\/\/i0.wp.com\/apan.gob.mx\/portal\/wp-content\/uploads\/2025\/12\/554931808_122176505672523619_8621560591239065155_n.jpg?w=2048&amp;ssl=1 2048w\" sizes=\"(max-width: 1000px) 100vw, 1000px\" \/><\/figure>\n<\/div>\n\n\n\n<div class=\"wp-block-column is-layout-flow wp-block-column-is-layout-flow\">\n<figure class=\"wp-block-image size-large\"><img data-recalc-dims=\"1\" decoding=\"async\" width=\"1024\" height=\"683\" src=\"https:\/\/i0.wp.com\/apan.gob.mx\/portal\/wp-content\/uploads\/2025\/12\/554963981_122176503566523619_1029713282604750124_.jpg?resize=1024%2C683&#038;ssl=1\" alt=\"\" class=\"wp-image-31781\" srcset=\"https:\/\/i0.wp.com\/apan.gob.mx\/portal\/wp-content\/uploads\/2025\/12\/554963981_122176503566523619_1029713282604750124_.jpg?resize=1024%2C683&amp;ssl=1 1024w, https:\/\/i0.wp.com\/apan.gob.mx\/portal\/wp-content\/uploads\/2025\/12\/554963981_122176503566523619_1029713282604750124_.jpg?resize=300%2C200&amp;ssl=1 300w, https:\/\/i0.wp.com\/apan.gob.mx\/portal\/wp-content\/uploads\/2025\/12\/554963981_122176503566523619_1029713282604750124_.jpg?resize=768%2C512&amp;ssl=1 768w, https:\/\/i0.wp.com\/apan.gob.mx\/portal\/wp-content\/uploads\/2025\/12\/554963981_122176503566523619_1029713282604750124_.jpg?resize=1536%2C1024&amp;ssl=1 1536w, https:\/\/i0.wp.com\/apan.gob.mx\/portal\/wp-content\/uploads\/2025\/12\/554963981_122176503566523619_1029713282604750124_.jpg?w=2048&amp;ssl=1 2048w\" sizes=\"(max-width: 1000px) 100vw, 1000px\" \/><\/figure>\n<\/div>\n<\/div>\n\n\n\n<p>Como parte del acto protocolario, se llev\u00f3 a cabo la <strong>develaci\u00f3n de una placa conmemorativa<\/strong>, donada por el <strong>Mtro. Ricardo Puga Aboytes, presidente de CANACINTRA Pachuca<\/strong>, como s\u00edmbolo del respaldo del sector empresarial a la educaci\u00f3n superior y a la vinculaci\u00f3n acad\u00e9mica.<\/p>\n\n\n\n<p>El evento fue encabezado por el <strong>Mtro. Manuel Ch\u00e1vez S\u00e1enz<\/strong>, Director de Institutos Tecnol\u00f3gicos Descentralizados del Tecnol\u00f3gico Nacional de M\u00e9xico, y cont\u00f3 con la presencia de autoridades educativas estatales, municipales y empresariales, as\u00ed como integrantes de la comunidad acad\u00e9mica del ITESA. Durante la ceremonia se reconoci\u00f3 la trayectoria y aportaciones del personal docente, directivo y administrativo, adem\u00e1s de distinguir a egresadas y egresados sobresalientes con el <strong>Reconocimiento al M\u00e9rito ITESA<\/strong>.<\/p>\n\n\n\n<div class=\"wp-block-columns is-layout-flex wp-container-core-columns-is-layout-28f84493 wp-block-columns-is-layout-flex\">\n<div class=\"wp-block-column is-layout-flow wp-block-column-is-layout-flow\">\n<figure class=\"wp-block-image size-large\"><img data-recalc-dims=\"1\" decoding=\"async\" width=\"1024\" height=\"683\" src=\"https:\/\/i0.wp.com\/apan.gob.mx\/portal\/wp-content\/uploads\/2025\/12\/555469221_122176505720523619_1114402736196749700_n.jpg?resize=1024%2C683&#038;ssl=1\" alt=\"\" class=\"wp-image-31782\" srcset=\"https:\/\/i0.wp.com\/apan.gob.mx\/portal\/wp-content\/uploads\/2025\/12\/555469221_122176505720523619_1114402736196749700_n.jpg?resize=1024%2C683&amp;ssl=1 1024w, https:\/\/i0.wp.com\/apan.gob.mx\/portal\/wp-content\/uploads\/2025\/12\/555469221_122176505720523619_1114402736196749700_n.jpg?resize=300%2C200&amp;ssl=1 300w, https:\/\/i0.wp.com\/apan.gob.mx\/portal\/wp-content\/uploads\/2025\/12\/555469221_122176505720523619_1114402736196749700_n.jpg?resize=768%2C512&amp;ssl=1 768w, https:\/\/i0.wp.com\/apan.gob.mx\/portal\/wp-content\/uploads\/2025\/12\/555469221_122176505720523619_1114402736196749700_n.jpg?resize=1536%2C1024&amp;ssl=1 1536w, https:\/\/i0.wp.com\/apan.gob.mx\/portal\/wp-content\/uploads\/2025\/12\/555469221_122176505720523619_1114402736196749700_n.jpg?w=2048&amp;ssl=1 2048w\" sizes=\"(max-width: 1000px) 100vw, 1000px\" \/><\/figure>\n<\/div>\n\n\n\n<div class=\"wp-block-column is-layout-flow wp-block-column-is-layout-flow\">\n<figure class=\"wp-block-image size-large\"><img data-recalc-dims=\"1\" loading=\"lazy\" decoding=\"async\" width=\"1024\" height=\"683\" src=\"https:\/\/i0.wp.com\/apan.gob.mx\/portal\/wp-content\/uploads\/2025\/12\/556037288_122176503626523619_4016548071954133297_n.jpg?resize=1024%2C683&#038;ssl=1\" alt=\"\" class=\"wp-image-31783\" srcset=\"https:\/\/i0.wp.com\/apan.gob.mx\/portal\/wp-content\/uploads\/2025\/12\/556037288_122176503626523619_4016548071954133297_n.jpg?resize=1024%2C683&amp;ssl=1 1024w, https:\/\/i0.wp.com\/apan.gob.mx\/portal\/wp-content\/uploads\/2025\/12\/556037288_122176503626523619_4016548071954133297_n.jpg?resize=300%2C200&amp;ssl=1 300w, https:\/\/i0.wp.com\/apan.gob.mx\/portal\/wp-content\/uploads\/2025\/12\/556037288_122176503626523619_4016548071954133297_n.jpg?resize=768%2C512&amp;ssl=1 768w, https:\/\/i0.wp.com\/apan.gob.mx\/portal\/wp-content\/uploads\/2025\/12\/556037288_122176503626523619_4016548071954133297_n.jpg?resize=1536%2C1024&amp;ssl=1 1536w, https:\/\/i0.wp.com\/apan.gob.mx\/portal\/wp-content\/uploads\/2025\/12\/556037288_122176503626523619_4016548071954133297_n.jpg?w=2048&amp;ssl=1 2048w\" sizes=\"(max-width: 1000px) 100vw, 1000px\" \/><\/figure>\n<\/div>\n<\/div>\n\n\n\n<p>En su mensaje, el <strong>Mtro. V\u00edctor Manuel del Villar Delgadillo<\/strong>, Director General del ITESA, destac\u00f3 el esfuerzo colectivo que ha permitido a la instituci\u00f3n consolidar su crecimiento, fortalecer su matr\u00edcula y elevar la calidad educativa. Por su parte, el <strong>Mtro. Manuel Ch\u00e1vez S\u00e1enz<\/strong> felicit\u00f3 a la comunidad acad\u00e9mica por 25 a\u00f1os de trabajo en materia de vinculaci\u00f3n e investigaci\u00f3n, como parte fundamental del Tecnol\u00f3gico Nacional de M\u00e9xico.<\/p>\n\n\n\n<p>En este marco, se reafirm\u00f3 el compromiso del ITESA con la transformaci\u00f3n educativa que impulsa el <strong>Gobierno del Estado de Hidalgo<\/strong>, encabezado por el <strong>Lic. Julio Menchaca<\/strong>, en coordinaci\u00f3n con el <strong>Dr. Natividad Castrej\u00f3n Valdez, Secretario de Educaci\u00f3n P\u00fablica<\/strong>, y el <strong>Dr. Daniel Fragoso Torres, Subsecretario de Educaci\u00f3n Media Superior y Superior<\/strong>.<\/p>\n\n\n\n<p>Con 25 a\u00f1os de historia, el ITESA se consolida como un referente educativo en la regi\u00f3n y como la <strong>M\u00e1xima Casa de Estudios del Altiplano Hidalguense<\/strong>, formando generaciones de profesionistas comprometidos con el desarrollo social, econ\u00f3mico y tecnol\u00f3gico del estado.<\/p>\n","protected":false},"excerpt":{"rendered":"<p>El Tecnol\u00f3gico Nacional de M\u00e9xico, campus Oriente del Estado de Hidalgo (ITESA) celebr\u00f3 su 25 aniversario con una emotiva ceremonia conmemorativa, en la que se reconoci\u00f3 la historia, el crecimiento y la contribuci\u00f3n de esta instituci\u00f3n a la formaci\u00f3n de profesionales y al desarrollo del Altiplano Hidalguense. Como parte del acto protocolario, se llev\u00f3 a [&hellip;]<\/p>\n","protected":false},"author":4,"featured_media":31779,"comment_status":"closed","ping_status":"closed","sticky":false,"template":"","format":"standard","meta":{"_jetpack_memberships_contains_paid_content":false,"footnotes":""},"categories":[1],"tags":[],"class_list":["post-31778","post","type-post","status-publish","format-standard","has-post-thumbnail","hentry","category-uncategorized"],"jetpack_featured_media_url":"https:\/\/i0.wp.com\/apan.gob.mx\/portal\/wp-content\/uploads\/2025\/12\/553184504_122176503668523619_2356024642318789169_n.jpg?fit=2048%2C1365&ssl=1","jetpack_sharing_enabled":true,"_links":{"self":[{"href":"https:\/\/apan.gob.mx\/portal\/wp-json\/wp\/v2\/posts\/31778","targetHints":{"allow":["GET"]}}],"collection":[{"href":"https:\/\/apan.gob.mx\/portal\/wp-json\/wp\/v2\/posts"}],"about":[{"href":"https:\/\/apan.gob.mx\/portal\/wp-json\/wp\/v2\/types\/post"}],"author":[{"embeddable":true,"href":"https:\/\/apan.gob.mx\/portal\/wp-json\/wp\/v2\/users\/4"}],"replies":[{"embeddable":true,"href":"https:\/\/apan.gob.mx\/portal\/wp-json\/wp\/v2\/comments?post=31778"}],"version-history":[{"count":1,"href":"https:\/\/apan.gob.mx\/portal\/wp-json\/wp\/v2\/posts\/31778\/revisions"}],"predecessor-version":[{"id":31784,"href":"https:\/\/apan.gob.mx\/portal\/wp-json\/wp\/v2\/posts\/31778\/revisions\/31784"}],"wp:featuredmedia":[{"embeddable":true,"href":"https:\/\/apan.gob.mx\/portal\/wp-json\/wp\/v2\/media\/31779"}],"wp:attachment":[{"href":"https:\/\/apan.gob.mx\/portal\/wp-json\/wp\/v2\/media?parent=31778"}],"wp:term":[{"taxonomy":"category","embeddable":true,"href":"https:\/\/apan.gob.mx\/portal\/wp-json\/wp\/v2\/categories?post=31778"},{"taxonomy":"post_tag","embeddable":true,"href":"https:\/\/apan.gob.mx\/portal\/wp-json\/wp\/v2\/tags?post=31778"}],"curies":[{"name":"wp","href":"https:\/\/api.w.org\/{rel}","templated":true}]}}