{"id":31785,"date":"2025-09-26T12:48:32","date_gmt":"2025-09-26T18:48:32","guid":{"rendered":"https:\/\/apan.gob.mx\/portal\/?p=31785"},"modified":"2025-12-15T12:55:43","modified_gmt":"2025-12-15T18:55:43","slug":"conmemoracion-la-consumacion-de-la-independencia-de-mexico","status":"publish","type":"post","link":"https:\/\/apan.gob.mx\/portal\/2025\/09\/26\/conmemoracion-la-consumacion-de-la-independencia-de-mexico\/","title":{"rendered":"Conmemoraci\u00f3n la Consumaci\u00f3n de la Independencia de M\u00e9xico"},"content":{"rendered":"\n<p>El Gobierno Municipal de Apan conmemor\u00f3 el <strong>27 de septiembre<\/strong>, fecha en la que se recuerda la <strong>Consumaci\u00f3n de la Independencia de M\u00e9xico en 1821<\/strong>, un acontecimiento hist\u00f3rico que marc\u00f3 el rumbo de nuestra naci\u00f3n y consolid\u00f3 la libertad del pueblo mexicano, resultado de la uni\u00f3n entre insurgentes y realistas bajo el <strong>Plan de Iguala<\/strong>, encabezados por <strong>Vicente Guerrero y Agust\u00edn de Iturbide<\/strong>.<\/p>\n\n\n\n<div class=\"wp-block-columns is-not-stacked-on-mobile is-layout-flex wp-container-core-columns-is-layout-28f84493 wp-block-columns-is-layout-flex\">\n<div class=\"wp-block-column is-layout-flow wp-block-column-is-layout-flow\">\n<figure class=\"wp-block-image size-large\"><img data-recalc-dims=\"1\" fetchpriority=\"high\" decoding=\"async\" width=\"1024\" height=\"683\" src=\"https:\/\/i0.wp.com\/apan.gob.mx\/portal\/wp-content\/uploads\/2025\/12\/554857825_122176609964523619_8268176116938415949_n.jpg?resize=1024%2C683&#038;ssl=1\" alt=\"\" class=\"wp-image-31787\" srcset=\"https:\/\/i0.wp.com\/apan.gob.mx\/portal\/wp-content\/uploads\/2025\/12\/554857825_122176609964523619_8268176116938415949_n.jpg?resize=1024%2C683&amp;ssl=1 1024w, https:\/\/i0.wp.com\/apan.gob.mx\/portal\/wp-content\/uploads\/2025\/12\/554857825_122176609964523619_8268176116938415949_n.jpg?resize=300%2C200&amp;ssl=1 300w, https:\/\/i0.wp.com\/apan.gob.mx\/portal\/wp-content\/uploads\/2025\/12\/554857825_122176609964523619_8268176116938415949_n.jpg?resize=768%2C512&amp;ssl=1 768w, https:\/\/i0.wp.com\/apan.gob.mx\/portal\/wp-content\/uploads\/2025\/12\/554857825_122176609964523619_8268176116938415949_n.jpg?resize=1536%2C1024&amp;ssl=1 1536w, https:\/\/i0.wp.com\/apan.gob.mx\/portal\/wp-content\/uploads\/2025\/12\/554857825_122176609964523619_8268176116938415949_n.jpg?w=2048&amp;ssl=1 2048w\" sizes=\"(max-width: 1000px) 100vw, 1000px\" \/><\/figure>\n<\/div>\n\n\n\n<div class=\"wp-block-column is-layout-flow wp-block-column-is-layout-flow\">\n<figure class=\"wp-block-image size-large\"><img data-recalc-dims=\"1\" decoding=\"async\" width=\"1024\" height=\"683\" src=\"https:\/\/i0.wp.com\/apan.gob.mx\/portal\/wp-content\/uploads\/2025\/12\/555681232_122176609592523619_6442675645451099664_n.jpg?resize=1024%2C683&#038;ssl=1\" alt=\"\" class=\"wp-image-31788\" srcset=\"https:\/\/i0.wp.com\/apan.gob.mx\/portal\/wp-content\/uploads\/2025\/12\/555681232_122176609592523619_6442675645451099664_n.jpg?resize=1024%2C683&amp;ssl=1 1024w, https:\/\/i0.wp.com\/apan.gob.mx\/portal\/wp-content\/uploads\/2025\/12\/555681232_122176609592523619_6442675645451099664_n.jpg?resize=300%2C200&amp;ssl=1 300w, https:\/\/i0.wp.com\/apan.gob.mx\/portal\/wp-content\/uploads\/2025\/12\/555681232_122176609592523619_6442675645451099664_n.jpg?resize=768%2C512&amp;ssl=1 768w, https:\/\/i0.wp.com\/apan.gob.mx\/portal\/wp-content\/uploads\/2025\/12\/555681232_122176609592523619_6442675645451099664_n.jpg?resize=1536%2C1024&amp;ssl=1 1536w, https:\/\/i0.wp.com\/apan.gob.mx\/portal\/wp-content\/uploads\/2025\/12\/555681232_122176609592523619_6442675645451099664_n.jpg?w=2048&amp;ssl=1 2048w\" sizes=\"(max-width: 1000px) 100vw, 1000px\" \/><\/figure>\n<\/div>\n<\/div>\n\n\n\n<p>Como parte de esta conmemoraci\u00f3n, en la explanada del <strong>Jard\u00edn Municipal<\/strong> se llev\u00f3 a cabo un <strong>homenaje c\u00edvico<\/strong>, a cargo del <strong>CBTa No. 152 \u201cLauro L. M\u00e9ndez\u201d<\/strong>, cuyos integrantes, con orgullo y respeto, invitaron a la ciudadan\u00eda a reflexionar sobre el valor de la unidad, la identidad nacional y el compromiso permanente con nuestra patria.<\/p>\n\n\n\n<p>Este acto c\u00edvico reafirma la importancia de mantener viva la memoria hist\u00f3rica y de fortalecer los valores que dieron origen a nuestra naci\u00f3n, reconociendo que la independencia fue posible gracias al di\u00e1logo, la uni\u00f3n y la voluntad de construir un pa\u00eds libre y soberano.<\/p>\n\n\n\n<div class=\"wp-block-columns is-layout-flex wp-container-core-columns-is-layout-28f84493 wp-block-columns-is-layout-flex\">\n<div class=\"wp-block-column is-layout-flow wp-block-column-is-layout-flow\">\n<figure class=\"wp-block-image size-large\"><img data-recalc-dims=\"1\" decoding=\"async\" width=\"1024\" height=\"683\" src=\"https:\/\/i0.wp.com\/apan.gob.mx\/portal\/wp-content\/uploads\/2025\/12\/555078332_122176610222523619_1307910195962947449_n.jpg?resize=1024%2C683&#038;ssl=1\" alt=\"\" class=\"wp-image-31789\" srcset=\"https:\/\/i0.wp.com\/apan.gob.mx\/portal\/wp-content\/uploads\/2025\/12\/555078332_122176610222523619_1307910195962947449_n.jpg?resize=1024%2C683&amp;ssl=1 1024w, https:\/\/i0.wp.com\/apan.gob.mx\/portal\/wp-content\/uploads\/2025\/12\/555078332_122176610222523619_1307910195962947449_n.jpg?resize=300%2C200&amp;ssl=1 300w, https:\/\/i0.wp.com\/apan.gob.mx\/portal\/wp-content\/uploads\/2025\/12\/555078332_122176610222523619_1307910195962947449_n.jpg?resize=768%2C512&amp;ssl=1 768w, https:\/\/i0.wp.com\/apan.gob.mx\/portal\/wp-content\/uploads\/2025\/12\/555078332_122176610222523619_1307910195962947449_n.jpg?resize=1536%2C1024&amp;ssl=1 1536w, https:\/\/i0.wp.com\/apan.gob.mx\/portal\/wp-content\/uploads\/2025\/12\/555078332_122176610222523619_1307910195962947449_n.jpg?w=2048&amp;ssl=1 2048w\" sizes=\"(max-width: 1000px) 100vw, 1000px\" \/><\/figure>\n<\/div>\n\n\n\n<div class=\"wp-block-column is-layout-flow wp-block-column-is-layout-flow\">\n<figure class=\"wp-block-gallery has-nested-images columns-default is-cropped wp-block-gallery-1 is-layout-flex wp-block-gallery-is-layout-flex\">\n<figure class=\"wp-block-image size-large\"><img data-recalc-dims=\"1\" loading=\"lazy\" decoding=\"async\" width=\"1024\" height=\"683\" data-id=\"31790\" src=\"https:\/\/i0.wp.com\/apan.gob.mx\/portal\/wp-content\/uploads\/2025\/12\/556097958_122176610144523619_6669729523053370811_n.jpg?resize=1024%2C683&#038;ssl=1\" alt=\"\" class=\"wp-image-31790\" srcset=\"https:\/\/i0.wp.com\/apan.gob.mx\/portal\/wp-content\/uploads\/2025\/12\/556097958_122176610144523619_6669729523053370811_n.jpg?resize=1024%2C683&amp;ssl=1 1024w, https:\/\/i0.wp.com\/apan.gob.mx\/portal\/wp-content\/uploads\/2025\/12\/556097958_122176610144523619_6669729523053370811_n.jpg?resize=300%2C200&amp;ssl=1 300w, https:\/\/i0.wp.com\/apan.gob.mx\/portal\/wp-content\/uploads\/2025\/12\/556097958_122176610144523619_6669729523053370811_n.jpg?resize=768%2C512&amp;ssl=1 768w, https:\/\/i0.wp.com\/apan.gob.mx\/portal\/wp-content\/uploads\/2025\/12\/556097958_122176610144523619_6669729523053370811_n.jpg?resize=1536%2C1024&amp;ssl=1 1536w, https:\/\/i0.wp.com\/apan.gob.mx\/portal\/wp-content\/uploads\/2025\/12\/556097958_122176610144523619_6669729523053370811_n.jpg?w=2048&amp;ssl=1 2048w\" sizes=\"(max-width: 1000px) 100vw, 1000px\" \/><\/figure>\n<\/figure>\n<\/div>\n<\/div>\n\n\n\n<p>El Gobierno Municipal de Apan hace un llamado a la ciudadan\u00eda a seguir honrando nuestra historia y a trabajar de manera conjunta en la construcci\u00f3n de un mejor futuro para M\u00e9xico, con responsabilidad, unidad y amor por nuestra naci\u00f3n.<\/p>\n","protected":false},"excerpt":{"rendered":"<p>El Gobierno Municipal de Apan conmemor\u00f3 el 27 de septiembre, fecha en la que se recuerda la Consumaci\u00f3n de la Independencia de M\u00e9xico en 1821, un acontecimiento hist\u00f3rico que marc\u00f3 el rumbo de nuestra naci\u00f3n y consolid\u00f3 la libertad del pueblo mexicano, resultado de la uni\u00f3n entre insurgentes y realistas bajo el Plan de Iguala, [&hellip;]<\/p>\n","protected":false},"author":4,"featured_media":31786,"comment_status":"closed","ping_status":"closed","sticky":false,"template":"","format":"standard","meta":{"_jetpack_memberships_contains_paid_content":false,"footnotes":""},"categories":[1],"tags":[],"class_list":["post-31785","post","type-post","status-publish","format-standard","has-post-thumbnail","hentry","category-uncategorized"],"jetpack_featured_media_url":"https:\/\/i0.wp.com\/apan.gob.mx\/portal\/wp-content\/uploads\/2025\/12\/555437447_122176609328523619_6020459360685766063_n-1.jpg?fit=2048%2C1913&ssl=1","jetpack_sharing_enabled":true,"_links":{"self":[{"href":"https:\/\/apan.gob.mx\/portal\/wp-json\/wp\/v2\/posts\/31785","targetHints":{"allow":["GET"]}}],"collection":[{"href":"https:\/\/apan.gob.mx\/portal\/wp-json\/wp\/v2\/posts"}],"about":[{"href":"https:\/\/apan.gob.mx\/portal\/wp-json\/wp\/v2\/types\/post"}],"author":[{"embeddable":true,"href":"https:\/\/apan.gob.mx\/portal\/wp-json\/wp\/v2\/users\/4"}],"replies":[{"embeddable":true,"href":"https:\/\/apan.gob.mx\/portal\/wp-json\/wp\/v2\/comments?post=31785"}],"version-history":[{"count":1,"href":"https:\/\/apan.gob.mx\/portal\/wp-json\/wp\/v2\/posts\/31785\/revisions"}],"predecessor-version":[{"id":31791,"href":"https:\/\/apan.gob.mx\/portal\/wp-json\/wp\/v2\/posts\/31785\/revisions\/31791"}],"wp:featuredmedia":[{"embeddable":true,"href":"https:\/\/apan.gob.mx\/portal\/wp-json\/wp\/v2\/media\/31786"}],"wp:attachment":[{"href":"https:\/\/apan.gob.mx\/portal\/wp-json\/wp\/v2\/media?parent=31785"}],"wp:term":[{"taxonomy":"category","embeddable":true,"href":"https:\/\/apan.gob.mx\/portal\/wp-json\/wp\/v2\/categories?post=31785"},{"taxonomy":"post_tag","embeddable":true,"href":"https:\/\/apan.gob.mx\/portal\/wp-json\/wp\/v2\/tags?post=31785"}],"curies":[{"name":"wp","href":"https:\/\/api.w.org\/{rel}","templated":true}]}}