{"id":31792,"date":"2025-09-26T12:55:49","date_gmt":"2025-09-26T18:55:49","guid":{"rendered":"https:\/\/apan.gob.mx\/portal\/?p=31792"},"modified":"2025-12-15T13:02:52","modified_gmt":"2025-12-15T19:02:52","slug":"inauguracion-de-obra-de-pavimentacion-en-la-colonia-san-miguel-del-arco","status":"publish","type":"post","link":"https:\/\/apan.gob.mx\/portal\/2025\/09\/26\/inauguracion-de-obra-de-pavimentacion-en-la-colonia-san-miguel-del-arco\/","title":{"rendered":"Inauguraci\u00f3n de obra de pavimentaci\u00f3n en la colonia San Miguel del Arco"},"content":{"rendered":"\n<p>El Gobierno Municipal de Apan llev\u00f3 a cabo la <strong>inauguraci\u00f3n de la pavimentaci\u00f3n de la calle Pita Amor<\/strong>, en la colonia <strong>San Miguel del Arco<\/strong>, una obra prioritaria que reafirma el compromiso de esta administraci\u00f3n con el desarrollo urbano, la movilidad y el bienestar de las familias del municipio.<\/p>\n\n\n\n<p>Con una <strong>inversi\u00f3n de $1,202,000.00 pesos<\/strong>, se construyeron <strong>882.75 metros cuadrados de pavimento de concreto hidr\u00e1ulico MR-40<\/strong>, as\u00ed como <strong>107.13 metros lineales de guarnici\u00f3n<\/strong> y <strong>94.52 metros lineales de banquetas<\/strong>, adem\u00e1s de la <strong>renivelaci\u00f3n de tres pozos de visita<\/strong>, garantizando una vialidad m\u00e1s segura, funcional y duradera.<\/p>\n\n\n\n<figure class=\"wp-block-image size-large\"><img data-recalc-dims=\"1\" fetchpriority=\"high\" decoding=\"async\" width=\"1024\" height=\"576\" src=\"https:\/\/i0.wp.com\/apan.gob.mx\/portal\/wp-content\/uploads\/2025\/12\/555397130_122176634390523619_7987904313889470709_n.jpg?resize=1024%2C576&#038;ssl=1\" alt=\"\" class=\"wp-image-31794\" srcset=\"https:\/\/i0.wp.com\/apan.gob.mx\/portal\/wp-content\/uploads\/2025\/12\/555397130_122176634390523619_7987904313889470709_n.jpg?resize=1024%2C576&amp;ssl=1 1024w, https:\/\/i0.wp.com\/apan.gob.mx\/portal\/wp-content\/uploads\/2025\/12\/555397130_122176634390523619_7987904313889470709_n.jpg?resize=300%2C169&amp;ssl=1 300w, https:\/\/i0.wp.com\/apan.gob.mx\/portal\/wp-content\/uploads\/2025\/12\/555397130_122176634390523619_7987904313889470709_n.jpg?resize=768%2C432&amp;ssl=1 768w, https:\/\/i0.wp.com\/apan.gob.mx\/portal\/wp-content\/uploads\/2025\/12\/555397130_122176634390523619_7987904313889470709_n.jpg?resize=1536%2C864&amp;ssl=1 1536w, https:\/\/i0.wp.com\/apan.gob.mx\/portal\/wp-content\/uploads\/2025\/12\/555397130_122176634390523619_7987904313889470709_n.jpg?w=2048&amp;ssl=1 2048w\" sizes=\"(max-width: 1000px) 100vw, 1000px\" \/><\/figure>\n\n\n\n<p>Esta obra beneficia de manera directa a <strong>235 vecinas y vecinos<\/strong>, quienes hoy cuentan con una calle digna que mejora la conectividad de la zona, al enlazar con la calle Ray\u00f3n y liberar el acceso sobre la calle Hidalgo, contribuyendo a un mejor flujo vehicular.<\/p>\n\n\n\n<p>Cabe destacar que, por primera vez en esta colonia, se integr\u00f3 y capacit\u00f3 el <strong>Comit\u00e9 de Contralor\u00eda Social<\/strong>, conformado por habitantes del lugar, quienes participaron activamente en la supervisi\u00f3n del correcto uso de los recursos p\u00fablicos, fortaleciendo la transparencia, la rendici\u00f3n de cuentas y el sentido de corresponsabilidad comunitaria.<\/p>\n\n\n\n<div class=\"wp-block-columns is-not-stacked-on-mobile is-layout-flex wp-container-core-columns-is-layout-28f84493 wp-block-columns-is-layout-flex\">\n<div class=\"wp-block-column is-layout-flow wp-block-column-is-layout-flow\">\n<figure class=\"wp-block-image size-large\"><img data-recalc-dims=\"1\" decoding=\"async\" width=\"1024\" height=\"729\" src=\"https:\/\/i0.wp.com\/apan.gob.mx\/portal\/wp-content\/uploads\/2025\/12\/555377969_122176634618523619_2325508228565623535_n.jpg?resize=1024%2C729&#038;ssl=1\" alt=\"\" class=\"wp-image-31795\" srcset=\"https:\/\/i0.wp.com\/apan.gob.mx\/portal\/wp-content\/uploads\/2025\/12\/555377969_122176634618523619_2325508228565623535_n.jpg?resize=1024%2C729&amp;ssl=1 1024w, https:\/\/i0.wp.com\/apan.gob.mx\/portal\/wp-content\/uploads\/2025\/12\/555377969_122176634618523619_2325508228565623535_n.jpg?resize=300%2C213&amp;ssl=1 300w, https:\/\/i0.wp.com\/apan.gob.mx\/portal\/wp-content\/uploads\/2025\/12\/555377969_122176634618523619_2325508228565623535_n.jpg?resize=768%2C546&amp;ssl=1 768w, https:\/\/i0.wp.com\/apan.gob.mx\/portal\/wp-content\/uploads\/2025\/12\/555377969_122176634618523619_2325508228565623535_n.jpg?resize=1536%2C1093&amp;ssl=1 1536w, https:\/\/i0.wp.com\/apan.gob.mx\/portal\/wp-content\/uploads\/2025\/12\/555377969_122176634618523619_2325508228565623535_n.jpg?w=2048&amp;ssl=1 2048w\" sizes=\"(max-width: 1000px) 100vw, 1000px\" \/><\/figure>\n<\/div>\n\n\n\n<div class=\"wp-block-column is-layout-flow wp-block-column-is-layout-flow\">\n<figure class=\"wp-block-image size-large\"><img data-recalc-dims=\"1\" decoding=\"async\" width=\"1024\" height=\"683\" src=\"https:\/\/i0.wp.com\/apan.gob.mx\/portal\/wp-content\/uploads\/2025\/12\/555512809_122176634522523619_7909896692366296396_n.jpg?resize=1024%2C683&#038;ssl=1\" alt=\"\" class=\"wp-image-31796\" srcset=\"https:\/\/i0.wp.com\/apan.gob.mx\/portal\/wp-content\/uploads\/2025\/12\/555512809_122176634522523619_7909896692366296396_n.jpg?resize=1024%2C683&amp;ssl=1 1024w, https:\/\/i0.wp.com\/apan.gob.mx\/portal\/wp-content\/uploads\/2025\/12\/555512809_122176634522523619_7909896692366296396_n.jpg?resize=300%2C200&amp;ssl=1 300w, https:\/\/i0.wp.com\/apan.gob.mx\/portal\/wp-content\/uploads\/2025\/12\/555512809_122176634522523619_7909896692366296396_n.jpg?resize=768%2C512&amp;ssl=1 768w, https:\/\/i0.wp.com\/apan.gob.mx\/portal\/wp-content\/uploads\/2025\/12\/555512809_122176634522523619_7909896692366296396_n.jpg?resize=1536%2C1024&amp;ssl=1 1536w, https:\/\/i0.wp.com\/apan.gob.mx\/portal\/wp-content\/uploads\/2025\/12\/555512809_122176634522523619_7909896692366296396_n.jpg?w=2048&amp;ssl=1 2048w\" sizes=\"(max-width: 1000px) 100vw, 1000px\" \/><\/figure>\n<\/div>\n<\/div>\n\n\n\n<p>Bajo el liderazgo de la <strong>Dra. Zorayda Robles, presidenta municipal de Apan<\/strong>, el Gobierno Municipal contin\u00faa impulsando obras con sentido social, justicia y transformaci\u00f3n, asegurando que el desarrollo llegue a todas las colonias y comunidades del municipio. Con acciones como esta, Apan avanza hacia un futuro con mejores calles, mayor cohesi\u00f3n social y mejores condiciones de vida para su poblaci\u00f3n.<\/p>\n\n\n\n<div class=\"wp-block-columns is-not-stacked-on-mobile is-layout-flex wp-container-core-columns-is-layout-28f84493 wp-block-columns-is-layout-flex\">\n<div class=\"wp-block-column is-layout-flow wp-block-column-is-layout-flow\">\n<figure class=\"wp-block-image size-large\"><img data-recalc-dims=\"1\" loading=\"lazy\" decoding=\"async\" width=\"1024\" height=\"683\" src=\"https:\/\/i0.wp.com\/apan.gob.mx\/portal\/wp-content\/uploads\/2025\/12\/554910736_122176634654523619_2928264983004688011_n-1.jpg?resize=1024%2C683&#038;ssl=1\" alt=\"\" class=\"wp-image-31797\" srcset=\"https:\/\/i0.wp.com\/apan.gob.mx\/portal\/wp-content\/uploads\/2025\/12\/554910736_122176634654523619_2928264983004688011_n-1.jpg?resize=1024%2C683&amp;ssl=1 1024w, https:\/\/i0.wp.com\/apan.gob.mx\/portal\/wp-content\/uploads\/2025\/12\/554910736_122176634654523619_2928264983004688011_n-1.jpg?resize=300%2C200&amp;ssl=1 300w, https:\/\/i0.wp.com\/apan.gob.mx\/portal\/wp-content\/uploads\/2025\/12\/554910736_122176634654523619_2928264983004688011_n-1.jpg?resize=768%2C512&amp;ssl=1 768w, https:\/\/i0.wp.com\/apan.gob.mx\/portal\/wp-content\/uploads\/2025\/12\/554910736_122176634654523619_2928264983004688011_n-1.jpg?resize=1536%2C1024&amp;ssl=1 1536w, https:\/\/i0.wp.com\/apan.gob.mx\/portal\/wp-content\/uploads\/2025\/12\/554910736_122176634654523619_2928264983004688011_n-1.jpg?w=2048&amp;ssl=1 2048w\" sizes=\"(max-width: 1000px) 100vw, 1000px\" \/><\/figure>\n<\/div>\n\n\n\n<div class=\"wp-block-column is-layout-flow wp-block-column-is-layout-flow\">\n<figure class=\"wp-block-image size-large\"><img data-recalc-dims=\"1\" loading=\"lazy\" decoding=\"async\" width=\"1024\" height=\"683\" src=\"https:\/\/i0.wp.com\/apan.gob.mx\/portal\/wp-content\/uploads\/2025\/12\/554590377_122176634840523619_7400768043189294979_n.jpg?resize=1024%2C683&#038;ssl=1\" alt=\"\" class=\"wp-image-31798\" srcset=\"https:\/\/i0.wp.com\/apan.gob.mx\/portal\/wp-content\/uploads\/2025\/12\/554590377_122176634840523619_7400768043189294979_n.jpg?resize=1024%2C683&amp;ssl=1 1024w, https:\/\/i0.wp.com\/apan.gob.mx\/portal\/wp-content\/uploads\/2025\/12\/554590377_122176634840523619_7400768043189294979_n.jpg?resize=300%2C200&amp;ssl=1 300w, https:\/\/i0.wp.com\/apan.gob.mx\/portal\/wp-content\/uploads\/2025\/12\/554590377_122176634840523619_7400768043189294979_n.jpg?resize=768%2C512&amp;ssl=1 768w, https:\/\/i0.wp.com\/apan.gob.mx\/portal\/wp-content\/uploads\/2025\/12\/554590377_122176634840523619_7400768043189294979_n.jpg?resize=1536%2C1024&amp;ssl=1 1536w, https:\/\/i0.wp.com\/apan.gob.mx\/portal\/wp-content\/uploads\/2025\/12\/554590377_122176634840523619_7400768043189294979_n.jpg?w=2048&amp;ssl=1 2048w\" sizes=\"(max-width: 1000px) 100vw, 1000px\" \/><\/figure>\n<\/div>\n<\/div>\n\n\n\n<p><\/p>\n","protected":false},"excerpt":{"rendered":"<p>El Gobierno Municipal de Apan llev\u00f3 a cabo la inauguraci\u00f3n de la pavimentaci\u00f3n de la calle Pita Amor, en la colonia San Miguel del Arco, una obra prioritaria que reafirma el compromiso de esta administraci\u00f3n con el desarrollo urbano, la movilidad y el bienestar de las familias del municipio. Con una inversi\u00f3n de $1,202,000.00 pesos, [&hellip;]<\/p>\n","protected":false},"author":4,"featured_media":31793,"comment_status":"closed","ping_status":"closed","sticky":false,"template":"","format":"standard","meta":{"_jetpack_memberships_contains_paid_content":false,"footnotes":""},"categories":[1],"tags":[],"class_list":["post-31792","post","type-post","status-publish","format-standard","has-post-thumbnail","hentry","category-uncategorized"],"jetpack_featured_media_url":"https:\/\/i0.wp.com\/apan.gob.mx\/portal\/wp-content\/uploads\/2025\/12\/555746885_122176634966523619_521576280274990517_n.jpg?fit=2048%2C1365&ssl=1","jetpack_sharing_enabled":true,"_links":{"self":[{"href":"https:\/\/apan.gob.mx\/portal\/wp-json\/wp\/v2\/posts\/31792","targetHints":{"allow":["GET"]}}],"collection":[{"href":"https:\/\/apan.gob.mx\/portal\/wp-json\/wp\/v2\/posts"}],"about":[{"href":"https:\/\/apan.gob.mx\/portal\/wp-json\/wp\/v2\/types\/post"}],"author":[{"embeddable":true,"href":"https:\/\/apan.gob.mx\/portal\/wp-json\/wp\/v2\/users\/4"}],"replies":[{"embeddable":true,"href":"https:\/\/apan.gob.mx\/portal\/wp-json\/wp\/v2\/comments?post=31792"}],"version-history":[{"count":1,"href":"https:\/\/apan.gob.mx\/portal\/wp-json\/wp\/v2\/posts\/31792\/revisions"}],"predecessor-version":[{"id":31799,"href":"https:\/\/apan.gob.mx\/portal\/wp-json\/wp\/v2\/posts\/31792\/revisions\/31799"}],"wp:featuredmedia":[{"embeddable":true,"href":"https:\/\/apan.gob.mx\/portal\/wp-json\/wp\/v2\/media\/31793"}],"wp:attachment":[{"href":"https:\/\/apan.gob.mx\/portal\/wp-json\/wp\/v2\/media?parent=31792"}],"wp:term":[{"taxonomy":"category","embeddable":true,"href":"https:\/\/apan.gob.mx\/portal\/wp-json\/wp\/v2\/categories?post=31792"},{"taxonomy":"post_tag","embeddable":true,"href":"https:\/\/apan.gob.mx\/portal\/wp-json\/wp\/v2\/tags?post=31792"}],"curies":[{"name":"wp","href":"https:\/\/api.w.org\/{rel}","templated":true}]}}