{"id":31805,"date":"2025-09-29T13:05:55","date_gmt":"2025-09-29T19:05:55","guid":{"rendered":"https:\/\/apan.gob.mx\/portal\/?p=31805"},"modified":"2025-12-15T13:11:15","modified_gmt":"2025-12-15T19:11:15","slug":"apan-conmemora-el-dia-nacional-del-maiz-en-el-2o-encuentro-de-comunidad-por-los-humedales","status":"publish","type":"post","link":"https:\/\/apan.gob.mx\/portal\/2025\/09\/29\/apan-conmemora-el-dia-nacional-del-maiz-en-el-2o-encuentro-de-comunidad-por-los-humedales\/","title":{"rendered":"Apan conmemora el D\u00eda Nacional del Ma\u00edz en el 2\u00ba Encuentro de Comunidad por los Humedales"},"content":{"rendered":"\n<p>El Gobierno Municipal de Apan conmemor\u00f3 el <strong>D\u00eda Nacional del Ma\u00edz<\/strong> en el marco del <strong>2\u00ba Encuentro de Comunidad por los Humedales<\/strong>, realizado en el <strong>Auditorio de Cocinillas<\/strong>, con una jornada integral que reuni\u00f3 actividades art\u00edsticas, culturales, gastron\u00f3micas y productivas, enfocadas en la preservaci\u00f3n y el cuidado de la <strong>Laguna de Tecocomulco<\/strong>.<\/p>\n\n\n\n<div class=\"wp-block-columns is-not-stacked-on-mobile is-layout-flex wp-container-core-columns-is-layout-28f84493 wp-block-columns-is-layout-flex\">\n<div class=\"wp-block-column is-layout-flow wp-block-column-is-layout-flow\">\n<figure class=\"wp-block-image size-large\"><img data-recalc-dims=\"1\" fetchpriority=\"high\" decoding=\"async\" width=\"1024\" height=\"683\" src=\"https:\/\/i0.wp.com\/apan.gob.mx\/portal\/wp-content\/uploads\/2025\/12\/555931308_122177009564523619_8002083345264460128_n.jpg?resize=1024%2C683&#038;ssl=1\" alt=\"\" class=\"wp-image-31807\" srcset=\"https:\/\/i0.wp.com\/apan.gob.mx\/portal\/wp-content\/uploads\/2025\/12\/555931308_122177009564523619_8002083345264460128_n.jpg?resize=1024%2C683&amp;ssl=1 1024w, https:\/\/i0.wp.com\/apan.gob.mx\/portal\/wp-content\/uploads\/2025\/12\/555931308_122177009564523619_8002083345264460128_n.jpg?resize=300%2C200&amp;ssl=1 300w, https:\/\/i0.wp.com\/apan.gob.mx\/portal\/wp-content\/uploads\/2025\/12\/555931308_122177009564523619_8002083345264460128_n.jpg?resize=768%2C512&amp;ssl=1 768w, https:\/\/i0.wp.com\/apan.gob.mx\/portal\/wp-content\/uploads\/2025\/12\/555931308_122177009564523619_8002083345264460128_n.jpg?resize=1536%2C1024&amp;ssl=1 1536w, https:\/\/i0.wp.com\/apan.gob.mx\/portal\/wp-content\/uploads\/2025\/12\/555931308_122177009564523619_8002083345264460128_n.jpg?w=2048&amp;ssl=1 2048w\" sizes=\"(max-width: 1000px) 100vw, 1000px\" \/><\/figure>\n<\/div>\n\n\n\n<div class=\"wp-block-column is-layout-flow wp-block-column-is-layout-flow\">\n<figure class=\"wp-block-image size-large\"><img data-recalc-dims=\"1\" decoding=\"async\" width=\"1024\" height=\"683\" src=\"https:\/\/i0.wp.com\/apan.gob.mx\/portal\/wp-content\/uploads\/2025\/12\/555963562_122177009870523619_5252806579183606132_n.jpg?resize=1024%2C683&#038;ssl=1\" alt=\"\" class=\"wp-image-31808\" srcset=\"https:\/\/i0.wp.com\/apan.gob.mx\/portal\/wp-content\/uploads\/2025\/12\/555963562_122177009870523619_5252806579183606132_n.jpg?resize=1024%2C683&amp;ssl=1 1024w, https:\/\/i0.wp.com\/apan.gob.mx\/portal\/wp-content\/uploads\/2025\/12\/555963562_122177009870523619_5252806579183606132_n.jpg?resize=300%2C200&amp;ssl=1 300w, https:\/\/i0.wp.com\/apan.gob.mx\/portal\/wp-content\/uploads\/2025\/12\/555963562_122177009870523619_5252806579183606132_n.jpg?resize=768%2C512&amp;ssl=1 768w, https:\/\/i0.wp.com\/apan.gob.mx\/portal\/wp-content\/uploads\/2025\/12\/555963562_122177009870523619_5252806579183606132_n.jpg?resize=1536%2C1024&amp;ssl=1 1536w, https:\/\/i0.wp.com\/apan.gob.mx\/portal\/wp-content\/uploads\/2025\/12\/555963562_122177009870523619_5252806579183606132_n.jpg?w=2048&amp;ssl=1 2048w\" sizes=\"(max-width: 1000px) 100vw, 1000px\" \/><\/figure>\n<\/div>\n<\/div>\n\n\n\n<p>En este importante evento particip\u00f3 la <strong>Dra. Zorayda Robles, presidenta municipal de Apan<\/strong>, acompa\u00f1ada de integrantes de la sociedad civil y de escuelas invitadas, quienes llevaron a cabo din\u00e1micas y actividades dirigidas a ni\u00f1as y ni\u00f1os, con el objetivo de fomentar la conciencia ambiental y el respeto por nuestros recursos naturales desde temprana edad.<\/p>\n\n\n\n<p>Como parte de la jornada, la <strong>Universidad Aut\u00f3noma del Estado de Hidalgo (UAEH)<\/strong> brind\u00f3 una <strong>Jornada M\u00e9dica<\/strong>, ofreciendo servicios de psicolog\u00eda, nutrici\u00f3n, atenci\u00f3n m\u00e9dica b\u00e1sica y entrega de lentes, acercando beneficios directos a las y los asistentes y fortaleciendo el enfoque social del evento.<\/p>\n\n\n\n<div class=\"wp-block-columns is-not-stacked-on-mobile is-layout-flex wp-container-core-columns-is-layout-28f84493 wp-block-columns-is-layout-flex\">\n<div class=\"wp-block-column is-layout-flow wp-block-column-is-layout-flow\">\n<figure class=\"wp-block-image size-large\"><img data-recalc-dims=\"1\" decoding=\"async\" width=\"1024\" height=\"683\" src=\"https:\/\/i0.wp.com\/apan.gob.mx\/portal\/wp-content\/uploads\/2025\/12\/555665180_122177009822523619_2722691702275417471_n.jpg?resize=1024%2C683&#038;ssl=1\" alt=\"\" class=\"wp-image-31809\" srcset=\"https:\/\/i0.wp.com\/apan.gob.mx\/portal\/wp-content\/uploads\/2025\/12\/555665180_122177009822523619_2722691702275417471_n.jpg?resize=1024%2C683&amp;ssl=1 1024w, https:\/\/i0.wp.com\/apan.gob.mx\/portal\/wp-content\/uploads\/2025\/12\/555665180_122177009822523619_2722691702275417471_n.jpg?resize=300%2C200&amp;ssl=1 300w, https:\/\/i0.wp.com\/apan.gob.mx\/portal\/wp-content\/uploads\/2025\/12\/555665180_122177009822523619_2722691702275417471_n.jpg?resize=768%2C512&amp;ssl=1 768w, https:\/\/i0.wp.com\/apan.gob.mx\/portal\/wp-content\/uploads\/2025\/12\/555665180_122177009822523619_2722691702275417471_n.jpg?resize=1536%2C1024&amp;ssl=1 1536w, https:\/\/i0.wp.com\/apan.gob.mx\/portal\/wp-content\/uploads\/2025\/12\/555665180_122177009822523619_2722691702275417471_n.jpg?w=2048&amp;ssl=1 2048w\" sizes=\"(max-width: 1000px) 100vw, 1000px\" \/><\/figure>\n<\/div>\n\n\n\n<div class=\"wp-block-column is-layout-flow wp-block-column-is-layout-flow\">\n<figure class=\"wp-block-image size-large\"><img data-recalc-dims=\"1\" loading=\"lazy\" decoding=\"async\" width=\"1024\" height=\"683\" src=\"https:\/\/i0.wp.com\/apan.gob.mx\/portal\/wp-content\/uploads\/2025\/12\/557550240_122177009342523619_2304168444937692841_n.jpg?resize=1024%2C683&#038;ssl=1\" alt=\"\" class=\"wp-image-31810\" srcset=\"https:\/\/i0.wp.com\/apan.gob.mx\/portal\/wp-content\/uploads\/2025\/12\/557550240_122177009342523619_2304168444937692841_n.jpg?resize=1024%2C683&amp;ssl=1 1024w, https:\/\/i0.wp.com\/apan.gob.mx\/portal\/wp-content\/uploads\/2025\/12\/557550240_122177009342523619_2304168444937692841_n.jpg?resize=300%2C200&amp;ssl=1 300w, https:\/\/i0.wp.com\/apan.gob.mx\/portal\/wp-content\/uploads\/2025\/12\/557550240_122177009342523619_2304168444937692841_n.jpg?resize=768%2C512&amp;ssl=1 768w, https:\/\/i0.wp.com\/apan.gob.mx\/portal\/wp-content\/uploads\/2025\/12\/557550240_122177009342523619_2304168444937692841_n.jpg?resize=1536%2C1024&amp;ssl=1 1536w, https:\/\/i0.wp.com\/apan.gob.mx\/portal\/wp-content\/uploads\/2025\/12\/557550240_122177009342523619_2304168444937692841_n.jpg?w=2048&amp;ssl=1 2048w\" sizes=\"(max-width: 1000px) 100vw, 1000px\" \/><\/figure>\n<\/div>\n<\/div>\n\n\n\n<p>El Gobierno Municipal de Apan reconoce y agradece de manera especial a la <strong>Sociedad Cooperativa de Emprendedores<\/strong> por su valioso apoyo para la realizaci\u00f3n de esta actividad, que permiti\u00f3 integrar a diversos sectores en favor del medio ambiente y la comunidad.<\/p>\n\n\n\n<p>Esta celebraci\u00f3n represent\u00f3 un espacio de encuentro que uni\u00f3 tradiciones, educaci\u00f3n y participaci\u00f3n social, reafirmando la importancia de preservar nuestra tierra, nuestra cultura y los recursos naturales que dan identidad y sustento a las comunidades de Apan.<\/p>\n","protected":false},"excerpt":{"rendered":"<p>El Gobierno Municipal de Apan conmemor\u00f3 el D\u00eda Nacional del Ma\u00edz en el marco del 2\u00ba Encuentro de Comunidad por los Humedales, realizado en el Auditorio de Cocinillas, con una jornada integral que reuni\u00f3 actividades art\u00edsticas, culturales, gastron\u00f3micas y productivas, enfocadas en la preservaci\u00f3n y el cuidado de la Laguna de Tecocomulco. En este importante [&hellip;]<\/p>\n","protected":false},"author":4,"featured_media":31806,"comment_status":"closed","ping_status":"closed","sticky":false,"template":"","format":"standard","meta":{"_jetpack_memberships_contains_paid_content":false,"footnotes":""},"categories":[1],"tags":[],"class_list":["post-31805","post","type-post","status-publish","format-standard","has-post-thumbnail","hentry","category-uncategorized"],"jetpack_featured_media_url":"https:\/\/i0.wp.com\/apan.gob.mx\/portal\/wp-content\/uploads\/2025\/12\/557585825_122177009042523619_670216289847026335_n.jpg?fit=2048%2C1365&ssl=1","jetpack_sharing_enabled":true,"_links":{"self":[{"href":"https:\/\/apan.gob.mx\/portal\/wp-json\/wp\/v2\/posts\/31805","targetHints":{"allow":["GET"]}}],"collection":[{"href":"https:\/\/apan.gob.mx\/portal\/wp-json\/wp\/v2\/posts"}],"about":[{"href":"https:\/\/apan.gob.mx\/portal\/wp-json\/wp\/v2\/types\/post"}],"author":[{"embeddable":true,"href":"https:\/\/apan.gob.mx\/portal\/wp-json\/wp\/v2\/users\/4"}],"replies":[{"embeddable":true,"href":"https:\/\/apan.gob.mx\/portal\/wp-json\/wp\/v2\/comments?post=31805"}],"version-history":[{"count":1,"href":"https:\/\/apan.gob.mx\/portal\/wp-json\/wp\/v2\/posts\/31805\/revisions"}],"predecessor-version":[{"id":31811,"href":"https:\/\/apan.gob.mx\/portal\/wp-json\/wp\/v2\/posts\/31805\/revisions\/31811"}],"wp:featuredmedia":[{"embeddable":true,"href":"https:\/\/apan.gob.mx\/portal\/wp-json\/wp\/v2\/media\/31806"}],"wp:attachment":[{"href":"https:\/\/apan.gob.mx\/portal\/wp-json\/wp\/v2\/media?parent=31805"}],"wp:term":[{"taxonomy":"category","embeddable":true,"href":"https:\/\/apan.gob.mx\/portal\/wp-json\/wp\/v2\/categories?post=31805"},{"taxonomy":"post_tag","embeddable":true,"href":"https:\/\/apan.gob.mx\/portal\/wp-json\/wp\/v2\/tags?post=31805"}],"curies":[{"name":"wp","href":"https:\/\/api.w.org\/{rel}","templated":true}]}}